{"id":15114,"date":"2020-11-14T09:46:26","date_gmt":"2020-11-14T07:46:26","guid":{"rendered":"https:\/\/mnlr.ro\/?p=15114"},"modified":"2020-11-14T09:47:49","modified_gmt":"2020-11-14T07:47:49","slug":"noaptea-muzeelor-la-casa-memoriala-liviu-rebreanu-si-fanny-liviu-rebreanu","status":"publish","type":"post","link":"https:\/\/mnlr.ro\/en\/noaptea-muzeelor-la-casa-memoriala-liviu-rebreanu-si-fanny-liviu-rebreanu\/","title":{"rendered":"Noaptea muzeelor la Casa Memorial\u0103 \u201eLiviu Rebreanu \u0219i Fanny Liviu Rebreanu\u201d"},"content":{"rendered":"<p>Casa Memorial\u0103 \u201eLiviu Rebreanu \u0219i Fanny Liviu Rebreanu\u201d este, practic, un muzeu de art\u0103 plastic\u0103 \u00een care se reg\u0103sesc aproape to\u021bi marii pictori \u0219i sculptori de la noi, cum ar fi Theodor Pallady, Jean Steriadi, Camil Ressu, Iosif Iser, Nicolae D\u0103r\u0103scu, Oscar Han, Ion Jalea, \u0219.a. \u00cen afar\u0103 de colec\u021bia impresionant\u0103 de art\u0103 plastic\u0103, patrimoniul casei con\u021bine \u0219i obiecte, acte, manuscrise, coresponden\u021b\u0103, costume populare, icoane, mobilier de colec\u021bie (Biedermeier, \u201eSz\u00e9kely \u015fi R\u00e9ti\u201d etc.), l\u0103zi de zestre, ceramic\u0103 \u0219.a. Casa ne prezint\u0103 diverse aspecte ale vie\u021bii familiei Rebreanu, \u0219tiute (faptul c\u0103 Rebreanu era un mare consumator de cafea \u0219i de tutun, pasiunea pentru scris \u0219i citit, dragostea, adora\u021bia \u0219i r\u0103sf\u0103\u021bul de care au avut parte Fanny \u0219i Puia din partea lui Liviu Rebreanu etc.) \u0219i mai pu\u021bin \u0219tiute (faptul c\u0103 Rebreanu era un gospodar des\u0103v\u00e2r\u0219it \u0219i un pasionat gr\u0103dinar, pasiunea pentru v\u00e2n\u0103toare sau pentru automobilism, colec\u021bionarea de icoane tradi\u021bionale din Transilvania etc.). Multe din obiectele de aici ne relev\u0103 inclusiv procesul creator, sursele de inspira\u021bie, obiceiurile, stilul \u0219i orarul de lucru al lui Liviu Rebreanu (ex: biroul \u0219i instrumentele de scris, colec\u021bia de ibrice pentru cafea, schi\u021ba casei lui Ion al Glaneta\u0219ului f\u0103cut\u0103 de Rebreanu sau bucata de lemn provenit\u0103 din sp\u00e2nzur\u0103toarea cu care a fost executat fratele s\u0103u Emil, cel a c\u0103rui poveste o reg\u0103sim \u00een P\u0103durea Sp\u00e2nzura\u021bilor etc.).<\/p>\n<p>Text de Adrian David<\/p>\n<p>Foto: Arhiva Casei Memoriale \u201eLiviu \u0219i Fanny Liviu Rebreanu\u201d<\/p>\n<p>Program de vizitare de Noaptea Muzeelor Casele Memoriale ale MNLR: 09.00 \u2013 17.00<\/p>\n<p>(ora anun\u0163at\u0103 pentru \u00eenchidere reprezent\u00e2nd ora de intrare a ultimului vizitator)<\/p>\n<p>Adres\u0103: Bulevardul Prof. Dr. Ghe. Marinescu 19, Bucure\u0219ti<\/p>\n<p>Pentru program\u0103ri, v\u0103 rug\u0103m s\u0103 ne scrie\u021bi pe adresa case.memoriale@mnlr.ro sau s\u0103 ne suna\u021bi la num\u0103rul de telefon 0731 003 022<\/p>\n<p>Acces: gratuit<\/p>\n<p>Program on-line de tururi ghidate pagin\u0103 de Facebook a MNLR: 16.00 \u2013 20.00<\/p>\n<p>\u00cen condi\u021biile extraordinare pe care le tr\u0103im cu to\u021bii, S\u0103rb\u0103toarea European\u0103 a Muzeelor &#8211; preg\u0103tit\u0103 anul acesta \u00een 14 noiembrie \u0219i \u00een \u021bara noastr\u0103 &#8211; este marcat\u0103 de Europa FM \u0219i Noaptea muzeelor \u0219i printr-o serie de tablete despre fe\u021bele nev\u0103zute ale muzeelor din Rom\u00e2nia. A\u0219adar, \u00een fiecare sear\u0103, de luni p\u00e2n\u0103 vineri, vom descoperi c\u00e2te un nou muzeu fascinat, care a\u0219teapt\u0103 s\u0103 fie \u00een\u021beles \u0219i admirat. \u00cen 14 noiembrie 2020,<\/p>\n<p>Noaptea muzeelor<\/p>\n<p>propune publicului la nivel na\u021bional activit\u0103\u021bi muzeale, instala\u021bii de art\u0103, produc\u021bii video dedicate sau proiecte culturale organizate, \u00een m\u0103sura \u00een care va fi posibil, \u00een muzee sau spa\u021bii alternative, dar, mai ales, \u00een mediul virtual. \u00cen contextul pandemiei, evenimentele \u0219i expozi\u021biile din muzee sau spa\u021bii culturale din toat\u0103 \u021bara se vor desf\u0103\u0219ura cu respectarea normelor \u0219i recomand\u0103rilor oficiale aflate \u00een vigoare \u00een fiecare localitate. Mai multe detalii despre organizarea Nop\u021bii Muzeelor 2020 g\u0103si\u021bi pe <a href=\"https:\/\/l.facebook.com\/l.php?u=https%3A%2F%2Fnoapteamuzeelor.org%2F%3Ffbclid%3DIwAR1cUOqktFsgbSfcSMfKqeWlC7acfhILVyIpsnYJ9iyPetZmZ-fLZM2MNHo&amp;h=AT2FtuKRhof3XTdB7wc4P6cdCey_H2UWxOsiNDmr3LLQLoMCU2YzPaRXx_taQqWjIN38wD1kafjMtvFZiJndem3T5gPiT27Vb5CDneC8cK6rNZomN21OF3rLrB2SJq2yc8rt3cgC0Wzwae4cVEw&amp;__tn__=-UK-R&amp;c%5b0%5d=AT3n-x_mcHXnd_t5Q3_OumGbRml9L_wb8YGjUBxHmV5nPAIvx_4UtvEEEzEOtDgEyTdxPB0cr0dmuaefgq1IgGKvc8GAJmt_5sg5XAYwwa1QOdy56IjJ7mxf_kA6rU3iAK0NSNkwmsp-TqZ1-wYanBDWmuyPedrBwaK7JKHi4Oz2GvX9uWjViRysegmzCU03NcaVrQf09ufU8wnP1-mI6ZE\">https:\/\/noapteamuzeelor.org\/<\/a><\/p>\n<p>\u00cen 14 noiembrie, \u00een intervalul 16.00 \u2013 20.00, Muzeul Na\u021bional al Literaturii Rom\u00e2ne a preg\u0103tit de S\u0103rb\u0103toarea European\u0103 a Muzeelor tururi de vizitare ghidate sau folosind aplica\u021bia MNLR la expozi\u021bia de baz\u0103 din Strada Nicolae Cre\u021bulescu 8 \u0219i on-line la Casele memoriale de sub umbrela MNLR (\u201eTudor Arghezi \u2013 M\u0103r\u021bi\u0219or\u201d, \u201eGeorge \u0219i Agatha Bacovia\u201d, \u201eIon Minulescu \u0219i Claudia Millian\u201d, \u201eLiviu \u0219i Fanny Liviu Rebreanu\u201d, \u201eAnton Pann\u201d), pe care v\u0103 a\u0219tept\u0103m s\u0103 le descoperi\u021bi pe site-ul: <a href=\"https:\/\/l.facebook.com\/l.php?u=https%3A%2F%2Fmnlr.ro%2Fcase-memoriale%2F%3Ffbclid%3DIwAR2BCvhyb6QLAyByZf1OZ_Ah32HaxywX5fwb0xOlzAVhwwuWg36kWf2nZNM&amp;h=AT09YqTjwD-GvM3k68zMfEf9XtjBRHE6nJKP20II1BT4X1ybKNiCA1Oo46NxRZQZ820e7QI6dtQW0nCYQmcrbQRCCp6aNzy27TFHM-AnwSLrHjYK-mb9KQG1RBg-e3laCB1rP8Zm7A8Q7-eckQE&amp;__tn__=-UK-R&amp;c%5b0%5d=AT3n-x_mcHXnd_t5Q3_OumGbRml9L_wb8YGjUBxHmV5nPAIvx_4UtvEEEzEOtDgEyTdxPB0cr0dmuaefgq1IgGKvc8GAJmt_5sg5XAYwwa1QOdy56IjJ7mxf_kA6rU3iAK0NSNkwmsp-TqZ1-wYanBDWmuyPedrBwaK7JKHi4Oz2GvX9uWjViRysegmzCU03NcaVrQf09ufU8wnP1-mI6ZE\">https:\/\/mnlr.ro\/case-memoriale\/<\/a> \u0219i pe pagina de Facebook.<\/p>\n<p>&nbsp;<\/p>","protected":false},"excerpt":{"rendered":"<p>Casa Memorial\u0103 \u201eLiviu Rebreanu \u0219i Fanny Liviu Rebreanu\u201d este, practic, un muzeu de art\u0103 plastic\u0103 \u00een care se reg\u0103sesc aproape&#8230;<\/p>","protected":false},"author":8,"featured_media":15115,"comment_status":"closed","ping_status":"closed","sticky":false,"template":"","format":"standard","meta":{"_exactmetrics_skip_tracking":false,"_exactmetrics_sitenote_active":false,"_exactmetrics_sitenote_note":"","_exactmetrics_sitenote_category":0,"footnotes":""},"categories":[9,52,8],"tags":[],"class_list":["post-15114","post","type-post","status-publish","format-standard","has-post-thumbnail","hentry","category-evenimente","category-evenimente-on-line","category-recomandari"],"_links":{"self":[{"href":"https:\/\/mnlr.ro\/en\/wp-json\/wp\/v2\/posts\/15114","targetHints":{"allow":["GET"]}}],"collection":[{"href":"https:\/\/mnlr.ro\/en\/wp-json\/wp\/v2\/posts"}],"about":[{"href":"https:\/\/mnlr.ro\/en\/wp-json\/wp\/v2\/types\/post"}],"author":[{"embeddable":true,"href":"https:\/\/mnlr.ro\/en\/wp-json\/wp\/v2\/users\/8"}],"replies":[{"embeddable":true,"href":"https:\/\/mnlr.ro\/en\/wp-json\/wp\/v2\/comments?post=15114"}],"version-history":[{"count":2,"href":"https:\/\/mnlr.ro\/en\/wp-json\/wp\/v2\/posts\/15114\/revisions"}],"predecessor-version":[{"id":15117,"href":"https:\/\/mnlr.ro\/en\/wp-json\/wp\/v2\/posts\/15114\/revisions\/15117"}],"wp:featuredmedia":[{"embeddable":true,"href":"https:\/\/mnlr.ro\/en\/wp-json\/wp\/v2\/media\/15115"}],"wp:attachment":[{"href":"https:\/\/mnlr.ro\/en\/wp-json\/wp\/v2\/media?parent=15114"}],"wp:term":[{"taxonomy":"category","embeddable":true,"href":"https:\/\/mnlr.ro\/en\/wp-json\/wp\/v2\/categories?post=15114"},{"taxonomy":"post_tag","embeddable":true,"href":"https:\/\/mnlr.ro\/en\/wp-json\/wp\/v2\/tags?post=15114"}],"curies":[{"name":"wp","href":"https:\/\/api.w.org\/{rel}","templated":true}]}}