{"id":15314,"date":"2020-11-30T12:08:30","date_gmt":"2020-11-30T10:08:30","guid":{"rendered":"https:\/\/mnlr.ro\/?p=15314"},"modified":"2020-12-01T12:38:50","modified_gmt":"2020-12-01T10:38:50","slug":"1-decembrie-la-muzeul-national-al-literaturii-romane","status":"publish","type":"post","link":"https:\/\/mnlr.ro\/en\/1-decembrie-la-muzeul-national-al-literaturii-romane\/","title":{"rendered":"1 Decembrie la Muzeul Na\u021bional al Literaturii Rom\u00e2ne"},"content":{"rendered":"<table width=\"100%\">\n<tbody>\n<tr>\n<td>\n<table>\n<tbody>\n<tr>\n<td width=\"564\"><\/td>\n<\/tr>\n<\/tbody>\n<\/table>\n<\/td>\n<\/tr>\n<\/tbody>\n<\/table>\n<p>Mar\u021bi, 1 decembrie 2020, Muzeul Na\u021bional al Literaturii Rom\u00e2ne v\u0103 propune s\u0103 vizita\u021bi Expozi\u021bia de baz\u0103 a acestuia, situat\u0103 \u00een Str. Nicolae\u00a0Cre\u021bulescu 8, \u0219i Casele Memoriale ale MNLR gratuit. Expozi\u021biile temporare prezentate de MNLR \u00een sediul din Calea Grivi\u021bei 64-66 vor fi \u00eenchise luni \u0219i mar\u021bi \u0219i vor putea fi vizitate din nou \u00eencep\u00e2nd de miercuri, 2 decembrie 2020.<\/p>\n<p>Muzeografii expozi\u021biei de baz\u0103 (strada Nicolae Cre\u021bulescu 8) v-au preg\u0103tit o explorare deosebit\u0103 a spa\u021biului expozi\u021bional printr-un ghidaj tematic dedicat anului 1918, parcurg\u00e2nd toate cele patru nivele ale muzeului cu o hart\u0103 imaginar\u0103, care puncteaz\u0103 principalele momente ale literaturii noastre. Dar ce s-a petrecut, de fapt, \u00een acest an at\u00e2t de complicat \u0219i de important \u00een via\u021ba scriitorilor rom\u00e2ni? Lucian Blaga se \u00eentoarce de la Viena \u0219i particip\u0103, \u00eempreun\u0103 cu fratele s\u0103u, Lionel, la Marea Adunare Na\u021bional\u0103; Tudor Arghezi se afl\u0103 la \u00cenchisoarea V\u0103c\u0103re\u0219ti (acea \u201ePoart\u0103 Neagr\u0103\u201d despre care va scrie ulterior); Ioan Slavici este arestat; revista \u201eLiteratorul\u201d \u00ee\u0219i reia apari\u021bia (vom vedea \u0219i consecin\u021bele directe asupra scriitorului Alexandru Macedonski); Ion Barbu public\u0103 prima sa poezie; Top\u00eerceanu este eliberat dup\u0103 doi ani de prizonierat; Tristan Tzara public\u0103 \u201eVingt-cinq po\u00e8mes\u201d \u0219i \u201eManifestului Dada 1918\u201d; Panait Istrati este angajat al fabricii Piccard Pictet \u00eentr-un periplu de c\u00e2\u021biva ani prin Geneva; experien\u021ba ca voluntar\u0103 la Crucea Ro\u0219ie a scriitoarei Hortensia Papadat-Bengescu avea s\u0103 o inspire \u00een scrierea romanului \u201eBalaurul\u201d. Vom discuta despre toate acestea, precum \u0219i despre anii care au premers \u0219i care au succedat anului 1918, mai exact, despre perioada 1916 \u2013 1930, c\u00e2nd avem patru debuturi de excep\u021bie ale poe\u021bilor George Bacovia, Lucian Blaga, Tudor Arghezi \u0219i Ion Barbu. Un bun pretext pentru a dezv\u0103lui c\u00e2teva dintre textele-document \u0219i scrisorile de dragoste de pe front, consemnate \u00een volumul \u201ePrimul R\u0103zboi Mondial \u00een Europa: realitatea literaturii, literatura realit\u0103\u0163ii \/ First World War in Europe: the reality of literature, the literature of reality\u201d, ap\u0103rut la Editura Muzeul Literaturii Rom\u00e2ne, \u00een anul 2019.<\/p>\n<p>&nbsp;<\/p>\n<p>De asemenea, ave\u021bi posibilitatea de a asculta peste 150 de pove\u0219ti ale obiectelor, fragmente literare \u0219i vocile scriitorilor din arhiva Radio Rom\u00e2nia Cultural \u0219i TVR, care v\u0103 sunt accesibile folosind aplica\u021bia MNLR NAV (codul de acces \u00eel pute\u021bi solicita la recep\u021bia muzeului), precum \u0219i o prezentare selfie a expozi\u021biei de baz\u0103: <a href=\"https:\/\/l.facebook.com\/l.php?u=https%3A%2F%2Fmnlr.ro%2Fapp%2Fexpozitia-de-baza%2F%3Ffbclid%3DIwAR2Dxe5Z5kQAfLEzu2ORypOA_kvy3wppMr62P50fVHdMkNEfQ25945us_nY&amp;h=AT0me3WmaR3y93mFFX4qgByTEL-o8lGxmj8yzzXYNBWb7rBuAZVYxuU-cGL5Ljcyzmv7uDUPhky0dor3UvorA2cKGartnT7CnmdxUZamss5RtL-2u42WgLun5TTYQKlP4-IUKoQKWKfiAS9InOA&amp;__tn__=-UK-R&amp;c%5b0%5d=AT2zwpqW00rBF6FIq1Srms3leFeZkFDj7zWR7lOnDXE06CWma1Z93tr2WkddjVaU46IFMtQaZS33dfpgkHb4E5XHGKAlxspxi5LfWiBTXK4-y-kqE08d1Ujgpwpvg98mi07it611TTv82IHQOz2qKgVBOA\">https:\/\/mnlr.ro\/app\/expozitia-de-baza\/<\/a>.<\/p>\n<p>&nbsp;<\/p>\n<p>De 1 Decembrie, Ziua Na\u021bional\u0103 a Rom\u00e2niei, Casa Memorial\u0103 \u201eAnton Pann\u201d r\u0103m\u00e2ne deschis\u0103. Nici nu se putea altfel, av\u00e2nd \u00een vedere c\u0103 a fost casa celui care este recunoscut ca autorul melodiei Imnului nostru na\u021bional, \u201eDe\u0219teapt\u0103-te, rom\u00e2ne!\u201d, un mare patriot \u0219i un adev\u0103rat personaj al unei epoci. Vizita\u021bi-ne \u0219i ve\u021bi descoperi cu aceast\u0103 ocazie lumea minunat\u0103 a celui care a fost Anton Pann, muzician, compozitor, profesor de muzic\u0103 religioas\u0103, scriitor, folclorist \u0219i tipograf. Ve\u021bi descoperi toate aceste calit\u0103\u021bi \u00eentrunite \u00eentr-un singur om, vizit\u00e2nd casa memorial\u0103, un muzeu care recompune modern \u0219i interactiv, prin joc \u0219i c\u00e2ntec, o mare personalitate a secolului al XIX-lea. Instala\u021bii interactive, anima\u021bie \u0219i pove\u0219ti, toate \u00eentr-o cas\u0103 cald\u0103 \u0219i primitoare&#8230; nu ezita\u021bi s\u0103 v\u0103 opri\u021bi pe strada Anton Pann!<\/p>\n<p>&nbsp;<\/p>\n<p>Cu ocazia Zilei Na\u021bionale a Rom\u00e2niei, v\u0103 a\u0219tept\u0103m \u0219i la Casa Memorial\u0103 \u201eTudor Arghezi \u2013 M\u0103r\u021bi\u0219or\u201d unde v-am preg\u0103tit un joc detectivistic: G\u0103se\u0219te obiectul lips\u0103! La intrare, vizitatorii vor primi o hart\u0103 a casei cu toate \u00eenc\u0103perile \u0219i fotografiile acestora. Scopul jocului este de a identifica o serie de obiecte care lipsesc din fotografii, dar sunt prezente \u00een realitate. \u00centr-o cas\u0103 memorial\u0103 fiecare ungher spune o poveste \u0219i fiecare obiect are istoria \u0219i importan\u021ba lui \u00een imaginea de ansamblu a casei.<\/p>\n<p>&nbsp;<\/p>\n<p>Casa Memorial\u0103 \u201eGeorge \u0219i Agatha Bacovia\u201d r\u0103m\u00e2ne \u0219i ea deschis\u0103 publicului. Aceast\u0103 oaz\u0103 de lini\u0219te, acest c\u0103min cald, ce parc\u0103 a \u00eencremenit \u00een timp, v\u0103 va purta prin intermediul pove\u0219tilor c\u0103tre t\u0103r\u00e2mul poeziei, unde ve\u021bi descoperi un altfel de Bacovia, \u00eent\u00e2i de toate omul Bacovia \u0219i mai apoi, poetul. Ce ve\u021bi descoperi? Obiecte personale: piese de mobilier, documente, manuscrise, fotografii, o atmosfer\u0103 autentic\u0103 a perioadei \u00een care familia poetului a locuit aici, universul l\u0103untric al poetului.<\/p>\n<p>&nbsp;<\/p>\n<p>Vizit\u00e2nd Casele Memoriale \u201eIon Minulescu \u0219i Claudia Millian\u201d \u0219i \u201eLiviu Rebreanu \u0219i Fanny Liviu Rebreanu\u201d ve\u021bi descoperi locuri \u0219i piese de patrimoniu care s\u0103 v\u0103 reaminteasc\u0103 de doi mari scriitori rom\u00e2ni contemporani actului Marii Uniri. Ve\u021bi vedea \u0219i ve\u021bi afla cum tr\u0103iau Ion Minulescu, Liviu Rebreanu \u0219i familiile lor, ce pasiuni \u0219i pl\u0103ceri aveau, cum obi\u0219nuiau s\u0103 lucreze la operele lor, ce surse de inspira\u021bie au avut pentru aceste opere, bunurile care i-au ajutat la redactarea propriu-zis\u0103 a scrierilor celor 2 mari scriitori rom\u00e2ni, colec\u021biile impresionante de art\u0103 plastic\u0103 ale acestora \u0219i multe altele.<\/p>\n<p>&nbsp;<\/p>\n<p>V\u0103 a\u0219tept\u0103m cu emo\u021bie, c\u0103ldur\u0103 \u0219i surprize!<\/p>\n<p><strong>\u00a0<\/strong><\/p>","protected":false},"excerpt":{"rendered":"<p>Mar\u021bi, 1 decembrie 2020, Muzeul Na\u021bional al Literaturii Rom\u00e2ne v\u0103 propune s\u0103 vizita\u021bi Expozi\u021bia de baz\u0103 a acestuia, situat\u0103 \u00een&#8230;<\/p>","protected":false},"author":8,"featured_media":15315,"comment_status":"closed","ping_status":"closed","sticky":false,"template":"","format":"standard","meta":{"_exactmetrics_skip_tracking":false,"_exactmetrics_sitenote_active":false,"_exactmetrics_sitenote_note":"","_exactmetrics_sitenote_category":0,"footnotes":""},"categories":[9,52,8],"tags":[],"class_list":["post-15314","post","type-post","status-publish","format-standard","has-post-thumbnail","hentry","category-evenimente","category-evenimente-on-line","category-recomandari"],"_links":{"self":[{"href":"https:\/\/mnlr.ro\/en\/wp-json\/wp\/v2\/posts\/15314","targetHints":{"allow":["GET"]}}],"collection":[{"href":"https:\/\/mnlr.ro\/en\/wp-json\/wp\/v2\/posts"}],"about":[{"href":"https:\/\/mnlr.ro\/en\/wp-json\/wp\/v2\/types\/post"}],"author":[{"embeddable":true,"href":"https:\/\/mnlr.ro\/en\/wp-json\/wp\/v2\/users\/8"}],"replies":[{"embeddable":true,"href":"https:\/\/mnlr.ro\/en\/wp-json\/wp\/v2\/comments?post=15314"}],"version-history":[{"count":4,"href":"https:\/\/mnlr.ro\/en\/wp-json\/wp\/v2\/posts\/15314\/revisions"}],"predecessor-version":[{"id":15327,"href":"https:\/\/mnlr.ro\/en\/wp-json\/wp\/v2\/posts\/15314\/revisions\/15327"}],"wp:featuredmedia":[{"embeddable":true,"href":"https:\/\/mnlr.ro\/en\/wp-json\/wp\/v2\/media\/15315"}],"wp:attachment":[{"href":"https:\/\/mnlr.ro\/en\/wp-json\/wp\/v2\/media?parent=15314"}],"wp:term":[{"taxonomy":"category","embeddable":true,"href":"https:\/\/mnlr.ro\/en\/wp-json\/wp\/v2\/categories?post=15314"},{"taxonomy":"post_tag","embeddable":true,"href":"https:\/\/mnlr.ro\/en\/wp-json\/wp\/v2\/tags?post=15314"}],"curies":[{"name":"wp","href":"https:\/\/api.w.org\/{rel}","templated":true}]}}