{"id":15338,"date":"2020-12-02T17:00:22","date_gmt":"2020-12-02T15:00:22","guid":{"rendered":"https:\/\/mnlr.ro\/?p=15338"},"modified":"2020-12-04T00:27:12","modified_gmt":"2020-12-03T22:27:12","slug":"15338-2","status":"publish","type":"post","link":"https:\/\/mnlr.ro\/en\/15338-2\/","title":{"rendered":"Serile de non-fic\u021biune | \u201eDic\u021bionar subiectiv de cultur\u0103 civic\u0103\u201d de Ciprian Mihali"},"content":{"rendered":"<p style=\"font-weight: 400;\">\u00centre 2012 \u015fi 2016 a fost ambasador al Rom\u00e2niei \u00een Senegal \u015fi \u00een alte \u015fapte state din Africa de Vest, pentru ca, din 2016 p\u00e2n\u0103 \u00een 2020, s\u0103 lucreze la Bruxelles ca director pentru Europa de Vest al Agen\u0163iei Universitare a Francofoniei. Din septembrie 2020, \u00eembog\u0103\u0163it cu toate aceste experien\u0163e ale lumilor astfel descoperite \u015fi tr\u0103ite, s-a \u00eentors la catedr\u0103, reg\u0103sind, \u00eentr-o actualitate rom\u00e2neasc\u0103 tumultuoas\u0103, bucuria nesf\u00e2r\u015fit\u0103 a g\u00e2ndirii critice \u015fi a dialogului public, \u00een compania studen\u0163ilor \u015fi a c\u0103r\u0163ilor de filosofie.<\/p>\n<p style=\"font-weight: 400;\">Ciprian Mihali este invitatul scriitorului \u0219i moderatorului Vasile Ernu la Serile de non-fic\u0163iune. Dezbaterea se va desf\u0103\u0219ura pe marginea c\u0103r\u021bii \u201eDic\u021bionar subiectiv de cultur\u0103 civic\u0103\u201d, de Ciprian Mihali, ap\u0103rut\u0103 la editura Humanitas, \u00een 2020. Al\u0103turi de autor, ne \u00eenso\u021besc Ruxandra Ivan \u0219i C\u0103t\u0103lin Teni\u021b\u0103.<\/p>\n<p><iframe loading=\"lazy\" title=\"Serile de non-fic\u021biune | \u201eDic\u021bionar subiectiv de cultur\u0103 civic\u0103\u201d de Ciprian Mihali\" width=\"500\" height=\"281\" src=\"https:\/\/www.youtube.com\/embed\/SqJySi1tEM4?feature=oembed\" frameborder=\"0\" allow=\"accelerometer; autoplay; clipboard-write; encrypted-media; gyroscope; picture-in-picture; web-share\" referrerpolicy=\"strict-origin-when-cross-origin\" allowfullscreen><\/iframe><\/p>","protected":false},"excerpt":{"rendered":"<p>\u00centre 2012 \u015fi 2016 a fost ambasador al Rom\u00e2niei \u00een Senegal \u015fi \u00een alte \u015fapte state din Africa de Vest,&#8230;<\/p>","protected":false},"author":8,"featured_media":15339,"comment_status":"closed","ping_status":"closed","sticky":false,"template":"","format":"standard","meta":{"_exactmetrics_skip_tracking":false,"_exactmetrics_sitenote_active":false,"_exactmetrics_sitenote_note":"","_exactmetrics_sitenote_category":0,"footnotes":""},"categories":[24,9],"tags":[],"class_list":["post-15338","post","type-post","status-publish","format-standard","has-post-thumbnail","hentry","category-dezbateri-culturale","category-evenimente"],"_links":{"self":[{"href":"https:\/\/mnlr.ro\/en\/wp-json\/wp\/v2\/posts\/15338","targetHints":{"allow":["GET"]}}],"collection":[{"href":"https:\/\/mnlr.ro\/en\/wp-json\/wp\/v2\/posts"}],"about":[{"href":"https:\/\/mnlr.ro\/en\/wp-json\/wp\/v2\/types\/post"}],"author":[{"embeddable":true,"href":"https:\/\/mnlr.ro\/en\/wp-json\/wp\/v2\/users\/8"}],"replies":[{"embeddable":true,"href":"https:\/\/mnlr.ro\/en\/wp-json\/wp\/v2\/comments?post=15338"}],"version-history":[{"count":2,"href":"https:\/\/mnlr.ro\/en\/wp-json\/wp\/v2\/posts\/15338\/revisions"}],"predecessor-version":[{"id":15341,"href":"https:\/\/mnlr.ro\/en\/wp-json\/wp\/v2\/posts\/15338\/revisions\/15341"}],"wp:featuredmedia":[{"embeddable":true,"href":"https:\/\/mnlr.ro\/en\/wp-json\/wp\/v2\/media\/15339"}],"wp:attachment":[{"href":"https:\/\/mnlr.ro\/en\/wp-json\/wp\/v2\/media?parent=15338"}],"wp:term":[{"taxonomy":"category","embeddable":true,"href":"https:\/\/mnlr.ro\/en\/wp-json\/wp\/v2\/categories?post=15338"},{"taxonomy":"post_tag","embeddable":true,"href":"https:\/\/mnlr.ro\/en\/wp-json\/wp\/v2\/tags?post=15338"}],"curies":[{"name":"wp","href":"https:\/\/api.w.org\/{rel}","templated":true}]}}