{"id":15580,"date":"2020-12-21T11:00:04","date_gmt":"2020-12-21T09:00:04","guid":{"rendered":"https:\/\/mnlr.ro\/?p=15580"},"modified":"2020-12-15T09:49:26","modified_gmt":"2020-12-15T07:49:26","slug":"de-bine-de-rau-cosmin-ciotlos-despre-radu-stanca","status":"publish","type":"post","link":"https:\/\/mnlr.ro\/en\/de-bine-de-rau-cosmin-ciotlos-despre-radu-stanca\/","title":{"rendered":"De bine, de r\u0103u | Cosmin Ciotlo\u0219 despre Radu Stanca"},"content":{"rendered":"<p>Radu Stanca nu a apucat s\u0103 publice, p\u00e2n\u0103 la 42 de ani, nimic \u00een volum propriu, a evitat c\u00e2t a putut, a\u0219a cum subliniaz\u0103 criticul literar Cosmin Ciotlo\u0219, s\u0103 lase pe h\u00e2rtie urme ale unei eventuale alunec\u0103ri morale, iar apari\u021bia postum\u0103 avea s\u0103-i \u00eenc\u00e2nte pe criticii anilor &#8217;60. Cel al c\u0103rui nume \u00eel poart\u0103 ast\u0103zi unul dintre cele mai importante teatre din \u021bar\u0103, autor decisiv pentru sensibilitatea rom\u00e2neasc\u0103 a celui de-al cincilea deceniu al secolului trecut, avea s\u0103 fie ulterior consemnat \u00een istoriile unor ilu\u0219tri critici literari.<\/p>\n<p>Despre obsesia maladiv\u0103 a mor\u021bii, despre prietenia extraordinar\u0103 cu I. Negoi\u021bescu, despre dragostea de dincolo de fiin\u021b\u0103 pentru so\u021bia sa, Doti, pute\u021bi urm\u0103ri \u00eentr-un nou episod \u201eDe bine, de r\u0103u\u201d, accesibil aici:<\/p>\n<p><iframe loading=\"lazy\" title=\"Cosmin Ciotlos despre Radu Stanca\" src=\"https:\/\/player.vimeo.com\/video\/486599635?dnt=1&amp;app_id=122963\" width=\"500\" height=\"281\" frameborder=\"0\" allow=\"autoplay; fullscreen; picture-in-picture; clipboard-write\"><\/iframe><\/p>","protected":false},"excerpt":{"rendered":"<p>Radu Stanca nu a apucat s\u0103 publice, p\u00e2n\u0103 la 42 de ani, nimic \u00een volum propriu, a evitat c\u00e2t a&#8230;<\/p>","protected":false},"author":8,"featured_media":14977,"comment_status":"closed","ping_status":"closed","sticky":false,"template":"","format":"standard","meta":{"_exactmetrics_skip_tracking":false,"_exactmetrics_sitenote_active":false,"_exactmetrics_sitenote_note":"","_exactmetrics_sitenote_category":0,"footnotes":""},"categories":[9,52,8],"tags":[],"class_list":["post-15580","post","type-post","status-publish","format-standard","has-post-thumbnail","hentry","category-evenimente","category-evenimente-on-line","category-recomandari"],"_links":{"self":[{"href":"https:\/\/mnlr.ro\/en\/wp-json\/wp\/v2\/posts\/15580","targetHints":{"allow":["GET"]}}],"collection":[{"href":"https:\/\/mnlr.ro\/en\/wp-json\/wp\/v2\/posts"}],"about":[{"href":"https:\/\/mnlr.ro\/en\/wp-json\/wp\/v2\/types\/post"}],"author":[{"embeddable":true,"href":"https:\/\/mnlr.ro\/en\/wp-json\/wp\/v2\/users\/8"}],"replies":[{"embeddable":true,"href":"https:\/\/mnlr.ro\/en\/wp-json\/wp\/v2\/comments?post=15580"}],"version-history":[{"count":1,"href":"https:\/\/mnlr.ro\/en\/wp-json\/wp\/v2\/posts\/15580\/revisions"}],"predecessor-version":[{"id":15581,"href":"https:\/\/mnlr.ro\/en\/wp-json\/wp\/v2\/posts\/15580\/revisions\/15581"}],"wp:featuredmedia":[{"embeddable":true,"href":"https:\/\/mnlr.ro\/en\/wp-json\/wp\/v2\/media\/14977"}],"wp:attachment":[{"href":"https:\/\/mnlr.ro\/en\/wp-json\/wp\/v2\/media?parent=15580"}],"wp:term":[{"taxonomy":"category","embeddable":true,"href":"https:\/\/mnlr.ro\/en\/wp-json\/wp\/v2\/categories?post=15580"},{"taxonomy":"post_tag","embeddable":true,"href":"https:\/\/mnlr.ro\/en\/wp-json\/wp\/v2\/tags?post=15580"}],"curies":[{"name":"wp","href":"https:\/\/api.w.org\/{rel}","templated":true}]}}