{"id":15682,"date":"2020-12-28T13:47:39","date_gmt":"2020-12-28T11:47:39","guid":{"rendered":"https:\/\/mnlr.ro\/?p=15682"},"modified":"2020-12-28T13:48:29","modified_gmt":"2020-12-28T11:48:29","slug":"avangarda-romaneasca-avangarda-europeana-prezentare-de-iuliana-miu","status":"publish","type":"post","link":"https:\/\/mnlr.ro\/en\/avangarda-romaneasca-avangarda-europeana-prezentare-de-iuliana-miu\/","title":{"rendered":"Avangarda rom\u00e2neasc\u0103 \u2013 Avangard\u0103 european\u0103 | Prezentare de Iuliana Miu"},"content":{"rendered":"<p>P\u00e2n\u0103 \u00een 12 ianuarie 2021, MNLR v\u0103 a\u0219teapt\u0103 \u00een Bucure\u0219ti Mall Vitan (Calea Vitan 55-59) s\u0103 vizita\u021bi \u201eAvangarda rom\u00e2neasc\u0103 \u2013 Avangard\u0103 european\u0103\u201d, prima expozi\u021bie organizat\u0103 \u00eentr-un centru comercial din Rom\u00e2nia, dedicat\u0103 mi\u0219c\u0103rii literare \u0219i artistice ini\u021biate de Tristan Tzara, la Z\u00fcrich, \u00een 1916. Pentru a v\u0103 convinge de farmecul \u0219i originalitatea acestei lumi aparte, \u00een care se contopesc umorul, parodicul \u0219i desenul original, v\u0103 invit\u0103m s\u0103 viziona\u021bi prezentarea Iulianei Miu, doctor \u00een filologie al Universit\u0103\u021bii din Bucure\u0219ti. Iuliana Miu a ob\u021binut o burs\u0103 la Academia Rom\u00e2n\u0103, urm\u00e2nd un stagiu de cercetare la Universit\u00e9 Sorbonne Nouvelle \u2013 Paris 3. A debutat cu poezie \u00een anul 2017, \u00een revista \u201eLuceaf\u0103rul\u201d (nr. 3\/2017). Public\u0103, din 2015, eseuri, poezii \u0219i articole \u0219tiin\u021bifice \u00een reviste de specialitate: \u201eJournal of Romanian Literary Studies\u201d, \u201eCaiete Critice\u201d, \u201eDiversit\u00e9 et Identit\u00e9 Culturelle en Europe\u201d. \u00cen prezent, face parte din echipa Muzeului Na\u021bional al Literaturii Rom\u00e2ne, fiind cercet\u0103tor \u0219i redactor.<\/p>\n<p class=\"p1\"><span class=\"s1\">Prezentare: Iuliana Miu<\/span><\/p>\n<p class=\"p1\"><span class=\"s1\">Filmare \u0219i montaj: Daniel Ciobanu<\/span><\/p>\n<p><iframe loading=\"lazy\" title=\"Prezentarea expozi\u021biei \u201eAvangarda rom\u00e2neasc\u0103 \u2013 Avangard\u0103 european\u0103\u201d\" src=\"https:\/\/player.vimeo.com\/video\/493723060?dnt=1&amp;app_id=122963\" width=\"500\" height=\"281\" frameborder=\"0\" allow=\"autoplay; fullscreen; picture-in-picture; clipboard-write\"><\/iframe><\/p>\n<p class=\"p1\">","protected":false},"excerpt":{"rendered":"<p>P\u00e2n\u0103 \u00een 12 ianuarie 2021, MNLR v\u0103 a\u0219teapt\u0103 \u00een Bucure\u0219ti Mall Vitan (Calea Vitan 55-59) s\u0103 vizita\u021bi \u201eAvangarda rom\u00e2neasc\u0103 \u2013&#8230;<\/p>","protected":false},"author":8,"featured_media":15683,"comment_status":"closed","ping_status":"closed","sticky":false,"template":"","format":"standard","meta":{"_exactmetrics_skip_tracking":false,"_exactmetrics_sitenote_active":false,"_exactmetrics_sitenote_note":"","_exactmetrics_sitenote_category":0,"footnotes":""},"categories":[9],"tags":[],"class_list":["post-15682","post","type-post","status-publish","format-standard","has-post-thumbnail","hentry","category-evenimente"],"_links":{"self":[{"href":"https:\/\/mnlr.ro\/en\/wp-json\/wp\/v2\/posts\/15682","targetHints":{"allow":["GET"]}}],"collection":[{"href":"https:\/\/mnlr.ro\/en\/wp-json\/wp\/v2\/posts"}],"about":[{"href":"https:\/\/mnlr.ro\/en\/wp-json\/wp\/v2\/types\/post"}],"author":[{"embeddable":true,"href":"https:\/\/mnlr.ro\/en\/wp-json\/wp\/v2\/users\/8"}],"replies":[{"embeddable":true,"href":"https:\/\/mnlr.ro\/en\/wp-json\/wp\/v2\/comments?post=15682"}],"version-history":[{"count":2,"href":"https:\/\/mnlr.ro\/en\/wp-json\/wp\/v2\/posts\/15682\/revisions"}],"predecessor-version":[{"id":15686,"href":"https:\/\/mnlr.ro\/en\/wp-json\/wp\/v2\/posts\/15682\/revisions\/15686"}],"wp:featuredmedia":[{"embeddable":true,"href":"https:\/\/mnlr.ro\/en\/wp-json\/wp\/v2\/media\/15683"}],"wp:attachment":[{"href":"https:\/\/mnlr.ro\/en\/wp-json\/wp\/v2\/media?parent=15682"}],"wp:term":[{"taxonomy":"category","embeddable":true,"href":"https:\/\/mnlr.ro\/en\/wp-json\/wp\/v2\/categories?post=15682"},{"taxonomy":"post_tag","embeddable":true,"href":"https:\/\/mnlr.ro\/en\/wp-json\/wp\/v2\/tags?post=15682"}],"curies":[{"name":"wp","href":"https:\/\/api.w.org\/{rel}","templated":true}]}}