{"id":15699,"date":"2020-12-30T11:00:13","date_gmt":"2020-12-30T09:00:13","guid":{"rendered":"https:\/\/mnlr.ro\/?p=15699"},"modified":"2020-12-29T16:39:21","modified_gmt":"2020-12-29T14:39:21","slug":"acad-eugen-simion-despre-marin-sorescu","status":"publish","type":"post","link":"https:\/\/mnlr.ro\/en\/acad-eugen-simion-despre-marin-sorescu\/","title":{"rendered":"Acad. Eugen Simion despre Marin Sorescu"},"content":{"rendered":"<p>Marin Sorescu s-a n\u0103scut \u00eentr-un an bisect, acum 84 de ani, \u00eentr-o zi de 29 februarie. A povestit despre satul s\u0103u natal, Bulze\u0219ti, \u00een \u201eLa Lilieci\u201d, dar \u0219i despre experien\u021ba cazon\u0103 la \u0218coala militar\u0103 din Predeal, la finalul c\u0103reia ajunge s\u0103 fie dat \u00een urm\u0103rire din cauza nepred\u0103rii mantalei. Jurnalul s\u0103u dezv\u0103luie impresiile unui c\u0103l\u0103tor curios \u0219i pasionat \u00een \u021b\u0103ri precum Italia, Anglia, Olanda, Irlanda, Germania, Spania \u0219i Mexic. Piesele sale de teatru s-au jucat pe marile scene din \u021bar\u0103 \u0219i din lume. Poezia sa este unic\u0103, metafizic\u0103, ironic\u0103 \u0219i ludic\u0103. \u00cen colec\u021bia \u201eOpere fundamentale\u201d, publicat\u0103 de Funda\u021bia Na\u021bional\u0103 pentru \u0218tiin\u021b\u0103 \u0219i Art\u0103, au ap\u0103rut dou\u0103 volume ale operei poetice, care \u2013 din punct de vedere al organiz\u0103rii \u2013 sunt \u00een consens cu viziunea \u0219i criteriile autorului: primul porne\u0219te de la parodiile din 1964 \u0219i ajunge p\u00e2n\u0103 la \u201eCeramica\u201d din 1979, iar al doilea volum include traseul s\u0103u poetic de la \u201eTinere\u021bea lui Don Quijote\u201d p\u00e2n\u0103 \u00een 1997, la volumul \u201ePuntea\u201d, cu poeme scrise \u00een ultima perioad\u0103 a vie\u021bii.<\/p>\n<p><iframe loading=\"lazy\" title=\"Acad. Eugen Simion despre Marin Sorescu\" src=\"https:\/\/player.vimeo.com\/video\/495149640?dnt=1&amp;app_id=122963\" width=\"500\" height=\"281\" frameborder=\"0\" allow=\"autoplay; fullscreen; picture-in-picture; clipboard-write\"><\/iframe><\/p>","protected":false},"excerpt":{"rendered":"<p>Marin Sorescu s-a n\u0103scut \u00eentr-un an bisect, acum 84 de ani, \u00eentr-o zi de 29 februarie. A povestit despre satul&#8230;<\/p>","protected":false},"author":8,"featured_media":14593,"comment_status":"closed","ping_status":"closed","sticky":false,"template":"","format":"standard","meta":{"_exactmetrics_skip_tracking":false,"_exactmetrics_sitenote_active":false,"_exactmetrics_sitenote_note":"","_exactmetrics_sitenote_category":0,"footnotes":""},"categories":[9,52,8],"tags":[],"class_list":["post-15699","post","type-post","status-publish","format-standard","has-post-thumbnail","hentry","category-evenimente","category-evenimente-on-line","category-recomandari"],"_links":{"self":[{"href":"https:\/\/mnlr.ro\/en\/wp-json\/wp\/v2\/posts\/15699","targetHints":{"allow":["GET"]}}],"collection":[{"href":"https:\/\/mnlr.ro\/en\/wp-json\/wp\/v2\/posts"}],"about":[{"href":"https:\/\/mnlr.ro\/en\/wp-json\/wp\/v2\/types\/post"}],"author":[{"embeddable":true,"href":"https:\/\/mnlr.ro\/en\/wp-json\/wp\/v2\/users\/8"}],"replies":[{"embeddable":true,"href":"https:\/\/mnlr.ro\/en\/wp-json\/wp\/v2\/comments?post=15699"}],"version-history":[{"count":1,"href":"https:\/\/mnlr.ro\/en\/wp-json\/wp\/v2\/posts\/15699\/revisions"}],"predecessor-version":[{"id":15700,"href":"https:\/\/mnlr.ro\/en\/wp-json\/wp\/v2\/posts\/15699\/revisions\/15700"}],"wp:featuredmedia":[{"embeddable":true,"href":"https:\/\/mnlr.ro\/en\/wp-json\/wp\/v2\/media\/14593"}],"wp:attachment":[{"href":"https:\/\/mnlr.ro\/en\/wp-json\/wp\/v2\/media?parent=15699"}],"wp:term":[{"taxonomy":"category","embeddable":true,"href":"https:\/\/mnlr.ro\/en\/wp-json\/wp\/v2\/categories?post=15699"},{"taxonomy":"post_tag","embeddable":true,"href":"https:\/\/mnlr.ro\/en\/wp-json\/wp\/v2\/tags?post=15699"}],"curies":[{"name":"wp","href":"https:\/\/api.w.org\/{rel}","templated":true}]}}