{"id":15788,"date":"2021-01-07T19:23:05","date_gmt":"2021-01-07T17:23:05","guid":{"rendered":"https:\/\/mnlr.ro\/?p=15788"},"modified":"2021-01-27T10:55:36","modified_gmt":"2021-01-27T08:55:36","slug":"avangarda-romaneasca-avangarda-europeana-expozitie-mnlr-in-plaza-romania","status":"publish","type":"post","link":"https:\/\/mnlr.ro\/en\/avangarda-romaneasca-avangarda-europeana-expozitie-mnlr-in-plaza-romania\/","title":{"rendered":"Avangarda rom\u00e2neasc\u0103 \u2013 Avangard\u0103 european\u0103 | expozi\u021bie MNLR \u00een Plaza Rom\u00e2nia"},"content":{"rendered":"<p><strong>Avangarda rom\u00e2neasc\u0103 <\/strong>\u2013 <strong>Avangard\u0103 european\u0103 | expozi\u021bie MNLR \u00een Plaza Rom\u00e2nia<\/strong><\/p>\n<p>\u201eAvangarda nu e \u2013 o \u0219tim bine \u2013 un modernism pur \u0219i simplu; cum spune \u0219i termenul militar din care provine, ea se vrea mereu <em>\u00een frunte<\/em>, deschiz\u0103toare de drumuri, deta\u0219ament curajos \u0219i viteaz al <em>trupelor<\/em> literaturii \u0219i artei, \u00eenfrunt\u00e2nd primejdii, propun\u00e2nd solu\u021bii \u2013 radicale \u2013 de \u00eenaintare; ofensiv\u0103, a\u0219adar, prin excelen\u021b\u0103, lupt\u0103toare.\u201d (Ion Pop)<\/p>\n<p>Muzeul Na\u021bional al Literaturii Rom\u00e2ne organizeaz\u0103 \u00een parteneriat cu Plaza Rom\u00e2nia (Bulevardul Timi\u0219oara 26) expozi\u021bia <em>Avangarda rom\u00e2neasc\u0103 <\/em><em>\u2013 <\/em><em>Avangard\u0103 european\u0103<\/em>, \u00een perioada 13 \u2013 31 ianuarie 2021.<\/p>\n<p>Avangarda este nega\u021bie, o mi\u0219care efervescent\u0103, o reac\u021bie, o inova\u021bie! Apare \u00een 8 februarie 1916, la Z\u00fcrich, datorit\u0103 unui rom\u00e2n, Tristan Tzara. \u00cempreun\u0103 cu germanul Hugo Ball, care deschisese \u00een ora\u0219ul elve\u021bian \u201eCabaretul Voltaire\u201d, Tzara creeaz\u0103 aici curentul anti-art\u0103. Hugo Ball public\u0103, \u00een 1916, <em>\u0218apte manifeste Dada, <\/em>urmate, doi ani mai t\u00e2rziu, de <em>Manifestul Dada 1918<\/em>, semnat de Tristan Tzara. Scriitorii avangardi\u0219ti se manifest\u0103 \u00eempotriva absurdit\u0103\u021bii r\u0103zboiului, a \u00eengr\u0103dirii libert\u0103\u021bii, a cenzurii \u0219i a prejudec\u0103\u021bilor epocii. Resping sentimentalismul exacerbat din poezie \u0219i orientarea c\u0103tre proza realului imediat, similar\u0103 reportajului, anun\u021b\u00e2nd preferin\u021ba pentru \u201edicteul automat\u201d, asocia\u021biile inventive \u00eentre cuvinte, pentru <em>prozopoeme<\/em>.<\/p>\n<p>Cele 17 panouri expuse \u00een Plaza Rom\u00e2nia v\u0103 invit\u0103 s\u0103 explora\u021bi inven\u021biile plastice \u0219i verbale ale celor mai reprezentativi arti\u0219ti (Marcel Iancu, Victor Brauner) \u0219i scriitori ai avangardei rom\u00e2ne\u0219ti (Tristan Tzara, Gherasim Luca, Sa\u0219a Pan\u0103, Ion Vinea, Ilarie Voronca, Gellu Naum, Benjamin Fondane \u0219i Urmuz), spirite libere \u0219i originale, care au extins expresivitatea artistic\u0103 \u0219i care au contribuit, al\u0103turi de alte mari nume ale spa\u021biului european, la schimbarea major\u0103 a evolu\u021biei artistice a secolului XX.<\/p>\n<p>Expozi\u021bia se reg\u0103se\u0219te la etajul I, \u00een centrul comercial Plaza Rom\u00e2nia (Bulevardul Timi\u0219oara 26) \u0219i poate fi vizitat\u0103 zilnic \u00een intervalul 10.00 \u2013 21.00, p\u00e2n\u0103 \u00een 31 ianuarie 2021.<\/p>\n<p><strong>Pentru informa\u021bii suplimentare legate de conceptul curatorial al expozi\u021biei, precum \u0219i despre activitatea cultural\u0103 a MNLR, v\u0103 rug\u0103m s\u0103 scrie\u021bi un mesaj la <u>programe@mnlr<\/u>.<\/strong><\/p>\n<p>&nbsp;<\/p>","protected":false},"excerpt":{"rendered":"<p>Avangarda rom\u00e2neasc\u0103 \u2013 Avangard\u0103 european\u0103 | expozi\u021bie MNLR \u00een Plaza Rom\u00e2nia \u201eAvangarda nu e \u2013 o \u0219tim bine \u2013 un&#8230;<\/p>","protected":false},"author":8,"featured_media":15789,"comment_status":"closed","ping_status":"closed","sticky":false,"template":"","format":"standard","meta":{"_exactmetrics_skip_tracking":false,"_exactmetrics_sitenote_active":false,"_exactmetrics_sitenote_note":"","_exactmetrics_sitenote_category":0,"footnotes":""},"categories":[9,36],"tags":[],"class_list":["post-15788","post","type-post","status-publish","format-standard","has-post-thumbnail","hentry","category-evenimente","category-expozitii"],"_links":{"self":[{"href":"https:\/\/mnlr.ro\/en\/wp-json\/wp\/v2\/posts\/15788","targetHints":{"allow":["GET"]}}],"collection":[{"href":"https:\/\/mnlr.ro\/en\/wp-json\/wp\/v2\/posts"}],"about":[{"href":"https:\/\/mnlr.ro\/en\/wp-json\/wp\/v2\/types\/post"}],"author":[{"embeddable":true,"href":"https:\/\/mnlr.ro\/en\/wp-json\/wp\/v2\/users\/8"}],"replies":[{"embeddable":true,"href":"https:\/\/mnlr.ro\/en\/wp-json\/wp\/v2\/comments?post=15788"}],"version-history":[{"count":3,"href":"https:\/\/mnlr.ro\/en\/wp-json\/wp\/v2\/posts\/15788\/revisions"}],"predecessor-version":[{"id":15800,"href":"https:\/\/mnlr.ro\/en\/wp-json\/wp\/v2\/posts\/15788\/revisions\/15800"}],"wp:featuredmedia":[{"embeddable":true,"href":"https:\/\/mnlr.ro\/en\/wp-json\/wp\/v2\/media\/15789"}],"wp:attachment":[{"href":"https:\/\/mnlr.ro\/en\/wp-json\/wp\/v2\/media?parent=15788"}],"wp:term":[{"taxonomy":"category","embeddable":true,"href":"https:\/\/mnlr.ro\/en\/wp-json\/wp\/v2\/categories?post=15788"},{"taxonomy":"post_tag","embeddable":true,"href":"https:\/\/mnlr.ro\/en\/wp-json\/wp\/v2\/tags?post=15788"}],"curies":[{"name":"wp","href":"https:\/\/api.w.org\/{rel}","templated":true}]}}