{"id":15808,"date":"2021-01-08T18:06:40","date_gmt":"2021-01-08T16:06:40","guid":{"rendered":"https:\/\/mnlr.ro\/?p=15808"},"modified":"2021-01-27T10:55:17","modified_gmt":"2021-01-27T08:55:17","slug":"scriitori-romani-in-primul-razboi-mondial-o-noua-expozitie-in-bucuresti-mall-vitan","status":"publish","type":"post","link":"https:\/\/mnlr.ro\/en\/scriitori-romani-in-primul-razboi-mondial-o-noua-expozitie-in-bucuresti-mall-vitan\/","title":{"rendered":"Scriitori rom\u00e2ni \u00een Primul R\u0103zboi Mondial | O nou\u0103 expozi\u021bie \u00een Bucure\u0219ti Mall Vitan"},"content":{"rendered":"<p>Expozi\u021bia <em>Scriitori rom\u00e2ni \u00een Primul R\u0103zboi Mondial, <\/em>organizat\u0103 \u00een parteneriat cu Bucure\u0219ti Mall Vitan, \u00een perioada <strong>15 ianuarie \u2013 7 februarie 2021<\/strong>, aduce \u00een aten\u021bia publicului pagini de coresponden\u021b\u0103, de jurnal, fragmente literare ale scriitorilor rom\u00e2ni, reproduceri ale unor lucr\u0103ri de art\u0103 vizual\u0103, precum \u0219i fotografii din perioada primei conflagra\u021bii mondiale.<\/p>\n<p>Printre scriitorii prezenta\u021bi \u00een cadrul expozi\u021biei, \u00eei men\u021bion\u0103m pe Barbu \u0218tef\u0103nescu Delavrancea (orator des\u0103v\u00e2r\u0219it, \u021bine un discurs extraordinar \u00een \u0219edin\u021ba Academiei cu ocazia intr\u0103rii Rom\u00e2niei \u00een Primul R\u0103zboi Mondial), Hortensia Papadat-Bengescu (sor\u0103 de caritate la Crucea Ro\u0219ie), Perpessicius (particip\u0103 la doar 24 de ani la r\u0103zboi, ca sublocotenent, este r\u0103nit grav la m\u00e2na dreapt\u0103, va scrie cu st\u00e2nga pentru tot restul vie\u021bii), Camil Petrescu (ofi\u021ber \u00een armata rom\u00e2n\u0103, salvat de la moarte de basarabeanul Ion Buzdugan, \u00een urma exploziei unui obuz german, \u00ee\u0219i pierde auzul la o ureche pentru \u00eentreaga via\u021b\u0103), Liviu Rebreanu (ofi\u021ber \u00een armata austro-ungar\u0103, dezerteaz\u0103, este dus la \u00cenchisoarea V\u0103c\u0103re\u0219ti), Emil Rebreanu (executat de austro-ungari, pe frontul rom\u00e2nesc), George Top\u00eerceanu (subofi\u021ber de artilerie, este luat prizonier timp de doi ani, relat\u00e2nd trista experien\u021b\u0103 \u00een \u201eAmintiri din luptele de la Turtucaia\u201d) \u015fi Vasile Voiculescu (\u0219i-a asumat misiunea de medic pe front, \u00eengrijind bolnavii \u0219i r\u0103ni\u021bii, dovad\u0103 de mult curaj \u0219i spirit de sacrificiu).<\/p>\n<p>Expozi\u021bia <em>Scriitori rom\u00e2ni \u00een Primul R\u0103zboi Mondial <\/em>a fost g\u0103zduit\u0103 de Institutul Cultural Rom\u00e2n din Viena, de Institutul Cultural Rom\u00e2n \u201eMihai Eminescu\u201d din Chi\u0219in\u0103u, de Academia Bulgar\u0103 de \u0218tiin\u021be (ABS), cu sprijinul Institutului pentru Literatur\u0103 din Sofia.<\/p>\n<p>Expozi\u021bia, situat\u0103 la etajul I, \u00een Bucure\u0219ti Mall Vitan (Calea Vitan 55-59), poate fi vizitat\u0103 zilnic, \u00een intervalul 10.00 \u2013 21.00, p\u00e2n\u0103 \u00een 7 februarie 2021.<\/p>\n<p><strong>Pentru informa\u021bii suplimentare legate de con\u021binutul \u0219i conceptul expozi\u021biei, precum \u0219i despre activitatea cultural\u0103 a MNLR, v\u0103 rug\u0103m s\u0103 scrie\u021bi un mesaj la <u>programe@mnlr<\/u>.<\/strong><\/p>\n<p>&nbsp;<\/p>","protected":false},"excerpt":{"rendered":"<p>Expozi\u021bia Scriitori rom\u00e2ni \u00een Primul R\u0103zboi Mondial, organizat\u0103 \u00een parteneriat cu Bucure\u0219ti Mall Vitan, \u00een perioada 15 ianuarie \u2013 7&#8230;<\/p>","protected":false},"author":8,"featured_media":16012,"comment_status":"closed","ping_status":"closed","sticky":false,"template":"","format":"standard","meta":{"_exactmetrics_skip_tracking":false,"_exactmetrics_sitenote_active":false,"_exactmetrics_sitenote_note":"","_exactmetrics_sitenote_category":0,"footnotes":""},"categories":[9,8],"tags":[],"class_list":["post-15808","post","type-post","status-publish","format-standard","has-post-thumbnail","hentry","category-evenimente","category-recomandari"],"_links":{"self":[{"href":"https:\/\/mnlr.ro\/en\/wp-json\/wp\/v2\/posts\/15808","targetHints":{"allow":["GET"]}}],"collection":[{"href":"https:\/\/mnlr.ro\/en\/wp-json\/wp\/v2\/posts"}],"about":[{"href":"https:\/\/mnlr.ro\/en\/wp-json\/wp\/v2\/types\/post"}],"author":[{"embeddable":true,"href":"https:\/\/mnlr.ro\/en\/wp-json\/wp\/v2\/users\/8"}],"replies":[{"embeddable":true,"href":"https:\/\/mnlr.ro\/en\/wp-json\/wp\/v2\/comments?post=15808"}],"version-history":[{"count":4,"href":"https:\/\/mnlr.ro\/en\/wp-json\/wp\/v2\/posts\/15808\/revisions"}],"predecessor-version":[{"id":15822,"href":"https:\/\/mnlr.ro\/en\/wp-json\/wp\/v2\/posts\/15808\/revisions\/15822"}],"wp:featuredmedia":[{"embeddable":true,"href":"https:\/\/mnlr.ro\/en\/wp-json\/wp\/v2\/media\/16012"}],"wp:attachment":[{"href":"https:\/\/mnlr.ro\/en\/wp-json\/wp\/v2\/media?parent=15808"}],"wp:term":[{"taxonomy":"category","embeddable":true,"href":"https:\/\/mnlr.ro\/en\/wp-json\/wp\/v2\/categories?post=15808"},{"taxonomy":"post_tag","embeddable":true,"href":"https:\/\/mnlr.ro\/en\/wp-json\/wp\/v2\/tags?post=15808"}],"curies":[{"name":"wp","href":"https:\/\/api.w.org\/{rel}","templated":true}]}}