{"id":15865,"date":"2021-01-14T11:05:31","date_gmt":"2021-01-14T09:05:31","guid":{"rendered":"https:\/\/mnlr.ro\/?p=15865"},"modified":"2021-01-27T19:42:08","modified_gmt":"2021-01-27T17:42:08","slug":"zilele-culturii-nationale-la-mnlr-15-31-ianuarie-2021","status":"publish","type":"post","link":"https:\/\/mnlr.ro\/en\/zilele-culturii-nationale-la-mnlr-15-31-ianuarie-2021\/","title":{"rendered":"Zilele Culturii Na\u021bionale la MNLR | 15 &#8211; 31 ianuarie 2021"},"content":{"rendered":"<p>\u00cen fiecare an, s\u0103rb\u0103torim Ziua Culturii Na\u021bionale \u00een 15 ianuarie, dat\u0103 aleas\u0103 special de c\u0103tre autorit\u0103\u021bile rom\u00e2ne, ca semn de pre\u021buire fa\u021b\u0103 de poetul Mihai Eminescu. \u00cen perioada 15 \u2013 31 ianuarie 2021, Muzeul Na\u021bional al Literaturii Rom\u00e2ne, cu sprijinul Ministerului Culturii, organizeaz\u0103 o serie de evenimente on-line \u0219i off-line, dedicate culturii na\u021bionale \u0219i importan\u021bei sale \u00een context european. Programul evenimentelor a fost conceput pentru a acoperi o palet\u0103 larg\u0103 de domenii de activitate, fiind, \u00een acela\u0219i timp, \u0219i o recunoa\u0219tere a celor care, prin talentul \u0219i erudi\u021bia lor, au contribuit sau contribuie semnificativ la promovarea culturii rom\u00e2ne, \u00een \u021bar\u0103 \u0219i \u00een str\u0103in\u0103tate. Pe l\u00e2ng\u0103 materialele \u00eenregistrate \u0219i difuzate on-line cu scriitori, traduc\u0103tori, istorici, arti\u0219ti vizuali, regizori, actori, muzicieni \u0219i arhitec\u021bi sau \u00eent\u00e2lnirile memorabile cu \u201eoameni de poveste\u201d, pe care vi le-am preg\u0103tit la sediul expozi\u021biei de baz\u0103 din Strada Nicolae Cre\u021bulescu 8 \u0219i la Casele Memoriale ale MNLR, precum \u0219i \u00a0ghidajele tematice pentru copii \u0219i adul\u021bi, din 15 ianuarie vor fi lansate mai multe expozi\u021bii temporare la sediile MNLR Cre\u021bulescu, MNLR HUB Grivi\u021bei, la Biblioteca Academiei Rom\u00e2ne \u0219i \u00een dou\u0103 centre comerciale: Bucure\u0219ti Mall Vitan \u0219i Plaza Rom\u00e2nia.<\/p>\n<p><strong>Vineri \u0219i s\u00e2mb\u0103t\u0103, 15, respectiv, 16 ianuarie 2021, intrarea \u00een expozi\u021bia de baz\u0103 \u0219i la toate Casele Memoriale ale MNLR va fi liber\u0103, \u00een intervalul orar 10.00 \u2013 18.00!<\/strong><\/p>\n<p>&nbsp;<\/p>\n<p><strong>Vineri, 15 ianuarie 2021<\/strong><\/p>\n<p><strong>Programul evenimentelor on-line<br \/>\n<\/strong>*Evenimentele on-line vor fi disponibile pe <a href=\"https:\/\/mnlr.ro\/en\/evenimente\/\">site-ul MNLR<\/a>, pe paginile de <a href=\"https:\/\/www.facebook.com\/muzeul.literaturii.romane\">Facebook<\/a> \u0219i <a href=\"https:\/\/www.instagram.com\/m_n_l_r_bucuresti\/?hl=ro\">Instagram<\/a> ale MNLR, precum \u0219i pe platforma web <a href=\"https:\/\/culturaindirect.ro\/category\/actualitate\/\">culturaindirect.ro<\/a>.<\/p>\n<p><strong>ora 11.00<br \/>\n<\/strong><em>Avatarurile manuscriselor eminesciene<\/em> | eveniment on-line despre <em>Caietele eminesciene, <\/em>facsimilate \u00een 38 de volume<br \/>\nParticip\u0103: acad. Eugen Simion, prof. univ. dr. Ioan Cristescu, Mircia Dumitrescu<\/p>\n<p><strong>ora 13.00<br \/>\n<\/strong><em>Veghea asupra limbii rom\u00e2ne<\/em> \u2013 Dialog \u00eentre Acad. Ioan-Aurel Pop, Pre\u0219edintele Academiei Rom\u00e2ne \u0219i prof. univ. dr. Ioan Cristescu, directorul MNLR | eveniment on-line<\/p>\n<p><strong>ora 15.00<br \/>\n<\/strong><em>Ce s-a schimbat \u00een limba rom\u00e2n\u0103 \u00een ultimii 10 ani?<\/em> | eveniment on-line<br \/>\nParticip\u0103: Criticul literar Bogdan Cre\u021bu, directorul Institutului de Filologie Rom\u00e2n\u0103 \u201eA. Philippide\u201d al Academiei Rom\u00e2ne, Filiala Ia\u0219i, \u00een dialog cu dr. Gabriela Haja, cercet. \u015ft. principal gr. I, \u0219ef al Departamentului de lexicologie\u2013lexicografie \u00een cadrul Institutului de Filologie Rom\u00e2n\u0103 \u201eA. Philippide\u201d din Ia\u0219i<\/p>\n<p><strong>ora 17.00<br \/>\n<\/strong>Lansarea video-expozi\u021biei <em>Lirica eminescian\u0103 \u00een viziunea artistului plastic Ion Panaitescu<\/em><\/p>\n<p><strong>ora 19.00<br \/>\n<\/strong><em>Eminescu \u2013 personaj de roman<\/em> | eveniment on-line<br \/>\nDezbatere pe marginea romanelor care s-au scris p\u00e2n\u0103 acum despre Eminescu:\u00a0<em>Mite<\/em>\u00a0\u0219i\u00a0<em>B\u0103l\u0103uca<\/em>\u00a0de Eugen Lovinescu,\u00a0<em>Romanul lui Eminescu<\/em>\u00a0de Cezar Petrescu \u0219i, cel mai recent,\u00a0<em>Vie\u021bile paralele\u00a0<\/em>de Florina Ilis<br \/>\nParticip\u0103: Florina Ilis, Iulian Costache, autorul volumului <em>Eminescu, negocierea unei imagini<\/em>, \u0219i Bogdan Cre\u021bu<\/p>\n<p><strong>ora 21.00<br \/>\n<\/strong>Actorul Ion Caramitru recit\u0103 din <em>S\u0103rmanul Dionis | <\/em>eveniment on-line<\/p>\n<p>&nbsp;<\/p>\n<p><em>MIRACOLUL CUVINTELOR<\/em><\/p>\n<p>Concurs de desen (pentru elevi din clasele V-VIII, de la \u0219coli de art\u0103 plastic\u0103 din Bucure\u0219ti)<\/p>\n<p>Cu ocazia Zilei Culturii Na\u021bionale, Muzeul Na\u021bional al Literaturii Rom\u00e2ne din Bucure\u0219ti, prin Casele Memoriale ale scriitorilor pe care le administreaz\u0103, \u00eei invit\u0103 pe micii iubitori de art\u0103 s\u0103 participe la un concurs \u0219i s\u0103 creeze o ilustra\u021bie cu titlul \u201eMiracolul cuvintelor\u201d, inspira\u021bi de\u00a0 urm\u0103toarele r\u00e2nduri ale lui Tudor Arghezi:<\/p>\n<p>\u201eCuvinte fulgi, cuvinte aer, cuvinte metal. Cuvinte \u00eentunecate ca grotele \u015fi cuvinte limpezi ca izvoarele pornite din ele. \u00centr-un cuv\u00e2nt se face ziu\u0103 \u015fi alte cuvinte amurgesc. Cuvintele scap\u0103r\u0103 ca pietrele sau sunt moi ca melcii. Ele te asalteaz\u0103 ca viespele sau te lini\u015ftesc cu r\u0103coarea: te otr\u0103vesc ca bure\u0163ii sau te adap\u0103 cu rou\u0103 trandafirie.\u201d (fragment din \u201eScrisoare cu tibi\u0219irul\u201d de Tudor Arghezi)<\/p>\n<p><strong>Detalii legate de condi\u021biile de participare \u0219i de programul concursului, <\/strong><a href=\"https:\/\/mnlr.ro\/en\/concurs-de-desen-pentru-elevii-din-clasele-v-viii-de-la-scoli-de-arta-plastica-din-bucuresti-organizat-cu-ocazia-zilei-culturii-nationale-2021\/\"><strong>aici<\/strong><\/a><strong>.<\/strong><\/p>\n<p>&nbsp;<\/p>\n<p><strong>Vineri, 15 ianuarie 2021<br \/>\nProgramul evenimentelor off-line<\/strong><br \/>\n*Evenimente organizate \u00een expozi\u021bia de baz\u0103 din Strada Nicolae Cre\u021bulescu 8 \u0219i la Casele Memoriale ale MNLR \u2013 Casa Memorial\u0103 \u201eTudor Arghezi &#8211; M\u0103r\u021bi\u0219or\u201d, Casa Memorial\u0103 \u201eGeorge \u0219i Agatha Bacovia\u201d, Casa Memorial\u0103 \u201eIon Minulescu \u0219i Claudia Millian\u201d, Casa Memorial\u0103 \u201eLiviu \u0219i Fanny Liviu Rebreanu\u201d, Casa Memorial\u0103 \u201eAnton Pann\u201d.<\/p>\n<p><em>Asteroidul 9495<\/em> |\u00a0Ghidaj tematic<br \/>\nSediul MNLR, Strada Nicolae Cre\u021bulescu 8, intervalul orar 10.00 \u2013 18.00. Detalii, <a href=\"https:\/\/www.facebook.com\/events\/826579718190496\/\">aici<\/a>.<\/p>\n<p><em>Despre scris \u0219i traduceri cu Bogdan Ghiu<br \/>\n<\/em>Sediul MNLR, Strada Nicolae Cre\u021bulescu 8, intervalul orar 15.30 \u2013 16.30. Detalii, <a href=\"https:\/\/www.facebook.com\/events\/3754398944598669?acontext=%7B%22action_history%22%3A%5b%7B%22surface%22%3A%22page%22%2C%22mechanism%22%3A%22page_admin_bar%22%2C%22extra_data%22%3A%22%7B%5C%22page_id%5C%22%3A101168626594945%7D%22%7D%2C%7B%22surface%22%3A%22events_admin_tool%22%2C%22mechanism%22%3A%22events_admin_tool%22%2C%22extra_data%22%3A%22%5b%5d%22%7D%5d%2C%22has_source%22%3Atrue%7D\">aici<\/a>.<\/p>\n<p><em>Rolul diploma\u021biei rom\u00e2ne\u0219ti \u00een formarea statului rom\u00e2n<br \/>\n<\/em>Invitat: Iulian Fota, directorul Institutului Diplomatic Rom\u00e2n<br \/>\nSediul MNLR, Strada Nicolae Cre\u021bulescu 8, intervalul orar 15.00 \u2013 16.00<\/p>\n<p><em>Arghezi, \u201e\u0219ef de trib\u201d<\/em>, muzeograf Dorothea Nicolescu<br \/>\nCasa Memorial\u0103 \u201eTudor Arghezi \u2013 M\u0103r\u021bi\u0219or\u201d, Str. M\u0103r\u021bi\u0219or 26, vineri, 15 ianuarie 2021, \u0219i s\u00e2mb\u0103t\u0103, 16 ianuarie 2021, intervalul orar 09:00 \u2013 17:00 (acces gratuit, cu programare \u00een prealabil pe adresa <a href=\"mailto:case.memoriale@mnlr.ro\">case.memoriale@mnlr.ro<\/a> \u0219i la num\u0103rul de telefon 0731 003 022)<\/p>\n<p><em>Pasiunile poetului George Bacovia<\/em>, muzeograf Lelia Spirescu<br \/>\nCasa Memorial\u0103 \u201eGeorge \u0219i Agatha Bacovia\u201d, Str. George Bacovia 63, vineri, 15 ianuarie 2021, \u0219i s\u00e2mb\u0103t\u0103, 16 ianuarie 2021, intervalul orar 09:00 \u2013 17:00 (acces gratuit, cu programare \u00een prealabil pe adresa <a href=\"mailto:case.memoriale@mnlr.ro\">case.memoriale@mnlr.ro<\/a> \u0219i la num\u0103rul de telefon 0731 003 022)<\/p>\n<p><em>Ion Minulescu, colec\u021bionar de art\u0103<\/em>, muzeograf Adrian David<br \/>\nCasa Memorial\u0103 \u201eIon Minulescu \u0219i Claudia Millian\u201d, Bd. Profesor Doctor Gheorghe Marinescu 19, vineri, 15 ianuarie 2021, \u0219i s\u00e2mb\u0103t\u0103, 16 ianuarie 2021, intervalul orar 09:00 \u2013 17:00 (acces gratuit, cu programare \u00een prealabil pe adresa <a href=\"mailto:case.memoriale@mnlr.ro\">case.memoriale@mnlr.ro<\/a> \u0219i la num\u0103rul de telefon 0731 003 022)<\/p>\n<p><em>Liviu Rebreanu, altfel dec\u00e2t \u00eel \u0219ti\u021bi<\/em>, muzeograf Adrian David<br \/>\nCasa Memorial\u0103 \u201eLiviu \u0219i Fanny Liviu Rebreanu\u201d, Bd. Profesor Doctor Gheorghe Marinescu 19, vineri, 15 ianuarie 2021, \u0219i s\u00e2mb\u0103t\u0103, 16 ianuarie 2021, intervalul orar 09:00 \u2013 17:00 (acces gratuit, cu programare \u00een prealabil pe adresa <a href=\"mailto:case.memoriale@mnlr.ro\">case.memoriale@mnlr.ro<\/a> \u0219i la num\u0103rul de telefon 0731 003 022)<\/p>\n<p><em>Anton Pann, tipograf<\/em>, muzeograf M\u0103d\u0103lina \u0218chiopu<br \/>\nCasa Memorial\u0103 \u201eAnton Pann\u201d, Str. Anton Pann 20, vineri, 15 ianuarie 2021, \u0219i s\u00e2mb\u0103t\u0103, 16 ianuarie 2021, intervalul orar 09:00 \u2013 17:00 (acces gratuit, cu programare \u00een prealabil pe adresa <a href=\"mailto:case.memoriale@mnlr.ro\">case.memoriale@mnlr.ro<\/a> \u0219i la num\u0103rul de telefon 0731 003 022)<\/p>\n<p>\u00cen perioada <strong>15 \u2013 31\u00a0ianuarie 2021<\/strong>,\u00a0de <strong>mar\u021bi p\u00e2n\u0103 duminic\u0103, \u00een intervalul<\/strong><strong>\u00a009.00 \u2013 17.00, respectiv, 09.00 \u2013 17.00, <\/strong>v\u0103 a\u0219tept\u0103m la Casele Memoriale \u201eGeorge \u0219i Agatha Bacovia\u201d, Casa Memorial\u0103 \u201eTudor Arghezi &#8211; M\u0103r\u021bi\u0219or\u201d, Casa Memorial\u0103 \u201eLiviu \u0219i Fanny Liviu Rebreanu\u201d, Casa Memorial\u0103 \u201eIon Minulescu \u0219i Claudia Millian\u201d, Casa Memorial\u0103 \u201eAnton Pann\u201d, pentru ghidaje tematice dedicate copiilor \u0219i adul\u021bilor.<\/p>\n<p>____________________<\/p>\n<p><strong>Expozi\u021bii care pot fi vizitate din 15 ianuarie 2021<\/strong><\/p>\n<p><strong>15 \u2013 31 ianuarie 2021<\/strong>\u00a0\u2013 <em>Mihai Eminescu \u2013 Simbol al spiritualit\u0103\u021bii rom\u00e2ne\u0219ti<\/em> (sediul MNLR, Strada Nicolae Cre\u021bulescu 8), expozi\u021bie documentar\u0103, care \u00ee\u0219i propune s\u0103 aduc\u0103 \u00een aten\u021bia publicului via\u021ba \u0219i crea\u021bia lui Mihai Eminescu<em>. <\/em>Detalii, <a href=\"https:\/\/mnlr.ro\/en\/mihai-eminescu-simbol-al-spiritualitatii-romanesti-expozitie-documentara\/\">aici<\/a>.<\/p>\n<p><strong>15 ianuarie 2021, ora 15.00<\/strong>, Sediul MNLR din Calea Grivi\u021bei 64-66 \u2013 finisajul expozi\u021biei <em>Oracol, prevestire, prezicere, profe\u021bie<\/em> \u2013 un ecou al <em>Bienalei de Carte-Obiect<\/em>, o reluare a\u00a0 preocup\u0103rii pentru scriitur\u0103, obiect \u015fi carte. Detalii, <a href=\"https:\/\/mnlr.ro\/en\/finisajul-expozitiei-oracol-prevestire-prezicere-profetie\/\">aici<\/a>.<\/p>\n<p><strong>15 \u2013 29 ianuarie 2021 \u2013 <\/strong>Expozi\u021bia documentar\u0103 <em>Vreme trece, vreme vine<\/em>, organizat\u0103 de Biblioteca Academiei Rom\u00e2ne \u00een parteneriat cu Muzeul Na\u021bional al Literaturii Rom\u00e2ne, Arhivele Na\u021bionale ale Rom\u00e2niei \u0219i Romfilatelia. Vernisajul expozi\u021biei va avea loc vineri, 15 ianuarie 2021, ora 11.00, \u00een Sala \u201eTheodor Pallady\u201d a Bibliotecii Academiei Rom\u00e2ne. Detalii, <a href=\"https:\/\/mnlr.ro\/en\/expozitia-vreme-trece-vreme-vine\/\"><u>aici<\/u><\/a>.<\/p>\n<p><strong>15 ianuarie \u2013 7 februarie 2021<\/strong> \u2013 Expozi\u021bia <em>Scriitori rom\u00e2ni \u00een Primul R\u0103zboi Mondial<\/em> (Bucure\u0219ti Mall Vitan, Calea Vitan 55-59). Expozi\u021bia con\u021bine fotografii, pagini de jurnal, de coresponden\u021b\u0103 \u0219i fragmente literare ale autorilor rom\u00e2ni care au fost prezen\u021bi pe front, \u00een prima conflagra\u021bie mondial\u0103. Detalii, <a href=\"https:\/\/mnlr.ro\/en\/scriitori-romani-in-primul-razboi-mondial-o-noua-expozitie-in-bucuresti-mall-vitan\/\">aici<\/a>.<\/p>\n<p><strong>15\u00a0<\/strong>\u2013\u00a0<strong>31 ianuarie 2021<\/strong>\u00a0\u2013<strong>\u00a0<\/strong>Expozi\u021bia <em>Avangarda rom\u00e2neasc\u0103 \u2013 Avangard\u0103 european\u0103<\/em>, dedicat\u0103 mi\u0219c\u0103rii literare \u0219i artistice ini\u021biate de Tristan Tzara (Plaza Rom\u00e2nia, Bd. Timi\u0219oara, nr. 26). Detalii, <a href=\"https:\/\/mnlr.ro\/en\/avangarda-romaneasca-avangarda-europeana-expozitie-mnlr-in-plaza-romania\/\">aici<\/a>.<\/p>\n<p><strong>15 \u2013 31 ianuarie 2021<\/strong> \u2013 Expozi\u021bia\u00a0<em>Tudor Arghezi, tipograf \u0219i ziarist,<\/em><strong> Casa Memorial\u0103 \u201eTudor Arghezi &#8211; M\u0103r\u021bi\u0219or\u201d (Str. M\u0103r\u021bi\u0219or 26). Tipografia M\u0103r\u021bi\u0219orului poate fi vizitat\u0103 zilnic, de mar\u021bi p\u00e2n\u0103 duminic\u0103, \u00een intervalul orar 09.00 &#8211; 17.00. <\/strong>Expozi\u021bia reprezint\u0103 o colec\u021bie de desene semnate Francisc \u0218irato, imprimate dup\u0103 o serie de pl\u0103ci tipografice de zinc existente \u00een Colec\u021bia Casei Memoriale \u201eTudor Arghezi \u2013 M\u0103r\u021bi\u0219or\u201d. Detalii, <a href=\"https:\/\/mnlr.ro\/en\/tudor-arghezi-140-expozitia-tudor-arghezi-tipograf-si-ziarist\/\">aici<\/a>.<\/p>\n<p>____________________<\/p>\n<p><strong>S\u00e2mb\u0103t\u0103, 16 ianuarie 2021<\/strong><\/p>\n<p><em><strong>intervalul orar 10.00 \u2013 18.00<br \/>\n<\/strong><\/em><em>C\u0103l\u0103toriile s<\/em><em>criitorilor rom\u00e2ni \u0219i cuvintele-valiz\u0103\u00a0<\/em><strong>| ghidaj tematic<br \/>\n<\/strong>Sediul MNLR, Strada Nicolae Cre\u021bulescu 8<br \/>\nDetalii, <a href=\"https:\/\/mnlr.ro\/en\/calatoriile-scriitorilor-romani-si-cuvintele-valiza-ghidaj-tematic\/\">aici<\/a>.<\/p>\n<p><strong><em>intervalul orar <\/em>11.00 <em>\u2013 <\/em> 12.00<br \/>\n<\/strong><em>\u201eDe ce ne \u00eentoarcem la Mazilescu?\u201d | \u00cent\u00e2lnire cu scriitorul Cosmin Per\u021ba<br \/>\n<\/em>Sediul MNLR, Strada Nicolae Cre\u021bulescu 8<\/p>\n<p><strong>ora 13.00<br \/>\n<\/strong>Dialog \u00eentre scriitorul Matei Vi\u0219niec \u0219i prof. univ. dr. Ioan Cristescu, directorul MNLR <em>| <\/em>eveniment on-line<\/p>\n<p>____________________<\/p>\n<p><strong>Duminic\u0103, 17 ianuarie 2021<\/strong><\/p>\n<p><strong>ora 13.00<\/strong><br \/>\nPoetul Ion Mure\u0219an recit\u0103 <em>Melancolie<\/em> de Mihai Eminescu | eveniment on-line<\/p>\n<p>____________________<\/p>\n<p><strong>Luni, 18 ianuarie<\/strong><strong> 2021<\/strong><\/p>\n<p><strong>ora 19.00<\/strong><br \/>\n<em>Arta fotografic\u0103 \u00een Rom\u00e2nia<\/em> | eveniment on-line<br \/>\nParticip\u0103: Eugen Negrea, pre\u0219edintele Asocia\u021biei Arti\u0219tilor Fotografi, Nic Hanu, Gabriel Stanciu \u0219i Andrei Pandele, arti\u0219ti fotografi<\/p>\n<p><strong>ora 21:00<br \/>\n<\/strong><em>Arta contemporan\u0103 \u00een direct #5<\/em> <em>| <\/em>eveniment on-line<br \/>\nInvita\u021bi: Maria Manolescu \u0219i Romelo Pervolovici<\/p>\n<p>____________________<\/p>\n<p><strong>Mar\u021bi, 19 ianuarie 2021<\/strong><\/p>\n<p><strong>intervalul orar 10.00 \u2013 11.00<br \/>\n<\/strong>Sediul MNLR, Strada Nicolae Cre\u021bulescu 8<br \/>\nSelec\u021bie din literatura rom\u00e2n\u0103 (Ion Creang\u0103, I. L. Caragiale, Marin Sorescu, Tristan Tzara) <em>| <\/em>recital de Lari Giorgescu<\/p>\n<p><strong>\u00a0<\/strong><strong>ora 17.00<br \/>\n<\/strong>\u0218tefan Firic\u0103 despre Ion Minulescu, Lucian Blaga \u0219i Anton Holban<br \/>\nSediul MNLR, Strada Nicolae Cre\u021bulescu 8<\/p>\n<p><strong>ora 21:00<br \/>\n<\/strong><em>Memoria obiectelor mici \u0219i mari pe \u00een\u021belesul tuturor #2 <\/em><em>| <\/em>eveniment on-line<br \/>\nInvitat: Alexander Hausvater, regizor<br \/>\nCasa Memorial\u0103 \u201eLiviu \u0219i Fanny Liviu Rebreanu\u201d, Bd. Prof. Doctor Gheorghe Marinescu 19<\/p>\n<p><strong>____________________<\/strong><\/p>\n<p><strong>Miercuri, 20 ianuarie 2021<\/strong><\/p>\n<p><em>Literatura pentru copii \u00een Rom\u00e2nia<\/em> | eveniment on-line<br \/>\n\u00cen ultimii cinci ani, literatura pentru copii s-a dezvoltat foarte mult, at\u00e2t \u00een ceea ce prive\u0219te apari\u021biile editoriale, diversitatea temelor, c\u00e2t \u0219i calitatea ilustra\u021biilor \u0219i prezen\u021ba pe pia\u021ba editorial\u0103 interna\u021bional\u0103.<br \/>\nInvita\u021bi: Adina Rosetti, Flavius Ardelean, Florin Bican, Cris Radu \u0219i Carmen Tiderle<br \/>\nModerator:Vasile Ernu<\/p>\n<p><strong>ora 21:00<br \/>\n<\/strong><em>Memoria obiectelor mici \u0219i mari pe \u00een\u021belesul tuturor #3 <\/em><em>| <\/em>eveniment on-line<br \/>\nInvitat: Adrian Majuru, istoric, manager al Muzeului Municipiului Bucure\u0219ti<br \/>\nCasa Memorial\u0103 \u201eAnton Pann\u201d, Str. Anton Pann 20<\/p>\n<p>____________________<\/p>\n<p><strong>Joi, 21 ianuarie 2021 <\/strong><\/p>\n<p><strong>ora 19.00<\/strong><br \/>\nPrezentarea lucr\u0103rilor de art\u0103 din expozi\u021bia de baz\u0103 a MNLR | eveniment on-line<br \/>\nParticip\u0103: artistul Marcel Lup\u0219e, criticul de art\u0103 Pavel \u0218u\u0219ar\u0103<\/p>\n<p><strong>ora 21:00<\/strong><br \/>\n<em>Memoria obiectelor mici \u0219i mari pe \u00een\u021belesul tuturor<\/em> #4 | eveniment on-line<br \/>\nInvitat\u0103: Simona Popescu, scriitoare<br \/>\nCasa Memorial\u0103 \u201eGeorge \u0219i Agatha Bacovia\u201d, Str. George Bacovia 63<\/p>\n<p>____________________<\/p>\n<p><strong>Vineri, 22 ianuarie 2021<\/strong><\/p>\n<p><strong>ora 10.00<br \/>\n<\/strong>Moment muzical<strong> | <\/strong>Mira-Maria Popa (harp\u0103) <em>| <\/em>eveniment on-line<\/p>\n<p><strong>ora 13.00<br \/>\n<\/strong>Moment muzical<strong> | <\/strong>Georgia B\u00e2ldea (vioar\u0103) <em>| <\/em>eveniment on-line<\/p>\n<p><strong>ora 17.00<br \/>\n<\/strong><em>Ionu\u021b Bogdan \u0218tef\u0103nescu despre muzicienii poe\u021bi \u00a0<\/em><em>| <\/em>eveniment on-line<\/p>\n<p><strong>ora 19.00<\/strong><br \/>\nMariano Castro \u2013 <em>Muzica argentinian\u0103 \u00een Rom\u00e2nia<\/em> | eveniment on-line<\/p>\n<p><strong>ora 21:00<br \/>\n<\/strong><em>Memoria obiectelor mici \u0219i mari pe \u00een\u021belesul tuturor #5 <\/em><em>| <\/em>eveniment on-line<br \/>\nInvitat\u0103: Ioana P\u00e2rvulescu, scriitoare<br \/>\nCasa Memorial\u0103 \u201eIon Minulescu \u0219i Claudia Millian\u201d, Bd. Prof. Doctor Gheorghe Marinescu 19<\/p>\n<p>____________________<\/p>\n<p><strong>S\u00e2mb\u0103t\u0103, 23 ianuarie 2021<\/strong><\/p>\n<p><strong>intervalul orar 10.00 \u2013 18.00<\/strong><\/p>\n<p><em>Laboratorul de vise<\/em> | ghidaj tematic pentru familii<br \/>\nSediul MNLR, Strada Nicolae Cre\u021bulescu 8<\/p>\n<p><strong>intervalul orar 15.00 \u2013 17.00<br \/>\n<\/strong><em>Ziua scrisului de m\u00e2n\u0103<br \/>\n<\/em>Prezentarea instrumentelor de scris &amp; a tipurilor de scriere<br \/>\nInvitat\u0103: Carmen Nistor, Academia de Caligrafie<br \/>\nSediul MNLR, Strada Nicolae Cre\u021bulescu 8<\/p>\n<p><strong>ora 12.00<br \/>\n<\/strong>Prezentarea lucr\u0103rilor de art\u0103 din cadrul expozi\u021biei de baz\u0103 a MNLR<br \/>\nArtist: Florin Stoiciu<br \/>\nSediul MNLR, Strada Nicolae Cre\u021bulescu 8<\/p>\n<p><strong>ora 21:00<br \/>\n<\/strong><em>Memoria obiectelor mici \u0219i mari pe \u00een\u021belesul tuturor #6 <\/em><em>| <\/em>eveniment on-line<br \/>\nInvitat: Victor Ioan Frunz\u0103, regizor<br \/>\nCasa Memorial\u0103 \u201eTudor Arghezi &#8211; M\u0103r\u021bi\u0219or\u201d, Str. M\u0103r\u021bi\u0219or 26<\/p>\n<p>____________________<\/p>\n<p><strong>Duminic\u0103, 24 ianuarie 2021<\/strong><\/p>\n<p><strong>ora 9.00<\/strong><br \/>\nAcad. Ioan-Aurel Pop, Pre\u0219edintele Academiei Rom\u00e2ne, \u0219i prof.univ. dr. Ioan Cristescu, directorul MNLR, despre semnifica\u021bia zilei de 24 ianuarie | eveniment on-line<\/p>\n<p><strong>ora 19.00<br \/>\n<\/strong>Istoricul Georgeta Filitti despre familia Sturza, conacul Micl\u0103u\u0219eni \u0219i salvarea arhivelor<em>| <\/em>eveniment on-line<\/p>\n<p><strong>ora 21:00<br \/>\n<\/strong><em>Personalit\u0103\u021bi culturale acas\u0103 la&#8230; <\/em><em>| <\/em>eveniment on-line<br \/>\nCasa Memorial\u0103 \u201eTudor Arghezi \u2013 M\u0103r\u021bi\u0219or\u201d<br \/>\nCasa Memorial\u0103 \u201eGeorge \u0219i Agatha Bacovia\u201d<br \/>\nCasa Memorial\u0103 \u201eAnton Pann\u201d<\/p>\n<p><strong>Intrarea la expozi\u021bia de baz\u0103 din Strada Nicolae Cre\u021bulescu 8 \u0219i la Casele Memoriale ale MNLR este gratuit\u0103.<\/strong><\/p>\n<p>____________________<\/p>\n<p><strong>Luni, 25 ianuarie 2021<\/strong><\/p>\n<p><strong>ora 19.00<br \/>\n<\/strong>Recital Nicolae Voicule\u021b | eveniment on-line<\/p>\n<p><strong>ora 21:00<br \/>\n<\/strong><em>Arta contemporan\u0103 \u00een direct #6 <\/em><em>| <\/em>eveniment on-line<br \/>\nInvita\u021bi: Aurora Kiraly \u0219i Bogdan Ra\u021ba<\/p>\n<p>____________________<\/p>\n<p><strong>Mar\u021bi, 26 ianuarie 2021<\/strong><\/p>\n<p><strong>ora 15.00<br \/>\n<\/strong>Recital Mircea Rusu <em>| <\/em>eveniment on-line<\/p>\n<p><strong>ora 17.00<br \/>\n<\/strong>Recital Florin Zamfirescu <em>| <\/em>eveniment on-line<\/p>\n<p><strong>ora 19.00<br \/>\n<\/strong>Lectur\u0103 Mihai Constantin <em>| <\/em>eveniment on-line<\/p>\n<p><strong>ora 20.00<br \/>\n<\/strong>Recital Lari Giorgescu <em>| <\/em>eveniment on-line<\/p>\n<p><strong>ora 21:00<br \/>\n<\/strong><em>Memoria obiectelor mici \u0219i mari pe \u00een\u021belesul tuturor #4\u00a0|\u00a0<\/em>eveniment on-line<br \/>\nInvitat: Adrian Majuru, istoric, antropograf \u0219i jurnalist<br \/>\nMaterial filmat la Casa Memorial\u0103 \u201eAnton Pann\u201d, Strada Anton Pann 20<\/p>\n<p>____________________<\/p>\n<p><strong>Miercuri, 27 ianuarie 2021<\/strong><\/p>\n<p><strong>ora 11.00<\/strong><br \/>\nRegizorul Attila Vizauer despre teatrul radiofonic \u00een Rom\u00e2nia | eveniment on-line<\/p>\n<p><strong>ora 16.00<\/strong><br \/>\nInterven\u021bia regizorului Felix Alexa | eveniment on-line<\/p>\n<p><strong>ora 19.00<\/strong><br \/>\nG\u00e1bor Tompa \u00een dialog cu George Banu | eveniment on-line<\/p>\n<p><strong>ora 21:00<\/strong><\/p>\n<p>Memoria obiectelor mici \u0219i mari pe \u00een\u021belesul tuturor #5 | eveniment on-line<br \/>\nInvitat\u0103: Ioana P\u00e2rvulescu, scriitoare, profesor universitar \u0219i cercet\u0103tor literar<br \/>\nMaterial filmat lamorial\u0103 \u201eIon Minulescu \u0219i Claudia Millian\u201d, Bd. Prof. Dr. Gheorghe Marinescu 19<\/p>\n<p><strong>ora 22.00<\/strong><br \/>\nInterven\u021bia Marinei Constantinescu despre memorie, meseria de critic de teatru, <em>Nocturne<\/em> \u0219i Festivalul Na\u021bional de Teatru | eveniment on-line<\/p>\n<p>____________________<\/p>\n<p><strong>Joi, 28 ianuarie 2021<\/strong><\/p>\n<p><strong>ora 11.00<br \/>\n<\/strong>Interven\u021bia regizorului Alexa Visarion despre \u201eCaragiale \u00een teatru \u0219i film, \u00een \u021bar\u0103 \u0219i afar\u0103\u201d, dar \u0219i despre c\u0103r\u021bile sale, \u201eCealalt\u0103 scen\u0103\u201d \u0219i \u201eProfe\u021bii spectaculare\u201d | eveniment on-line<\/p>\n<p><strong>ora 16.00<br \/>\n<\/strong>Proiec\u021bia filmului \u201eComoara naiv\u0103\u201d \u0219i dezbatere cu regizorul de film documentar Copel Moscu<br \/>\nMansarda MNLR, expozi\u021bia de baz\u0103, Strada Nicolae Cre\u021bulescu 8<\/p>\n<p><strong>ora 17.00<\/strong><br \/>\nMuzeul Na\u021bional al Literaturii Rom\u00e2ne, Strada Nicolae Cre\u021bulescu 8<\/p>\n<p>Recital al actorilor Zoltan Butuc \u0219i Delia Nartea, parcipan\u021bi ca lectori ai unor c\u0103r\u021bi audio, \u00een cadrul unui proiect al Asocia\u021biei Nev\u0103z\u0103torilor din Rom\u00e2nia<\/p>\n<p>Amfitrion: scriitorul Radu Sergiu Ruba<\/p>\n<p>Recitalul va fi urmat de o discu\u021bie la care vor participa prof. univ. dr. Ioan Cristescu, director general al Muzeului Na\u021bional al Literaturii Rom\u00e2ne, prof. Mihai Dima, vicepre\u0219edinte al Asocia\u021biei Nev\u0103z\u0103torilor din Rom\u00e2nia, domnul Marius Bodochi, director al Teatrului Dramaturgilor Rom\u00e2ni, \u0219i doamna Ramona Mezei, manager al Bibliotecii Metropolitane Bucure\u0219ti, pe tema resurselor digitale pentru nev\u0103z\u0103tori \u0219i despre posibilit\u0103\u021bile de dezvoltare a acestora.<\/p>\n<p><strong>ora 17.00<br \/>\n<\/strong><em>C\u00e2teva note despre ultimii 20 de ani de cinematografie rom\u00e2nesc\u0103<\/em>\u00a0| Ileana B\u00eersan \u00een dialog cu Andrei Gorzo\u00a0<em>|\u00a0<\/em>eveniment on-line<\/p>\n<p><strong>ora 19.00<br \/>\n<\/strong>Ileana Perne\u0219 D\u0103n\u0103lache va intra \u00een dialog cu actorul Valentin Teodosiu \u0219i regizorul Constantin Vaeni despre\u00a0filmul <em>Drume\u021b \u00een calea lupilor<\/em> | eveniment on-line<\/p>\n<p><strong>ora 21:00<br \/>\n<\/strong><\/p>\n<p><em>Memoria obiectelor mici \u0219i mari pe \u00een\u021belesul tuturor #6\u00a0|\u00a0<\/em>eveniment on-line<br \/>\nInvitat\u0103: Ana-Maria Sandu, scriitoare \u0219i jurnalist\u0103<br \/>\nMaterial filmat la Casa Memorial\u0103 \u201eLiviu \u0219i Fanny Liviu Rebreanu\u201d, Bd. Prof. Dr. Gheorghe Marinescu 19<\/p>\n<p>____________________<\/p>\n<p><strong>Vineri, 29 ianuarie 2021<\/strong><\/p>\n<p><strong>ora 12.00<\/strong><br \/>\nDespre \u0219coli \u0219i filiere literare cu criticul \u0219i istoricul Paul Cernat <em>| <\/em>eveniment on-line<\/p>\n<p><strong>ora 16.00<br \/>\n<\/strong>Scriitoarea Ioana Nicolaie invit\u0103 vizitatorii expozi\u021biei de baz\u0103 la o explorare a muzeului \u00een sala Marilor romancieri, la o dezbatere despre romanul <em>Ion<\/em>, de la apari\u021bia c\u0103ruia s-au \u00eemplinit, anul trecut, 100 de ani; cobor\u00e2nd apoi \u00een sala dedicat\u0103 optzeci\u0219tilor \u0219i avangardei, pentru a povesti despre obiectele <em>steampunk<\/em> realizate de poetul Traian T. Co\u0219ovei, lucr\u0103ri expuse \u00een sala MNLR dedicat\u0103 optzeci\u0219tilor \u0219i avangardei. La finalul \u00eent\u00e2lnirii, scriitoarea va citi c\u00e2teva fragmente din volumul \u00een manuscris <em>Tot \u00eenainte<\/em>.<\/p>\n<p><strong>ora 19.00<\/strong><br \/>\nCum se vede cultura rom\u00e2n\u0103 \u00een alte spa\u021bii? La aceast\u0103 \u00eentrebare ne r\u0103spund Bruno Mazzoni, din Italia, \u0219i Victor Ivanovici, din Grecia, \u00eentr-un trialog cu prof. univ. dr. Ioan Cristescu, director general al MNLR | eveniment on-line<\/p>\n<p><strong>ora 21:00<br \/>\n<\/strong><em>Memoria obiectelor mici \u0219i mari pe \u00een\u021belesul tuturor #7\u00a0|\u00a0<\/em>eveniment on-line<br \/>\nInvitat\u0103: Mihaela Dedeoglu, jurnalist\u0103<br \/>\nMaterial filmat la Casa Memorial\u0103 \u201eTudor Arghezi &#8211; M\u0103r\u021bi\u0219or\u201d, Str. M\u0103r\u021bi\u0219or 26<\/p>\n<p>____________________<\/p>\n<p><strong>S\u00e2mb\u0103t\u0103, 30 ianuarie 2021<\/strong><\/p>\n<p><em>Coresponden\u021ba scriitorilor rom\u00e2ni<\/em> <em>|<\/em> ghidaj tematic pentru familii<br \/>\nSediul MNLR, Strada Nicolae Cre\u021bulescu 8<\/p>\n<p><strong>ora 11.00<br \/>\n<\/strong>Dezbatere \u00eentre criticul literar Bogdan Cre\u021bu, scriitoarea Andreea R\u0103suceanu \u0219i arhitectul Constantin Goagea | eveniment on-line<\/p>\n<p><strong>ora 21:00<br \/>\n<\/strong><em>Memoria obiectelor mici \u0219i mari pe \u00een\u021belesul tuturor #8\u00a0|\u00a0<\/em>eveniment on-line<br \/>\nInvitat: Nicolae Ilfoveanu, artist vizual<br \/>\nMaterial filmat la Casa Memorial\u0103 \u201eAnton Pann\u201d, Str. Anton Pann 20<\/p>\n<p>____________________<\/p>\n<p><strong>Duminic\u0103, 31 ianuarie 2021<\/strong><\/p>\n<p><strong>ora 15.00<br \/>\n<\/strong><em>Traducerile c\u0103r\u021bilor pentru copii | <\/em>eveniment on-line<br \/>\nParticip\u0103: Florin Bican, Laura Frunz\u0103<\/p>\n<p>o<strong>ra 17.00<br \/>\n<\/strong><em>Traducerile c\u0103r\u021bilor pentru adolescen\u021bi |<\/em> eveniment on-line<br \/>\nParticip\u0103: Simona \u0218tefana Stoica, Oana Valeria Radu, Irina Stoica<span style=\"text-decoration: line-through;\"><br \/>\n<\/span>Moderator: Iulia Dromereschi<strong>\u00a0<\/strong><\/p>\n<p><strong>ora 19.00<br \/>\n<\/strong><em>Traduc\u0103tori ai c\u0103r\u021bilor de fic\u021biune <\/em><em>| <\/em>eveniment on-line<br \/>\nSesiunea 1: Mihaela Buruian\u0103, Iulia Gorzo, Irina Bor\u021boi, Bogdan Ghiu<br \/>\nSesiunea 2: Simina R\u0103chi\u021beanu, Ovio Olaru, Cristina Godun, Sigrid Cr\u0103snean<br \/>\nModeratorii ambelor \u00eent\u00e2lniri prin Zoom: Simina Popa \u0219i Claudiu Sfirschi-L\u0103udat<\/p>\n<p><strong>ora 21:00<br \/>\n<\/strong><em>Memoria obiectelor mici \u0219i mari pe \u00een\u021belesul tuturor #9\u00a0|\u00a0<\/em>eveniment on-line<br \/>\nInvitat: Alexandru Tomescu, violonist<br \/>\nMaterial filmat la Casa Memorial\u0103 \u201eGeorge \u0219i Agatha Bacovia\u201d, Str. George Bacovia 63<\/p>\n<p>____________________<\/p>\n<p>Grafic\u0103: Petru \u0218o\u0219a<\/p>\n<p><strong>Proiectul <em>Zilele Culturii Na\u021bionale la MNLR<\/em> este realizat cu sprijinul Ministerului Culturii<\/strong><\/p>","protected":false},"excerpt":{"rendered":"<p>\u00cen fiecare an, s\u0103rb\u0103torim Ziua Culturii Na\u021bionale \u00een 15 ianuarie, dat\u0103 aleas\u0103 special de c\u0103tre autorit\u0103\u021bile rom\u00e2ne, ca semn de&#8230;<\/p>","protected":false},"author":8,"featured_media":15869,"comment_status":"closed","ping_status":"closed","sticky":false,"template":"","format":"standard","meta":{"_exactmetrics_skip_tracking":false,"_exactmetrics_sitenote_active":false,"_exactmetrics_sitenote_note":"","_exactmetrics_sitenote_category":0,"footnotes":""},"categories":[9,8],"tags":[],"class_list":["post-15865","post","type-post","status-publish","format-standard","has-post-thumbnail","hentry","category-evenimente","category-recomandari"],"_links":{"self":[{"href":"https:\/\/mnlr.ro\/en\/wp-json\/wp\/v2\/posts\/15865","targetHints":{"allow":["GET"]}}],"collection":[{"href":"https:\/\/mnlr.ro\/en\/wp-json\/wp\/v2\/posts"}],"about":[{"href":"https:\/\/mnlr.ro\/en\/wp-json\/wp\/v2\/types\/post"}],"author":[{"embeddable":true,"href":"https:\/\/mnlr.ro\/en\/wp-json\/wp\/v2\/users\/8"}],"replies":[{"embeddable":true,"href":"https:\/\/mnlr.ro\/en\/wp-json\/wp\/v2\/comments?post=15865"}],"version-history":[{"count":25,"href":"https:\/\/mnlr.ro\/en\/wp-json\/wp\/v2\/posts\/15865\/revisions"}],"predecessor-version":[{"id":16105,"href":"https:\/\/mnlr.ro\/en\/wp-json\/wp\/v2\/posts\/15865\/revisions\/16105"}],"wp:featuredmedia":[{"embeddable":true,"href":"https:\/\/mnlr.ro\/en\/wp-json\/wp\/v2\/media\/15869"}],"wp:attachment":[{"href":"https:\/\/mnlr.ro\/en\/wp-json\/wp\/v2\/media?parent=15865"}],"wp:term":[{"taxonomy":"category","embeddable":true,"href":"https:\/\/mnlr.ro\/en\/wp-json\/wp\/v2\/categories?post=15865"},{"taxonomy":"post_tag","embeddable":true,"href":"https:\/\/mnlr.ro\/en\/wp-json\/wp\/v2\/tags?post=15865"}],"curies":[{"name":"wp","href":"https:\/\/api.w.org\/{rel}","templated":true}]}}