{"id":15979,"date":"2021-01-20T12:38:52","date_gmt":"2021-01-20T10:38:52","guid":{"rendered":"https:\/\/mnlr.ro\/?p=15979"},"modified":"2021-01-22T23:49:13","modified_gmt":"2021-01-22T21:49:13","slug":"memoria-obiectelor-mici-si-mari-2-cu-alexander-hausvater","status":"publish","type":"post","link":"https:\/\/mnlr.ro\/en\/memoria-obiectelor-mici-si-mari-2-cu-alexander-hausvater\/","title":{"rendered":"Memoria obiectelor mici \u0219i mari pe \u00een\u021belesul tuturor #2 cu ALEXANDER HAUSVATER"},"content":{"rendered":"<div><\/div>\n<div class=\"kvgmc6g5 cxmmr5t8 oygrvhab hcukyx3x c1et5uql\">\n<p>Alexander Hausvater, unul dintre cei mai mari \u0219i mai fascinan\u021bi regizori ai ultimelor decenii, revine la Muzeul Na\u021bional al Literaturii Rom\u00e2ne, \u00een cadrul rubricii \u201eMemoria obiectelor mici \u0219i mari pe \u00een\u021belesul tuturor\u201d. Am vizitat \u00eempreun\u0103 cu regizorul Casa Memorial\u0103 \u201eLiviu \u0219i Fanny Liviu Rebreanu\u201d \u0219i am povestit \u00eempreun\u0103 cu el despre memoria marilor personalit\u0103\u021bi culturale \u0219i rolul pe care o cas\u0103 memorial\u0103 o are pentru mo\u0219tenirea cultural\u0103 a celor care au locuit-o, despre Alexander Hausvater muzeograf de o zi, dac\u0103 \u0219i-ar fi ales o alt\u0103 profesie dec\u00e2t cea de regizor, despre alegerea profesiei de regizor, care este pozi\u021bia dramaturgiei rom\u00e2ne\u0219ti \u00een literatura universal\u0103, de ce citim mai pu\u021bin\u0103 dramaturgie fa\u021b\u0103 de alte genuri literare, dar mai ales despre alegerea textelor care stau la baza marilor spectacole alese de el, despre transformarea acestora \u00een spectacole, despre alegerea romanului \u201eAdam \u0219i Eva\u201d, locul pe care acest spectacol de referin\u021b\u0103 \u00eel are ast\u0103zi \u00een istoria teatrului rom\u00e2nesc \u0219i \u00een crea\u021bia regizorului, despre confesiunea regizorului Alexander Hausvater care a crezut de la \u00eenceput \u00een acest roman \u0219i care dincolo de dramatismul neinten\u021bionat al romanului care l-a convins s\u0103 \u00eel transforme \u00een spectacol, a v\u0103zut \u00een el ceea ce ar fi putut deveni cel mai important roman al perioadei nu doar pe plan local, ci \u0219i pe plan interna\u021bional.<\/p>\n<p>Alexander HAUSVATER, regizorul care nu separ\u0103 arta de via\u021b\u0103, s-a n\u0103scut la 11 iunie 1949 la Bucure\u0219ti, de unde a emigrat \u00eempreun\u0103 cu familia sa \u00een Israel zece ani mai t\u00e2rziu. \u00cen 1967, porne\u0219te spre Dublin, dup\u0103 ce va absolvi cursurile Universit\u0103\u021bii din Tel Aviv, iar \u00een ora\u0219ul care \u00eei va deveni o nou\u0103 cas\u0103, urmeaz\u0103 cursuri de literatur\u0103 dramatic\u0103 \u0219i debuteaz\u0103 ca regizor. A debutat ca regizor cu spectacolul \u201eNazdravanul Occidentului\u201d \u00een 1971, la Teatrul Na\u021bional Irlandez din Dublin, spectacolul fiind interzis la scurt timp \u201edin cauza pudibonderiei de atunci\u201d, dar \u0219i pentru c\u0103 se juca \u00een limba celtic\u0103. \u00centre 1969 \u0219i 1972 a fost directorul artistic al Teatrului Peacock din Dublin, iar din 1971 \u00eel reg\u0103sim \u00een Canada, cea de-a patra sa cas\u0103, de unde va reveni \u00een Rom\u00e2nia pentru prima oar\u0103 \u00een 1990, imediat dup\u0103 c\u0103derea regimului comunist. \u00cen Canada are o carier\u0103 excep\u021bional\u0103 ca regizor, fondator \u0219i direct de teatru, profesor. De-a lungul anilor, cariera sa este marcat\u0103 de regizarea a peste 150 de spectacole \u00een Canada, Irlanda, Israel \u0219i Rom\u00e2nia.<\/p>\n<p>Invita\u021bii din cadrul noului nostru proiect vor alege \u0219i obiectele lunii, pe care v\u0103 invit\u0103m s\u0103 le descoperi\u021bi \u00een tururile ghidate organizate de colegii no\u0219tri muzeografi doar pe parcursul lunii \u00een curs. Obiectul lunii februarie ales de regizorul Alexander Hausvater este ma\u0219ina de scris a scriitorului Liviu Rebreanu, cea la care acesta a cules inclusiv manuscrisul romanului \u201eAdam \u0219i Eva\u201d, romanul at\u00e2t de iubit de invitatul nostru, ma\u0219ina de scris despre care vom povesti cur\u00e2nd \u0219i pe pagina de Facebook a MNLR.<\/p>\n<div class=\"kvgmc6g5 cxmmr5t8 oygrvhab hcukyx3x c1et5uql\">\n<p>\u201eMemoria obiectelor mici \u0219i mari pe \u00een\u021belesul tuturor\u201d este un proiect prin care vom spune pove\u0219tile obiectelor de patrimoniu aflate \u00een cele cinci case memoriale aflate \u00een patrimoniul MNLR \u00eempreun\u0103 cu personalit\u0103\u021bi culturale remarcabile din diferite domenii, a c\u0103ror istorie personal\u0103 se \u00eent\u00e2lne\u0219te cu istoria obiectelor prezentate de ei. Nu vom afla doar povestea obiectelor de patrimoniu, fie ele mai valoroase prin pre\u021biozitatea \u0219i unicitatea lor sau prin contextualizarea istoric\u0103 \u0219i prin importan\u021ba pe care au dob\u00e2ndit-o datorit\u0103 scriitorilor c\u0103rora le-au apar\u021binut \u0219i familiilor acestora, ci vom \u00eemp\u0103rt\u0103\u0219i \u0219i amintiri \u0219i tr\u0103iri din via\u021ba invita\u021bilor no\u0219tri.<\/p>\n<p>Mai multe detalii despre cea de-a doua edi\u021bie aici:<br \/>\nhttps:\/\/www.facebook.com\/events\/4063413797026150\/<\/p>\n<\/div>\n<div>\n<p>Echipa de proiect:<br \/>\nAdrian David, muzeograf Casa Memorial\u0103 \u201eIon Minulescu \u0219i Claudia Millian\u201d \u0219i Casa Memorial\u0103 \u201eLiviu \u0219i Fanny Liviu Rebreanu\u201d<br \/>\nDorothea Nicolescu, muzeograf Casa Memorial\u0103 \u201eTudor Arghezi \u2013 M\u0103r\u021bi\u0219or\u201d<br \/>\nLelia Spirescu, muzeograf Casa Memorial\u0103 \u201eGeorge \u0219I Agatha Bacovia\u201d<br \/>\nM\u0103d\u0103lina \u0218chiopu, muzeograf Casa Memorial\u0103 \u201eAnton Pann\u201d<br \/>\nImagine: Grigoru\u021b Stoica \u0219i Alex Ursu<br \/>\nCoordonator multimedia: Alex Ursu<br \/>\nProiect coordonat \u0219i realizat de Andreea Dr\u0103ghicescu<\/p>\n<\/div>\n<\/div>","protected":false},"excerpt":{"rendered":"<p>Alexander Hausvater, unul dintre cei mai mari \u0219i mai fascinan\u021bi regizori ai ultimelor decenii, revine la Muzeul Na\u021bional al Literaturii&#8230;<\/p>","protected":false},"author":8,"featured_media":15980,"comment_status":"closed","ping_status":"closed","sticky":false,"template":"","format":"standard","meta":{"_exactmetrics_skip_tracking":false,"_exactmetrics_sitenote_active":false,"_exactmetrics_sitenote_note":"","_exactmetrics_sitenote_category":0,"footnotes":""},"categories":[24,32,9,52,10,8,26],"tags":[],"class_list":["post-15979","post","type-post","status-publish","format-standard","has-post-thumbnail","hentry","category-dezbateri-culturale","category-educatie-muzeala","category-evenimente","category-evenimente-on-line","category-portrete","category-recomandari","category-spectacole-de-teatru"],"_links":{"self":[{"href":"https:\/\/mnlr.ro\/en\/wp-json\/wp\/v2\/posts\/15979","targetHints":{"allow":["GET"]}}],"collection":[{"href":"https:\/\/mnlr.ro\/en\/wp-json\/wp\/v2\/posts"}],"about":[{"href":"https:\/\/mnlr.ro\/en\/wp-json\/wp\/v2\/types\/post"}],"author":[{"embeddable":true,"href":"https:\/\/mnlr.ro\/en\/wp-json\/wp\/v2\/users\/8"}],"replies":[{"embeddable":true,"href":"https:\/\/mnlr.ro\/en\/wp-json\/wp\/v2\/comments?post=15979"}],"version-history":[{"count":5,"href":"https:\/\/mnlr.ro\/en\/wp-json\/wp\/v2\/posts\/15979\/revisions"}],"predecessor-version":[{"id":16031,"href":"https:\/\/mnlr.ro\/en\/wp-json\/wp\/v2\/posts\/15979\/revisions\/16031"}],"wp:featuredmedia":[{"embeddable":true,"href":"https:\/\/mnlr.ro\/en\/wp-json\/wp\/v2\/media\/15980"}],"wp:attachment":[{"href":"https:\/\/mnlr.ro\/en\/wp-json\/wp\/v2\/media?parent=15979"}],"wp:term":[{"taxonomy":"category","embeddable":true,"href":"https:\/\/mnlr.ro\/en\/wp-json\/wp\/v2\/categories?post=15979"},{"taxonomy":"post_tag","embeddable":true,"href":"https:\/\/mnlr.ro\/en\/wp-json\/wp\/v2\/tags?post=15979"}],"curies":[{"name":"wp","href":"https:\/\/api.w.org\/{rel}","templated":true}]}}