{"id":16016,"date":"2021-01-22T16:18:14","date_gmt":"2021-01-22T14:18:14","guid":{"rendered":"https:\/\/mnlr.ro\/?p=16016"},"modified":"2021-01-27T14:24:11","modified_gmt":"2021-01-27T12:24:11","slug":"zilele-culturii-nationale-la-mnlr-saptamana-25-31-ianuarie-2021","status":"publish","type":"post","link":"https:\/\/mnlr.ro\/en\/zilele-culturii-nationale-la-mnlr-saptamana-25-31-ianuarie-2021\/","title":{"rendered":"Zilele Culturii Na\u021bionale la MNLR | Programul s\u0103pt\u0103m\u00e2nii 25 &#8211; 31 ianuarie 2021"},"content":{"rendered":"<p>Intr\u0103m \u00een ultima s\u0103pt\u0103m\u00e2n\u0103 dedicat\u0103 <em>Zilelor Culturii Na\u021bionale<\/em>, proiect realizat \u00een parteneriat cu Ministerul Culturii, \u0219i v\u0103 prezent\u0103m programul\u00a0evenimentelor on-line \u0219i off-line pentru perioada 25 &#8211; 31 ianuarie:<\/p>\n<p><strong>Luni, 25 ianuarie 2021<\/strong><\/p>\n<p><strong>ora 19.00<\/strong><br \/>\nRecital Nicolae Voicule\u021b | eveniment on-line<br \/>\n____________________<\/p>\n<p><strong>Mar\u021bi, 26 ianuarie 2021<\/strong><\/p>\n<p><strong>ora 15.00<\/strong><br \/>\nRecital Mircea Rusu\u00a0<em>|\u00a0<\/em>eveniment on-line<\/p>\n<p><strong>ora 17.00<\/strong><br \/>\nRecital Florin Zamfirescu\u00a0<em>|\u00a0<\/em>eveniment on-line<\/p>\n<p><strong>ora 19.00<\/strong><br \/>\nLectur\u0103 Mihai Constantin\u00a0<em>|\u00a0<\/em>eveniment on-line<\/p>\n<p><strong>ora 20.00<\/strong><br \/>\nRecital Lari Giorgescu\u00a0<em>|\u00a0<\/em>eveniment on-line<\/p>\n<p><strong>ora 21:00<\/strong><br \/>\n<em>Memoria obiectelor mici \u0219i mari pe \u00een\u021belesul tuturor #4\u00a0|\u00a0<\/em>eveniment on-line<br \/>\nInvitat: Adrian Majuru, istoric, antropograf \u0219i jurnalist<br \/>\nMaterial filmat la Casa Memorial\u0103 \u201eAnton Pann\u201d, Strada Anton Pann 20<br \/>\n_________________<\/p>\n<p><strong>Miercuri, 27 ianuarie 2021<\/strong><\/p>\n<p><strong>ora 11.00<\/strong><br \/>\nRegizorul Attila Vizauer despre teatrul radiofonic \u00een Rom\u00e2nia | eveniment on-line<\/p>\n<p><strong>ora 16.00<\/strong><br \/>\nInterven\u021bia regizorului Felix Alexa | eveniment on-line<\/p>\n<p><strong>ora 19.00<\/strong><br \/>\nG\u00e1bor Tompa \u00een dialog cu George Banu | eveniment on-line<\/p>\n<p><strong>ora 21:00<\/strong><br \/>\n<em>Memoria obiectelor mici \u0219i mari pe \u00een\u021belesul tuturor <\/em>#5 | eveniment on-line<br \/>\nInvitat\u0103: Ioana P\u00e2rvulescu, scriitoare, profesor universitar \u0219i cercet\u0103tor literar<br \/>\nMaterial filmat la Casa Memorial\u0103 \u201eIon Minulescu \u0219i Claudia Millian\u201d, Blvd. Prof. Dr. Gheorghe Marinescu 1<\/p>\n<p><strong>ora 22.00<\/strong><br \/>\nInterven\u021bia Marinei Constantinescu despre memorie, meseria de critic de teatru,\u00a0<em>Nocturne<\/em>\u00a0\u0219i Festivalul Na\u021bional de Teatru | eveniment on-line<br \/>\n____________________<\/p>\n<p><strong>Joi, 28 ianuarie 2021<\/strong><\/p>\n<p><strong>ora 11.00<\/strong><br \/>\nInterven\u021bia regizorului Alexa Visarion despre \u201eCaragiale \u00een teatru \u0219i film, \u00een \u021bar\u0103 \u0219i afar\u0103\u201d, dar \u0219i despre c\u0103r\u021bile sale, \u201eCealalt\u0103 scen\u0103\u201d \u0219i \u201eProfe\u021bii spectaculare\u201d | eveniment on-line<\/p>\n<p><strong>ora 16.00<\/strong><br \/>\nProiec\u021bia filmului \u201eComoara naiv\u0103\u201d \u0219i dezbatere cu regizorul de film documentar Copel Moscu<br \/>\nMansarda MNLR, expozi\u021bia de baz\u0103, Strada Nicolae Cre\u021bulescu 8<\/p>\n<p><strong>Eveniment cu public. Intrarea este liber\u0103, \u00een baza unei rezerv\u0103ri la adresa <a href=\"mailto:programe@mnlr.ro\" data-cke-saved-href=\"mailto:programe@mnlr.ro\">programe@mnlr.ro<\/a> sau pe WhatsApp, la num\u0103rul 0736598451, persoana de contact \u2013 Gabriela Toma.<\/strong><\/p>\n<p><strong>ora 16.00<\/strong><br \/>\nMuzeul Na\u021bional al Literaturii Rom\u00e2ne, Strada Nicolae Cre\u021bulescu 8<\/p>\n<p>Recital al actorilor Zoltan Butuc \u0219i Delia Nartea, parcipan\u021bi ca lectori ai unor c\u0103r\u021bi audio, \u00een cadrul unui proiect al Asocia\u021biei Nev\u0103z\u0103torilor din Rom\u00e2nia<\/p>\n<p>Amfitrion: scriitorul Radu Sergiu Ruba<\/p>\n<p>Recitalul va fi urmat de o discu\u021bie la care vor participa prof. univ. dr. Ioan Cristescu, director general al Muzeului Na\u021bional al Literaturii Rom\u00e2ne, prof. Mihai Dima, vicepre\u0219edinte al Asocia\u021biei Nev\u0103z\u0103torilor din Rom\u00e2nia, domnul Marius Bodochi, director al Teatrului Dramaturgilor Rom\u00e2ni, \u0219i doamna Ramona Mezei, manager al Bibliotecii Metropolitane Bucure\u0219ti, pe tema resurselor digitale pentru nev\u0103z\u0103tori \u0219i despre posibilit\u0103\u021bile de dezvoltare a acestora.<\/p>\n<p><strong>ora 17.00<\/strong><br \/>\n<em>C\u00e2teva note despre ultimii 20 de ani de cinematografie\u00a0rom\u00e2nesc\u0103<\/em>\u00a0| Ileana B\u00eersan \u00een dialog cu Andrei Gorzo\u00a0<em>|\u00a0<\/em>eveniment on-line<\/p>\n<p><strong>ora 19.00<\/strong><br \/>\nIleana Perne\u0219 D\u0103n\u0103lache va intra \u00een dialog cu actorul Valentin Teodosiu \u0219i regizorul Constantin Vaeni despre\u00a0filmul\u00a0<em>Drume\u021b \u00een calea lupilor<\/em>\u00a0| eveniment on-line<\/p>\n<p><strong>ora 21:00<\/strong><br \/>\n<em>Memoria obiectelor mici \u0219i mari pe \u00een\u021belesul tuturor #6\u00a0|\u00a0<\/em>eveniment on-line<br \/>\nInvitat\u0103: Ana-Maria Sandu, scriitoare \u0219i jurnalist\u0103<br \/>\nMaterial filmat la Casa Memorial\u0103 \u201eLiviu \u0219i Fanny Liviu Rebreanu\u201d, Blvd. Prof. Dr. Gheorghe Marinescu 19<br \/>\n____________________<\/p>\n<p><strong>Vineri, 29 ianuarie 2021<\/strong><\/p>\n<p><strong>ora 12.00<\/strong><br \/>\n<em>Despre \u0219coli \u0219i filiere literare cu criticul \u0219i istoricul Paul Cernat<\/em><em>|\u00a0<\/em>eveniment on-line<\/p>\n<p><strong>ora 17.00<\/strong><br \/>\nRecital Ioana Cr\u0103ciunescu <em>|\u00a0<\/em>eveniment on-line<\/p>\n<p><strong>ora 16.00<\/strong><br \/>\nScriitoarea Ioana Nicolaie invit\u0103 vizitatorii s\u0103 exploreze sala Marilor romancieri (MNLR Cre\u021bulescu), cu o scurt\u0103 oprire \u00een dreptul vitrinei dedicate scriitorului Liviu Rebreanu, pentru un dialog pe marginea romanului <em>Ion<\/em>, de la apari\u021bia c\u0103ruia s-au \u00eemplinit, anul trecut, 100 de ani. Vizita va continua \u00een sala dedicat\u0103 optzeci\u0219tilor \u0219i avangardei, unde vom c\u0103uta \u00eempreun\u0103 sensuri diferite obiectelor\u00a0<em>steampunk<\/em>\u00a0realizate de poetul Traian T. Co\u0219ovei. La finalul \u00eent\u00e2lnirii, scriitoarea Ioana Nicolaie va citi c\u00e2teva fragmente din volumul \u00een manuscris\u00a0<em>Tot \u00eenainte<\/em>.<\/p>\n<p><strong>Eveniment cu public. Intrarea este liber\u0103, \u00een baza unei rezerv\u0103ri la adresa <a href=\"mailto:programe@mnlr.ro\" data-cke-saved-href=\"mailto:programe@mnlr.ro\">programe@mnlr.ro<\/a> sau pe WhatsApp, la num\u0103rul 0736598451, persoana de contact \u2013 Gabriela Toma.<\/strong><\/p>\n<p><strong>ora 19.00<\/strong><br \/>\nCum se vede cultura rom\u00e2n\u0103 \u00een alte spa\u021bii? La aceast\u0103 \u00eentrebare ne r\u0103spund Bruno Mazzoni, din Italia, \u0219i Victor Ivanovici, din Grecia, \u00eentr-un trialog cu prof. univ. dr. Ioan Cristescu, director general al MNLR | eveniment on-line<\/p>\n<p><strong>ora 21:00<\/strong><br \/>\n<em>Memoria obiectelor mici \u0219i mari pe \u00een\u021belesul tuturor #7\u00a0|\u00a0<\/em>eveniment on-line<br \/>\nInvitat\u0103: Mihaela Dedeoglu, jurnalist\u0103<br \/>\nMaterial filmat la Casa Memorial\u0103 \u201eTudor Arghezi &#8211; M\u0103r\u021bi\u0219or\u201d, Str. M\u0103r\u021bi\u0219or 26<br \/>\n____________________<\/p>\n<p><strong>S\u00e2mb\u0103t\u0103, 30 ianuarie 2021<\/strong><\/p>\n<p><em>Coresponden\u021ba scriitorilor rom\u00e2ni<\/em> <em>|<\/em> ghidaj tematic pentru familii<br \/>\nSediul MNLR, Strada Nicolae Cre\u021bulescu 8<\/p>\n<p><strong>Eveniment cu public. Intrarea este liber\u0103, \u00een baza unei rezerv\u0103ri la adresa<\/strong><strong> <a href=\"mailto:programe@mnlr.ro\" data-cke-saved-href=\"mailto:programe@mnlr.ro\">programe@mnlr.ro<\/a> sau pe WhatsApp, la num\u0103rul 0736598451, persoana de contact \u2013 Gabriela Toma.<\/strong><\/p>\n<p><strong>ora 11.00<br \/>\n<\/strong>Dezbatere \u00eentre criticul literar Bogdan Cre\u021bu, scriitoarea Andreea R\u0103suceanu \u0219i arhitectul Constantin Goagea | eveniment on-line<\/p>\n<p><strong>ora 21:00<\/strong><br \/>\n<em>Memoria obiectelor mici \u0219i mari pe \u00een\u021belesul tuturor #8\u00a0|\u00a0<\/em>eveniment on-line<br \/>\nInvitat: Nicolae Ilfoveanu, artist vizual<br \/>\nMaterial filmat la Casa Memorial\u0103 \u201eAnton Pann\u201d, Str. Anton Pann 20<\/p>\n<p>____________________<\/p>\n<p><strong>Duminic\u0103, 31 ianuarie 2021<\/strong><br \/>\n<strong>ora 15.00<\/strong><br \/>\n<em>Traducerile c\u0103r\u021bilor pentru copii |\u00a0<\/em>eveniment on-line<br \/>\nParticip\u0103: Florin Bican, Laura Frunz\u0103<\/p>\n<p><strong>ora 17.00<\/strong><br \/>\n<em>Traducerile c\u0103r\u021bilor pentru adolescen\u021bi |<\/em>\u00a0eveniment on-line<br \/>\nParticip\u0103: Simona \u0218tefana Stoica, Oana Valeria Radu, Irina Stoica<br \/>\nModerator: Iulia Dromereschi<\/p>\n<p><strong>ora 19.00<\/strong><br \/>\n<em>Traduc\u0103tori ai c\u0103r\u021bilor de fic\u021biune\u00a0|\u00a0<\/em>eveniment on-line<br \/>\nSesiunea 1: Mihaela Buruian\u0103, Iulia Gorzo, Irina Bor\u021boi, Bogdan Ghiu<br \/>\nSesiunea 2: Simina R\u0103chi\u021beanu, Ovio Olaru, Cristina Godun, Sigrid Cr\u0103snean<br \/>\nModeratorii ambelor \u00eent\u00e2lniri prin Zoom: Simina Popa \u0219i Claudiu Sfirschi-L\u0103udat<\/p>\n<p><strong>ora 21:00<\/strong><br \/>\n<em>Memoria obiectelor mici \u0219i mari pe \u00een\u021belesul tuturor #9\u00a0|\u00a0<\/em>eveniment on-line<br \/>\nInvitat: Alexandru Tomescu, violonist<br \/>\nMaterial filmat la Casa Memorial\u0103 \u201eGeorge \u0219i Agatha Bacovia\u201d, Str. George Bacovia 63<\/p>\n<p><strong>Toate materialele realizate \u00een perioada 15 <\/strong><strong>\u2013 <\/strong><strong>31 ianuarie 2021 vor fi disponibile pe <\/strong><a href=\"https:\/\/mnlr.ro\/en\/evenimente\/\" data-cke-saved-href=\"https:\/\/mnlr.ro\/evenimente\/\"><strong>site-ul MNLR<\/strong><\/a><strong>, pe paginile de <\/strong><a href=\"https:\/\/www.facebook.com\/muzeul.literaturii.romane\" data-cke-saved-href=\"https:\/\/www.facebook.com\/muzeul.literaturii.romane\"><strong>Facebook<\/strong><\/a><strong> \u0219i <\/strong><a href=\"https:\/\/www.instagram.com\/m_n_l_r_bucuresti\/?hl=ro\" data-cke-saved-href=\"https:\/\/www.instagram.com\/m_n_l_r_bucuresti\/?hl=ro\"><strong>Instagram<\/strong><\/a><strong> ale MNLR, precum \u0219i pe platforma web <\/strong><a href=\"https:\/\/culturaindirect.ro\/category\/actualitate\/\" data-cke-saved-href=\"https:\/\/culturaindirect.ro\/category\/actualitate\/\"><strong>culturaindirect.ro<\/strong><\/a><strong>.<\/strong><\/p>","protected":false},"excerpt":{"rendered":"<p>Intr\u0103m \u00een ultima s\u0103pt\u0103m\u00e2n\u0103 dedicat\u0103 Zilelor Culturii Na\u021bionale, proiect realizat \u00een parteneriat cu Ministerul Culturii, \u0219i v\u0103 prezent\u0103m programul\u00a0evenimentelor on-line&#8230;<\/p>","protected":false},"author":8,"featured_media":15960,"comment_status":"closed","ping_status":"closed","sticky":false,"template":"","format":"standard","meta":{"_exactmetrics_skip_tracking":false,"_exactmetrics_sitenote_active":false,"_exactmetrics_sitenote_note":"","_exactmetrics_sitenote_category":0,"footnotes":""},"categories":[9,52,8],"tags":[],"class_list":["post-16016","post","type-post","status-publish","format-standard","has-post-thumbnail","hentry","category-evenimente","category-evenimente-on-line","category-recomandari"],"_links":{"self":[{"href":"https:\/\/mnlr.ro\/en\/wp-json\/wp\/v2\/posts\/16016","targetHints":{"allow":["GET"]}}],"collection":[{"href":"https:\/\/mnlr.ro\/en\/wp-json\/wp\/v2\/posts"}],"about":[{"href":"https:\/\/mnlr.ro\/en\/wp-json\/wp\/v2\/types\/post"}],"author":[{"embeddable":true,"href":"https:\/\/mnlr.ro\/en\/wp-json\/wp\/v2\/users\/8"}],"replies":[{"embeddable":true,"href":"https:\/\/mnlr.ro\/en\/wp-json\/wp\/v2\/comments?post=16016"}],"version-history":[{"count":7,"href":"https:\/\/mnlr.ro\/en\/wp-json\/wp\/v2\/posts\/16016\/revisions"}],"predecessor-version":[{"id":16102,"href":"https:\/\/mnlr.ro\/en\/wp-json\/wp\/v2\/posts\/16016\/revisions\/16102"}],"wp:featuredmedia":[{"embeddable":true,"href":"https:\/\/mnlr.ro\/en\/wp-json\/wp\/v2\/media\/15960"}],"wp:attachment":[{"href":"https:\/\/mnlr.ro\/en\/wp-json\/wp\/v2\/media?parent=16016"}],"wp:term":[{"taxonomy":"category","embeddable":true,"href":"https:\/\/mnlr.ro\/en\/wp-json\/wp\/v2\/categories?post=16016"},{"taxonomy":"post_tag","embeddable":true,"href":"https:\/\/mnlr.ro\/en\/wp-json\/wp\/v2\/tags?post=16016"}],"curies":[{"name":"wp","href":"https:\/\/api.w.org\/{rel}","templated":true}]}}