{"id":16021,"date":"2021-01-22T17:00:32","date_gmt":"2021-01-22T15:00:32","guid":{"rendered":"https:\/\/mnlr.ro\/?p=16021"},"modified":"2021-01-22T18:16:58","modified_gmt":"2021-01-22T16:16:58","slug":"ion-bogdan-stefanescu-despre-poetii-muzicieni","status":"publish","type":"post","link":"https:\/\/mnlr.ro\/en\/ion-bogdan-stefanescu-despre-poetii-muzicieni\/","title":{"rendered":"Ion Bogdan \u0218tef\u0103nescu despre poe\u021bii muzicieni"},"content":{"rendered":"<p>Prezent \u00een Muzeul Na\u021bional al Literaturii Rom\u00e2ne, \u201espa\u021biu definitoriu pentru cultura rom\u00e2n\u0103\u201d, de Zilele Culturii Na\u021bionale, Ion Bogdan \u0218tef\u0103nescu a ales s\u0103 dezv\u0103luie realiz\u0103rile literare a trei confra\u021bi de breasl\u0103, respectiv Nicolae Coman, Mihai Miltiade Nenoiu \u0219i Liviu Alinc\u0103i, \u201edin respect pentru faptul c\u0103, pe l\u00e2ng\u0103 exprimarea prin sunet, cei trei au ales s\u0103 o exerseze \u0219i pe cea prin cuv\u00e2nt.\u201d Discursul lui Ion Bogdan \u0218tef\u0103nescu, bogat \u00een detalii biografice \u0219i versuri ale celor trei muzicieni-poe\u021bi, cuprinde \u0219i o scurt\u0103 prezentare a celui mai recent volum al s\u0103u de poezie, publicat sub auspiciile prestigioasei Funda\u021bii Na\u021bionale pentru \u0218tiin\u021b\u0103 \u0219i Art\u0103, ini\u021biat\u0103 \u0219i condus\u0103 de academicienii Maya Simionescu \u0219i Eugen Simion. Poemele sale fac de acum \u201ecorp comun cu operele de art\u0103 alese pentru ilustra\u021bie\u201d, miniaturi textile, grefate pe tehnici coreene, decantate prin filtrul creator al Annei Orban, numite \u201eLacrimi textile\u201d. Prezentarea lui Ion Bogdan \u0218tef\u0103nescu, solist al Filarmonicii \u201eGeorge Enescu\u201d, profesor de flaut la Universitatea Na\u021bional\u0103 de Muzic\u0103 din Bucure\u0219ti, are inserate \u0219i c\u00e2teva surprize muzicale.<br \/>\nUrm\u0103ri\u021bi materialul aici:<br \/>\n<iframe loading=\"lazy\" title=\"Ion Bogdan \u0218tef\u0103nescu despre poe\u021bii muzicieni\" src=\"https:\/\/player.vimeo.com\/video\/502572387?dnt=1&amp;app_id=122963\" width=\"500\" height=\"281\" frameborder=\"0\" allow=\"autoplay; fullscreen; picture-in-picture; clipboard-write\"><\/iframe><\/p>","protected":false},"excerpt":{"rendered":"<p>Prezent \u00een Muzeul Na\u021bional al Literaturii Rom\u00e2ne, \u201espa\u021biu definitoriu pentru cultura rom\u00e2n\u0103\u201d, de Zilele Culturii Na\u021bionale, Ion Bogdan \u0218tef\u0103nescu a&#8230;<\/p>","protected":false},"author":8,"featured_media":15960,"comment_status":"closed","ping_status":"closed","sticky":false,"template":"","format":"standard","meta":{"_exactmetrics_skip_tracking":false,"_exactmetrics_sitenote_active":false,"_exactmetrics_sitenote_note":"","_exactmetrics_sitenote_category":0,"footnotes":""},"categories":[9,52],"tags":[],"class_list":["post-16021","post","type-post","status-publish","format-standard","has-post-thumbnail","hentry","category-evenimente","category-evenimente-on-line"],"_links":{"self":[{"href":"https:\/\/mnlr.ro\/en\/wp-json\/wp\/v2\/posts\/16021","targetHints":{"allow":["GET"]}}],"collection":[{"href":"https:\/\/mnlr.ro\/en\/wp-json\/wp\/v2\/posts"}],"about":[{"href":"https:\/\/mnlr.ro\/en\/wp-json\/wp\/v2\/types\/post"}],"author":[{"embeddable":true,"href":"https:\/\/mnlr.ro\/en\/wp-json\/wp\/v2\/users\/8"}],"replies":[{"embeddable":true,"href":"https:\/\/mnlr.ro\/en\/wp-json\/wp\/v2\/comments?post=16021"}],"version-history":[{"count":1,"href":"https:\/\/mnlr.ro\/en\/wp-json\/wp\/v2\/posts\/16021\/revisions"}],"predecessor-version":[{"id":16022,"href":"https:\/\/mnlr.ro\/en\/wp-json\/wp\/v2\/posts\/16021\/revisions\/16022"}],"wp:featuredmedia":[{"embeddable":true,"href":"https:\/\/mnlr.ro\/en\/wp-json\/wp\/v2\/media\/15960"}],"wp:attachment":[{"href":"https:\/\/mnlr.ro\/en\/wp-json\/wp\/v2\/media?parent=16021"}],"wp:term":[{"taxonomy":"category","embeddable":true,"href":"https:\/\/mnlr.ro\/en\/wp-json\/wp\/v2\/categories?post=16021"},{"taxonomy":"post_tag","embeddable":true,"href":"https:\/\/mnlr.ro\/en\/wp-json\/wp\/v2\/tags?post=16021"}],"curies":[{"name":"wp","href":"https:\/\/api.w.org\/{rel}","templated":true}]}}