{"id":16126,"date":"2021-01-29T05:30:44","date_gmt":"2021-01-29T03:30:44","guid":{"rendered":"https:\/\/mnlr.ro\/?p=16126"},"modified":"2021-01-31T20:26:49","modified_gmt":"2021-01-31T18:26:49","slug":"memoria-obiectelor-mici-si-mari-pe-intelesul-tuturor-6-cu-mihaela-dedeoglu","status":"publish","type":"post","link":"https:\/\/mnlr.ro\/en\/memoria-obiectelor-mici-si-mari-pe-intelesul-tuturor-6-cu-mihaela-dedeoglu\/","title":{"rendered":"Memoria obiectelor mici \u0219i mari pe \u00een\u021belesul tuturor #6 cu MIHAELA DEDEOGLU"},"content":{"rendered":"<p>Prin intermediul proiectului \u201eMemoria obiectelor mici \u0219i mari pe \u00een\u021belesul tuturor\u201d, am pornit \u00een (re)cunoa\u0219terea \u0219i (re)vizitarea unor personalit\u0103\u021bi culturale remarcabile care avem certitudinea c\u0103 nu vor marca doar scena cultural\u0103 contemporan\u0103, ci vor deveni parte a celei mai autentice mo\u0219teniri culturale viitoare care se constituie cu pa\u0219i siguri zi de zi. \u00cempreun\u0103 cu invita\u021bii no\u0219tri dezv\u0103luim acel fir ro\u0219u care leag\u0103 marile spirite de ieri de istoria prezent\u0103 a oamenilor mari de ast\u0103zi. \u0218i \u00eentr-o zi, medit\u00e2nd asupra primelor 10 nume ale acestor invita\u021bi, am sesizat c\u0103 \u00een fiecare diminea\u021b\u0103, \u00eencep\u00e2nd cu ora 10.00, \u0219i p\u00e2n\u0103 \u00een amiaza t\u00e2rzie, la ora 13.00, exist\u0103 acea personalitate cultural\u0103 care nu doar c\u0103 a avut \u00een studioul s\u0103u mii de invita\u021bi remarcabili care ne-au povestit despre activitatea lor, despre ce le place s\u0103 fac\u0103 mai mult, despre proiectele de ieri \u0219i de ast\u0103zi, dar \u0219i c\u0103 exist\u0103 un moment \u00een fiecare zi a s\u0103pt\u0103m\u00e2nii \u00een care pare c\u0103 \u00eentreaga scen\u0103 cultural\u0103 actual\u0103 se reune\u0219te \u00een jurul unei singure emisiuni #ZEBRA \u0219i a produc\u0103toarei, realizatoarei, moderatoarei care ne aduce \u00een case, prin intermediul undelor radio, pe frecven\u021bele RFI Rom\u00e2nia, vocile cele mai fascinante ale unei lumi at\u00e2t de efervescente: jurnalista Mihaela Dedeoglu.<\/p>\n<p>Mihaela Dedeoglu este invitata episodului #6 din prima serie a proiectului \u201eMemoria obiectelor mici \u0219i mari pe \u00een\u021belesul tuturor\u201d, al\u0103turi de care am vizitat de cur\u00e2nd M\u0103r\u021bi\u0219orul lui Arghezi, un scriitor at\u00e2t de celebru printre cititorii de toate v\u00e2rstele, care a excelat \u00een jurnalism nu doar ca pamfletar des\u0103v\u00e2r\u0219it al Cronicii \u0219i ca director al Biletelor de papagal, dar \u0219i ca om de radio. Discut\u0103m, a\u0219adar, cu invitata noastr\u0103 Mihaela Dedeoglu, ast\u0103zi aflat\u0103 \u00een inedita ipostaz\u0103 de invitat, despre lumile de ieri \u0219i de azi, despre Radio-Papagal, despre \u00eenceputurile sale \u00een lumea televiziunii \u0219i a radioului, despre valorile sale, despre aparatele de radio folosite de Arghezi \u0219i despre primul aparat de radio al invitatei noastre, despre ce \u00eenseamn\u0103 ast\u0103zi jurnalismul cultural \u00een Rom\u00e2nia \u0219i despre rezisten\u021ba uneia dintre cele mai longevive emisiuni culturale de la noi, despre oamenii din trecut cu care \u0219i-ar fi dorit s\u0103 lucreze la vremea lor, dar \u0219i \u00een vremurile noastre. O altfel de \u00eent\u00e2lnire cu vocea Mihaelei Dedeoglu, at\u00e2t de plin\u0103 de emo\u021bie \u0219i at\u00e2t de autentic\u0103 \u0219i de fascinant\u0103 \u00een fiecare tr\u0103ire.<\/p>\n<p>Episodul va fi difuzat \u00een regim de premier\u0103 live pe pagina de Facebook a Muzeului Na\u021bional al Literaturii Rom\u00e2ne, https:\/\/www.facebook.com\/muzeul.literaturii.romane, mar\u021bi, 2 februarie 2021, ora 21:00, iar ulterior acesta va fi disponibil \u0219i pe site-ul <a class=\"oajrlxb2 g5ia77u1 qu0x051f esr5mh6w e9989ue4 r7d6kgcz rq0escxv nhd2j8a9 nc684nl6 p7hjln8o kvgmc6g5 cxmmr5t8 oygrvhab hcukyx3x jb3vyjys rz4wbd8a qt6c0cv9 a8nywdso i1ao9s8h esuyzwwr f1sip0of lzcic4wl py34i1dx gpro0wi8\" tabindex=\"0\" role=\"link\" href=\"https:\/\/mnlr.ro\/en\/?fbclid=IwAR27oAE1QezlJhd06fR7jq2vBX7yRiR88JIfjoXriuP-lmrLb8-CflyNx6g\" target=\"_blank\" rel=\"nofollow noopener\">www.mnlr.ro<\/a> \u0219i pe platforma MNLR <a class=\"oajrlxb2 g5ia77u1 qu0x051f esr5mh6w e9989ue4 r7d6kgcz rq0escxv nhd2j8a9 nc684nl6 p7hjln8o kvgmc6g5 cxmmr5t8 oygrvhab hcukyx3x jb3vyjys rz4wbd8a qt6c0cv9 a8nywdso i1ao9s8h esuyzwwr f1sip0of lzcic4wl py34i1dx gpro0wi8\" tabindex=\"0\" role=\"link\" href=\"http:\/\/www.culturaindirect.ro\/?fbclid=IwAR0Yqkbfox2hI-YgWoJbyZUAyplnZPkeyesDPRe4x7eorIvTFonOiJbA9QE\" target=\"_blank\" rel=\"nofollow noopener\">www.culturaindirect.ro.<\/a><\/p>\n<p>\u201eMemoria obiectelor mici \u0219i mari pe \u00een\u021belesul tuturor\u201d este un proiect prin care vom spune pove\u0219tile obiectelor de patrimoniu aflate \u00een cele cinci case memoriale aflate \u00een patrimoniul MNLR \u00eempreun\u0103 cu personalit\u0103\u021bi culturale remarcabile din diferite domenii, a c\u0103ror istorie personal\u0103 se \u00eent\u00e2lne\u0219te cu istoria obiectelor prezentate de ei. Nu vom afla doar povestea obiectelor de patrimoniu, fie ele mai valoroase prin pre\u021biozitatea \u0219i unicitatea lor sau prin contextualizarea istoric\u0103 \u0219i prin importan\u021ba pe care au dob\u00e2ndit-o datorit\u0103 scriitorilor c\u0103rora le-au apar\u021binut \u0219i familiilor acestora, ci vom \u00eemp\u0103rt\u0103\u0219i \u0219i amintiri \u0219i tr\u0103iri din via\u021ba invita\u021bilor no\u0219tri.<\/p>\n<p>Echipa de proiect:<br \/>\nAdrian David, muzeograf Casa Memorial\u0103 \u201eIon Minulescu \u0219i Claudia Millian\u201d \u0219i Casa Memorial\u0103 \u201eLiviu \u0219i Fanny Liviu Rebreanu\u201d<br \/>\nDorothea Nicolescu, muzeograf Casa Memorial\u0103 \u201eTudor Arghezi \u2013 M\u0103r\u021bi\u0219or\u201d<br \/>\nLelia Spirescu, muzeograf Casa Memorial\u0103 \u201eGeorge \u0219I Agatha Bacovia\u201d<br \/>\nM\u0103d\u0103lina \u0218chiopu, muzeograf Casa Memorial\u0103 \u201eAnton Pann\u201d<br \/>\nImagine: Grigoru\u021b Stoica \u0219i Alex Ursu<br \/>\nCoordonator multimedia: Alex Ursu<br \/>\nProiect coordonat \u0219i realizat de Andreea Dr\u0103ghicescu<\/p>","protected":false},"excerpt":{"rendered":"<p>Prin intermediul proiectului \u201eMemoria obiectelor mici \u0219i mari pe \u00een\u021belesul tuturor\u201d, am pornit \u00een (re)cunoa\u0219terea \u0219i (re)vizitarea unor personalit\u0103\u021bi culturale&#8230;<\/p>","protected":false},"author":8,"featured_media":16127,"comment_status":"closed","ping_status":"closed","sticky":false,"template":"","format":"standard","meta":{"_exactmetrics_skip_tracking":false,"_exactmetrics_sitenote_active":false,"_exactmetrics_sitenote_note":"","_exactmetrics_sitenote_category":0,"footnotes":""},"categories":[24,32,9,52,10,8],"tags":[],"class_list":["post-16126","post","type-post","status-publish","format-standard","has-post-thumbnail","hentry","category-dezbateri-culturale","category-educatie-muzeala","category-evenimente","category-evenimente-on-line","category-portrete","category-recomandari"],"_links":{"self":[{"href":"https:\/\/mnlr.ro\/en\/wp-json\/wp\/v2\/posts\/16126","targetHints":{"allow":["GET"]}}],"collection":[{"href":"https:\/\/mnlr.ro\/en\/wp-json\/wp\/v2\/posts"}],"about":[{"href":"https:\/\/mnlr.ro\/en\/wp-json\/wp\/v2\/types\/post"}],"author":[{"embeddable":true,"href":"https:\/\/mnlr.ro\/en\/wp-json\/wp\/v2\/users\/8"}],"replies":[{"embeddable":true,"href":"https:\/\/mnlr.ro\/en\/wp-json\/wp\/v2\/comments?post=16126"}],"version-history":[{"count":2,"href":"https:\/\/mnlr.ro\/en\/wp-json\/wp\/v2\/posts\/16126\/revisions"}],"predecessor-version":[{"id":16162,"href":"https:\/\/mnlr.ro\/en\/wp-json\/wp\/v2\/posts\/16126\/revisions\/16162"}],"wp:featuredmedia":[{"embeddable":true,"href":"https:\/\/mnlr.ro\/en\/wp-json\/wp\/v2\/media\/16127"}],"wp:attachment":[{"href":"https:\/\/mnlr.ro\/en\/wp-json\/wp\/v2\/media?parent=16126"}],"wp:term":[{"taxonomy":"category","embeddable":true,"href":"https:\/\/mnlr.ro\/en\/wp-json\/wp\/v2\/categories?post=16126"},{"taxonomy":"post_tag","embeddable":true,"href":"https:\/\/mnlr.ro\/en\/wp-json\/wp\/v2\/tags?post=16126"}],"curies":[{"name":"wp","href":"https:\/\/api.w.org\/{rel}","templated":true}]}}