{"id":16203,"date":"2021-02-02T11:12:10","date_gmt":"2021-02-02T09:12:10","guid":{"rendered":"https:\/\/mnlr.ro\/?p=16203"},"modified":"2021-02-02T11:12:10","modified_gmt":"2021-02-02T09:12:10","slug":"de-azi-pana-ieri-revizitari-literare-de-la-texte-alb-negru-la-textele-color","status":"publish","type":"post","link":"https:\/\/mnlr.ro\/en\/de-azi-pana-ieri-revizitari-literare-de-la-texte-alb-negru-la-textele-color\/","title":{"rendered":"De azi p\u00e2n\u0103 ieri. Revizit\u0103ri literare | \u201eDe la texte alb-negru la textele color\u201d"},"content":{"rendered":"<p>Cum \u201ecitim\u201d culorile? Intitul\u00e2ndu-\u0219i tema de ast\u0103zi \u201eDe la texte alb-negru la textele color\u201d, altfel spus de la acele scrieri de secol XVI-XVIII la cele de secol XIX \u0219i mai t\u00e2rziu, criticul \u0219i istoricul literar Bogdan Cre\u021bu nu \u00ee\u0219i propune s\u0103 fac\u0103 referire la imagini, ci la cuvinte. Va c\u0103uta o explica\u021bie pentru modul \u00een care se reflect\u0103 o realitate vizual\u0103 \u00eentr-o alt\u0103 realitate, aceea discursiv\u0103. Cum se explic\u0103 o anume apatie cromatic\u0103 a vechilor autori afl\u0103m \u00eentr-un nou episod \u201eDe azi p\u00e2n\u0103 ieri. Revizit\u0103ri literare\u201d.<\/p>\n<p><iframe loading=\"lazy\" title=\"De azi p\u00e2n\u0103 ieri. Revizit\u0103ri literare #2 | De la textele alb-negru la textele color\" src=\"https:\/\/player.vimeo.com\/video\/502196460?dnt=1&amp;app_id=122963\" width=\"500\" height=\"281\" frameborder=\"0\" allow=\"autoplay; fullscreen; picture-in-picture; clipboard-write\"><\/iframe><\/p>","protected":false},"excerpt":{"rendered":"<p>Cum \u201ecitim\u201d culorile? Intitul\u00e2ndu-\u0219i tema de ast\u0103zi \u201eDe la texte alb-negru la textele color\u201d, altfel spus de la acele scrieri&#8230;<\/p>","protected":false},"author":8,"featured_media":16068,"comment_status":"closed","ping_status":"closed","sticky":false,"template":"","format":"standard","meta":{"_exactmetrics_skip_tracking":false,"_exactmetrics_sitenote_active":false,"_exactmetrics_sitenote_note":"","_exactmetrics_sitenote_category":0,"footnotes":""},"categories":[9,52,8],"tags":[],"class_list":["post-16203","post","type-post","status-publish","format-standard","has-post-thumbnail","hentry","category-evenimente","category-evenimente-on-line","category-recomandari"],"_links":{"self":[{"href":"https:\/\/mnlr.ro\/en\/wp-json\/wp\/v2\/posts\/16203","targetHints":{"allow":["GET"]}}],"collection":[{"href":"https:\/\/mnlr.ro\/en\/wp-json\/wp\/v2\/posts"}],"about":[{"href":"https:\/\/mnlr.ro\/en\/wp-json\/wp\/v2\/types\/post"}],"author":[{"embeddable":true,"href":"https:\/\/mnlr.ro\/en\/wp-json\/wp\/v2\/users\/8"}],"replies":[{"embeddable":true,"href":"https:\/\/mnlr.ro\/en\/wp-json\/wp\/v2\/comments?post=16203"}],"version-history":[{"count":1,"href":"https:\/\/mnlr.ro\/en\/wp-json\/wp\/v2\/posts\/16203\/revisions"}],"predecessor-version":[{"id":16204,"href":"https:\/\/mnlr.ro\/en\/wp-json\/wp\/v2\/posts\/16203\/revisions\/16204"}],"wp:featuredmedia":[{"embeddable":true,"href":"https:\/\/mnlr.ro\/en\/wp-json\/wp\/v2\/media\/16068"}],"wp:attachment":[{"href":"https:\/\/mnlr.ro\/en\/wp-json\/wp\/v2\/media?parent=16203"}],"wp:term":[{"taxonomy":"category","embeddable":true,"href":"https:\/\/mnlr.ro\/en\/wp-json\/wp\/v2\/categories?post=16203"},{"taxonomy":"post_tag","embeddable":true,"href":"https:\/\/mnlr.ro\/en\/wp-json\/wp\/v2\/tags?post=16203"}],"curies":[{"name":"wp","href":"https:\/\/api.w.org\/{rel}","templated":true}]}}