{"id":16343,"date":"2021-02-10T10:14:44","date_gmt":"2021-02-10T08:14:44","guid":{"rendered":"https:\/\/mnlr.ro\/?p=16343"},"modified":"2021-02-12T18:52:35","modified_gmt":"2021-02-12T16:52:35","slug":"memoria-obiectelor-mici-si-mari-pe-intelesul-tuturor-8-cu-nicu-ilfoveanu","status":"publish","type":"post","link":"https:\/\/mnlr.ro\/en\/memoria-obiectelor-mici-si-mari-pe-intelesul-tuturor-8-cu-nicu-ilfoveanu\/","title":{"rendered":"Memoria obiectelor mici \u0219i mari pe \u00een\u021belesul tuturor #8 cu NICU ILFOVEANU"},"content":{"rendered":"<p>Lumea v\u0103zut\u0103 prin lentilele fotografice ale artistului Nicu Ilfoveanu nu (re)prezint\u0103 fantasme \u0219i idealuri, imagini \u00eenchipuite despre tot ce ar putea fi mai frumos \u00eenconjurul nostru, ci o realitate privit\u0103 visceral, cu aten\u021bie profund\u0103 \u0219i sensibilitate, \u00een tot ce reprezint\u0103 ea aici, acolo, dincolo. Foto-c\u0103l\u0103toria lui \u00een lume surprinde imperfec\u021biunile locurilor, oamenilor, gesturilor, \u00eent\u00e2lnirilor nea\u0219teptate \u0219i parcursul este unul onest \u0219i sincer, f\u0103r\u0103 artificii \u0219i f\u0103r\u0103 compromisurile unui pact cu realitatea alterat\u0103, contraf\u0103cut\u0103. Fosta mahala Lucaci, \u00een care ast\u0103zi e deschis\u0103 publicului casa eruditului Anton Pann, \u00een mijlocul celei mai eterogene lumi posibile din centrul capitalei, at\u00e2t de comun\u0103 Bucure\u0219tiului \u00eenc\u00e2t nu mai prezint\u0103 un element surpriz\u0103, ci realitatea \u00een forma ei cea mai specific\u0103, pare decupat\u0103 din albumul fotografic al c\u0103l\u0103toriei artistului vizual Nicu Ilfoveanu.<\/p>\n<p>Nicu Ilfoveanu activeaz\u0103 \u00een domeniul fotografiei, al filmului \u015fi al publica\u0163iilor fotografice, ast\u0103zi fiind creditat cu o pozi\u0163ie special\u0103 \u00een cadrul fotografiei rom\u00e2ne\u015fti contemporane. A absolvit Universitatea Na\u0163ional\u0103 de Arte din Bucure\u015fti, unde \u00een prezent pred\u0103 fotografia. Lucr\u0103rile sale se caracterizeaz\u0103 printr-o interac\u021biune nea\u0219teptat\u0103 \u0219i imprevizibil\u0103 \u00eentre personal \u0219i documentar, \u00eentre sublim \u0219i trivial, \u00eentre ceea ce este vizibil \u0219i ceea ce este ascuns. Este integrat \u00een circuitul cultural european; activitatea sa recent\u0103 include expozi\u0163ii personale pentru Galer\u00eda Mec\u00e0nic, Barcelona (Electro +, 2018), \u00een cadrul Mois de la Photo du Grand Paris 2017 (Valerica Bienheureux), la Uqbar Project Space Berlin (Series. Multiples, Realisms), Galeria Arsenal, Poznan (Prezentul Gre\u015fit), precum \u015fi particip\u0103ri la expozi\u0163ii de grup, cum ar fi \u201eEnchanting Views\u201d, CIVA, Bruxelles (2020), \u201eMesuras\u201d, Cerezales Antonino y Cinia Foundation, Leon (2019), \u201eLooking Back, Thinking Further\u201d, Musee de Beaux Arts Tournai (2019), \u201eThe Factory of Facts\u201d, Salonul de proiecte, Bucure\u0219ti; \u201eVision of a Nation\u201d, Fotogalleriet Oslo; \u201eThe Forgotten Pioneer Movement\u201d, District K&amp;K \u2013 Berlin; \u201eCentrul de reflec\u0163ie pentru istorii suspendate. O \u00eencercare\u201d, din cadrul celei de-a 55-a Expozi\u0163ii de Art\u0103 Interna\u0163ional\u0103 \u2013 Bienala de la Vene\u0163ia (2013). C\u0103r\u021bi de fotografie publicate: \u201eSteamPunk Autochrome\u201d, \u201ePetite Histoire\u201d, \u201eELECTRO +\u201d, \u201eG\u0103si\u0163i \u015fi pierdu\u0163i\u201d, \u201eSerii. Multiplii. Realisme\u201d.<\/p>\n<p>Nicu Ilfoveanu este invitatul episodului cu num\u0103rul 8 din cadrul proiectului \u201eMemoria obiectelor mici \u0219i mari pe \u00een\u021belesul tuturor\u201d, realizat de Muzeul Na\u021bional al Literaturii Rom\u00e2ne, iar \u00een luna februarie a acceptat invita\u021bia noastr\u0103 de a vizita \u00eempreun\u0103 Casa Memorial\u0103 \u201eAnton Pann\u201d. Episodul #8 va fi difuzat \u00een regim de premier\u0103 live mar\u021bi , 16 februarie 2021, ora 21.00, pe pagina de Facebook a MNLR, iar ulterior acesta va fi disponibil pe website-ul\u00a0<a href=\"https:\/\/l.facebook.com\/l.php?u=http%3A%2F%2Fwww.mnlr.ro%2F%3Ffbclid%3DIwAR0URdBrY7l32CjnGSibKe0-oR4NLosdLgo9FG3HNy7v3_pQ8nlm5LB5UPw&amp;h=AT1zlkW3E7XCPGk2cd7d2qxj6ZSyIoV04LiHUKQlc_5YZyTjJAti6gRANsDcdCmTbtNlT-HwsEdyS6oAqi0eynbaIh7EVJ_05XBiihRuVQnom-WUPwrZ-YcV5KiUk1a8dUQf&amp;__tn__=q&amp;c%5b0%5d=AT3wThuZt9d_1GlfIvKlJsxClPnO45-DnckKDNNfAmQXsYW2_89yTRxnLshcgYxbqloqbRdqCwpBRMoo8OaRrhrhYbbZuf3nh5W7UjMB0VxCLFsVL4iHHPO2XmA2cJlwjDUaaDFQjQION17X6GEZK08bP_tKs76Zkat0nlQeuVLBZmP_\">www.mnlr.ro<\/a>\u00a0\u0219i pe platforma\u00a0<a href=\"https:\/\/l.facebook.com\/l.php?u=http%3A%2F%2Fwww.culturaindirect.ro%2F%3Ffbclid%3DIwAR1skS7hnzxOTx0DQ9zM-mIzo3mw0BBOTMU2GzJZWxK0rhx8adBdtV7a7Cs&amp;h=AT20QMDL6vdGep84BxmPIuQNA9BF3o3dJtSx_5m5msD3KHvwV5gm2GrVE5IzRB3hOTEX3BG72IZ1TSn7Elmb4oOWFkAchE6y0J1-G627AAl9lIYIH91_EvsxO7p0aa32ZAmT&amp;__tn__=q&amp;c%5b0%5d=AT3wThuZt9d_1GlfIvKlJsxClPnO45-DnckKDNNfAmQXsYW2_89yTRxnLshcgYxbqloqbRdqCwpBRMoo8OaRrhrhYbbZuf3nh5W7UjMB0VxCLFsVL4iHHPO2XmA2cJlwjDUaaDFQjQION17X6GEZK08bP_tKs76Zkat0nlQeuVLBZmP_\">www.culturaindirect.ro.<\/a><\/p>\n<p>\u201eMemoria obiectelor mici \u0219i mari pe \u00een\u021belesul tuturor\u201d este un proiect prin care vom spune pove\u0219tile obiectelor de patrimoniu aflate \u00een cele cinci case memoriale aflate \u00een patrimoniul MNLR \u00eempreun\u0103 cu personalit\u0103\u021bi culturale remarcabile din diferite domenii, a c\u0103ror istorie personal\u0103 se \u00eent\u00e2lne\u0219te cu istoria obiectelor prezentate de ei. Nu vom afla doar povestea obiectelor de patrimoniu, fie ele mai valoroase prin pre\u021biozitatea \u0219i unicitatea lor sau prin contextualizarea istoric\u0103 \u0219i prin importan\u021ba pe care au dob\u00e2ndit-o datorit\u0103 scriitorilor c\u0103rora le-au apar\u021binut \u0219i familiilor acestora, ci vom \u00eemp\u0103rt\u0103\u0219i \u0219i amintiri \u0219i tr\u0103iri din via\u021ba invita\u021bilor no\u0219tri.<\/p>\n<p>Echipa de proiect:<br \/>\nAdrian David, muzeograf Casa Memorial\u0103 \u201eIon Minulescu \u0219i Claudia Millian\u201d \u0219i Casa Memorial\u0103 \u201eLiviu \u0219i Fanny Liviu Rebreanu\u201d<br \/>\nDoro Nicolescu, muzeograf Casa Memorial\u0103 \u201eTudor Arghezi \u2013 M\u0103r\u021bi\u0219or\u201d<br \/>\nCazacu Lelia, muzeograf Casa Memorial\u0103 \u201eGeorge \u0219I Agatha Bacovia\u201d<br \/>\nMadalina Schiopu, muzeograf Casa Memorial\u0103 \u201eAnton Pann\u201d<br \/>\nImagine: Gryg Stoica \u0219i Alex Ursu<br \/>\nCoordonator multimedia: Alex Ursu<br \/>\nProiect coordonat \u0219i realizat de Andreea Dr\u0103ghicescu<\/p>\n<p>&nbsp;<\/p>","protected":false},"excerpt":{"rendered":"<p>Lumea v\u0103zut\u0103 prin lentilele fotografice ale artistului Nicu Ilfoveanu nu (re)prezint\u0103 fantasme \u0219i idealuri, imagini \u00eenchipuite despre tot ce ar&#8230;<\/p>","protected":false},"author":8,"featured_media":16344,"comment_status":"closed","ping_status":"closed","sticky":false,"template":"","format":"standard","meta":{"_exactmetrics_skip_tracking":false,"_exactmetrics_sitenote_active":false,"_exactmetrics_sitenote_note":"","_exactmetrics_sitenote_category":0,"footnotes":""},"categories":[24,9,52,10,8],"tags":[],"class_list":["post-16343","post","type-post","status-publish","format-standard","has-post-thumbnail","hentry","category-dezbateri-culturale","category-evenimente","category-evenimente-on-line","category-portrete","category-recomandari"],"_links":{"self":[{"href":"https:\/\/mnlr.ro\/en\/wp-json\/wp\/v2\/posts\/16343","targetHints":{"allow":["GET"]}}],"collection":[{"href":"https:\/\/mnlr.ro\/en\/wp-json\/wp\/v2\/posts"}],"about":[{"href":"https:\/\/mnlr.ro\/en\/wp-json\/wp\/v2\/types\/post"}],"author":[{"embeddable":true,"href":"https:\/\/mnlr.ro\/en\/wp-json\/wp\/v2\/users\/8"}],"replies":[{"embeddable":true,"href":"https:\/\/mnlr.ro\/en\/wp-json\/wp\/v2\/comments?post=16343"}],"version-history":[{"count":3,"href":"https:\/\/mnlr.ro\/en\/wp-json\/wp\/v2\/posts\/16343\/revisions"}],"predecessor-version":[{"id":16397,"href":"https:\/\/mnlr.ro\/en\/wp-json\/wp\/v2\/posts\/16343\/revisions\/16397"}],"wp:featuredmedia":[{"embeddable":true,"href":"https:\/\/mnlr.ro\/en\/wp-json\/wp\/v2\/media\/16344"}],"wp:attachment":[{"href":"https:\/\/mnlr.ro\/en\/wp-json\/wp\/v2\/media?parent=16343"}],"wp:term":[{"taxonomy":"category","embeddable":true,"href":"https:\/\/mnlr.ro\/en\/wp-json\/wp\/v2\/categories?post=16343"},{"taxonomy":"post_tag","embeddable":true,"href":"https:\/\/mnlr.ro\/en\/wp-json\/wp\/v2\/tags?post=16343"}],"curies":[{"name":"wp","href":"https:\/\/api.w.org\/{rel}","templated":true}]}}