{"id":16408,"date":"2021-02-13T22:01:02","date_gmt":"2021-02-13T20:01:02","guid":{"rendered":"https:\/\/mnlr.ro\/?p=16408"},"modified":"2021-02-15T13:07:49","modified_gmt":"2021-02-15T11:07:49","slug":"noptile-albe-ale-poeziei-cu-ioana-craciunescu-emil-brumaru","status":"publish","type":"post","link":"https:\/\/mnlr.ro\/en\/noptile-albe-ale-poeziei-cu-ioana-craciunescu-emil-brumaru\/","title":{"rendered":"\u201eNop\u021bile albe ale POEZIEI\u201d cu Ioana Cr\u0103ciunescu | Emil Brumaru"},"content":{"rendered":"<div dir=\"auto\">V\u0103 invit\u0103m la \u201eNop\u021bile albe ale POEZIEI\u201d, un proiect care a luat na\u0219tere la sugestia actri\u021bei \u0219i poetei Ioana Cr\u0103ciunescu. Binecunoscut\u0103 pentru rolurile sale din film \u0219i teatru, iubit\u0103 pentru tot ceea ce scrie, Ioana Cr\u0103ciunescu afirm\u0103 c\u0103 suport\u0103 greu realitatea, de aceea pentru ea poezia vine ca un bandaj. \u201eNu \u0219tiu dac\u0103-i bun\u0103 sau dac\u0103 e rea, dar e bandajul meu\u201d, spune artista care de-a lungul timpului a \u00eencercat s\u0103 \u00eenfrumuse\u021beze lumea din jurul ei cu poezie, muzic\u0103, lectur\u0103, c\u0103l\u0103torii. \u201eNop\u021bile albe ale POEZIEI\u201d reprezint\u0103 un tribut lunar adus de Ioana Cr\u0103ciunescu poe\u021bilor rom\u00e2ni cu care a rezonat, prietenilor ei. Pentru luna ianuarie l-a ales pe Emil Brumaru. Acesta a fost un cititor \u00eenr\u0103it, mir\u00e2ndu-se de infinitul de sensuri de care este capabil\u0103 limba rom\u00e2n\u0103, exploat\u00e2nd-o la maximum. \u201ePoezia e sinceritatea \u00eens\u0103\u0219i\u201d, este poate cea mai cunoscut\u0103 afirma\u021bie a acestuia.<\/div>\n<div dir=\"auto\">Urm\u0103ri\u021bi materialul aici:<\/div>\n<div dir=\"auto\"><\/div>\n<p><iframe loading=\"lazy\" title=\"Nop\u021bile albe ale poeziei cu Ioana Cr\u0103ciunescu | Emil Brumaru\" src=\"https:\/\/player.vimeo.com\/video\/511317384?dnt=1&amp;app_id=122963\" width=\"500\" height=\"281\" frameborder=\"0\" allow=\"autoplay; fullscreen; picture-in-picture; clipboard-write\"><\/iframe><\/p>\n<p>&nbsp;<\/p>","protected":false},"excerpt":{"rendered":"<p>V\u0103 invit\u0103m la \u201eNop\u021bile albe ale POEZIEI\u201d, un proiect care a luat na\u0219tere la sugestia actri\u021bei \u0219i poetei Ioana Cr\u0103ciunescu&#8230;.<\/p>","protected":false},"author":8,"featured_media":16420,"comment_status":"closed","ping_status":"closed","sticky":false,"template":"","format":"standard","meta":{"_exactmetrics_skip_tracking":false,"_exactmetrics_sitenote_active":false,"_exactmetrics_sitenote_note":"","_exactmetrics_sitenote_category":0,"footnotes":""},"categories":[9,52],"tags":[],"class_list":["post-16408","post","type-post","status-publish","format-standard","has-post-thumbnail","hentry","category-evenimente","category-evenimente-on-line"],"_links":{"self":[{"href":"https:\/\/mnlr.ro\/en\/wp-json\/wp\/v2\/posts\/16408","targetHints":{"allow":["GET"]}}],"collection":[{"href":"https:\/\/mnlr.ro\/en\/wp-json\/wp\/v2\/posts"}],"about":[{"href":"https:\/\/mnlr.ro\/en\/wp-json\/wp\/v2\/types\/post"}],"author":[{"embeddable":true,"href":"https:\/\/mnlr.ro\/en\/wp-json\/wp\/v2\/users\/8"}],"replies":[{"embeddable":true,"href":"https:\/\/mnlr.ro\/en\/wp-json\/wp\/v2\/comments?post=16408"}],"version-history":[{"count":3,"href":"https:\/\/mnlr.ro\/en\/wp-json\/wp\/v2\/posts\/16408\/revisions"}],"predecessor-version":[{"id":16422,"href":"https:\/\/mnlr.ro\/en\/wp-json\/wp\/v2\/posts\/16408\/revisions\/16422"}],"wp:featuredmedia":[{"embeddable":true,"href":"https:\/\/mnlr.ro\/en\/wp-json\/wp\/v2\/media\/16420"}],"wp:attachment":[{"href":"https:\/\/mnlr.ro\/en\/wp-json\/wp\/v2\/media?parent=16408"}],"wp:term":[{"taxonomy":"category","embeddable":true,"href":"https:\/\/mnlr.ro\/en\/wp-json\/wp\/v2\/categories?post=16408"},{"taxonomy":"post_tag","embeddable":true,"href":"https:\/\/mnlr.ro\/en\/wp-json\/wp\/v2\/tags?post=16408"}],"curies":[{"name":"wp","href":"https:\/\/api.w.org\/{rel}","templated":true}]}}