{"id":16546,"date":"2021-02-22T09:30:29","date_gmt":"2021-02-22T07:30:29","guid":{"rendered":"https:\/\/mnlr.ro\/?p=16546"},"modified":"2023-01-13T10:19:43","modified_gmt":"2023-01-13T08:19:43","slug":"poezie-si-creatie-loreta-popa-si-mircea-baniciu","status":"publish","type":"post","link":"https:\/\/mnlr.ro\/en\/poezie-si-creatie-loreta-popa-si-mircea-baniciu\/","title":{"rendered":"Poezie \u0219i crea\u021bie | Loreta Popa \u0219i Mircea Baniciu"},"content":{"rendered":"<div class=\"kvgmc6g5 cxmmr5t8 oygrvhab hcukyx3x c1et5uql ii04i59q\">\n<div dir=\"auto\">\n<p>Despre Mircea Baniciu, invitat ast\u0103zi la \u201ePoezie \u0219i crea\u021bie\u201d, actri\u021ba Rodica Mandache spunea c\u0103 \u201eera timid, dulce \u015fi frumos atunci, la \u00eenceputuri. Este unul dintre puternicii c\u00e2nt\u0103re\u0163i care, \u00een clipa c\u00e2nd pune piciorul pe scen\u0103, e fericit \u015fi, aceast\u0103 fericire care-l inund\u0103, el o transmite mai departe, s\u0103 fie de folos\u201d.<\/p>\n<p>Mircea Baniciu s-a n\u0103scut la Timi\u015foara, la 31 iulie 1949. A \u00eenceput s\u0103 c\u00e2nte la 7 ani, studiind pianul p\u00e2n\u0103 la 14 ani, c\u00e2nd a hot\u0103r\u00e2t s\u0103 se apropie de studiul chitarei. Prima apari\u0163ie a fost pe scena Teatrului German din Timi\u015foara, unde c\u00e2nta folk, melodii preluate de la Donovan, Bob Dylan, Simon &amp; Garfunkel, dar \u015fi \u00eencerc\u0103ri de compozi\u0163ii proprii. \u201eM\u0103 visam atunci, f\u0103r\u0103 s\u0103 \u015ftiu cum, c\u00e2nt\u00e2nd pe scena unei mari s\u0103li de spectacol, iar c\u00e2nd visul se termina m\u0103 g\u00e2ndeam la c\u00e2t de departe am nesocotin\u0163a s\u0103 visez,\u201d spune Mircea Baniciu.<\/p>\n<p>\u201eM\u0103 bate toat\u0103 lumea la cap s\u0103 scriu o carte despre Experimentul Baniciu, dar \u00een perioada pandemiei am devenit din ce \u00een ce mai lene\u0219 \u0219i mai comod. Am reluat c\u00e2teva idei mai vechi \u0219i am \u00eencercat s\u0103 le pun la punct. Am g\u0103sit ni\u0219te versuri foarte frumoase, scrise de ni\u0219te prieteni din Timi\u0219oara \u0219i Cluj, toate duc\u00e2nd cumva \u00eenspre trecut. Publicul meu, al celor de v\u00e2rsta mea, este u\u0219or nostalgic \u0219i cred c\u0103 apreciaz\u0103 acest gen de \u00eentoarcere \u00een trecut. Mi s-a atras aten\u021bia c\u0103 ar trebui s\u0103 schimb repertoriul, s\u0103 mai c\u00e2nt \u0219i altceva. Am c\u00e2ntece pe care le-am scris \u0219i nu le-am c\u00e2ntat. \u00cen aceast\u0103 perioad\u0103 le-am reorchestrat \u0219i le-am tras \u00een studio, a\u0219a c\u0103 lucrez la al treilea best-off. \u00cemi pare bine c\u0103 scopul \u00eent\u00e2lnirii noastre este poezia. Din p\u0103cate g\u0103se\u0219ti din ce \u00een ce mai pu\u021bine c\u0103r\u021bi de poezie. \u00cemi plac poe\u021bii contemporani, dar \u00eei caut pe cei care spun o poveste. M\u0103 intereseaz\u0103 ca publicul s\u0103 \u00een\u021beleag\u0103 rapid povestea pe care o c\u00e2nt pe scen\u0103\u201d, afirm\u0103 artistul.<\/p>\n<p>Credit foto: Dan Vatamaniuc<\/p>\n<p>Filmare: Gryg Stoica<\/p>\n<p>Montaj: Daniel-Paul Ciobanu<\/p>\n<p>Proiect coordonat \u0219i realizat de Loreta Popa<\/p>\n<p>Urm\u0103ri\u021bi \u201ePoezie \u0219i crea\u021bie\u201d aici:<\/p>\n<\/div>\n<\/div>\n<p><iframe loading=\"lazy\" title=\"Poezie \u0219i crea\u021bie - Mircea Baniciu\" width=\"500\" height=\"281\" src=\"https:\/\/www.youtube.com\/embed\/Wp9zhWgso-c?feature=oembed\" frameborder=\"0\" allow=\"accelerometer; autoplay; clipboard-write; encrypted-media; gyroscope; picture-in-picture; web-share\" referrerpolicy=\"strict-origin-when-cross-origin\" allowfullscreen><\/iframe><\/p>\n<p>&nbsp;<\/p>","protected":false},"excerpt":{"rendered":"<p>Despre Mircea Baniciu, invitat ast\u0103zi la \u201ePoezie \u0219i crea\u021bie\u201d, actri\u021ba Rodica Mandache spunea c\u0103 \u201eera timid, dulce \u015fi frumos atunci,&#8230;<\/p>","protected":false},"author":8,"featured_media":26144,"comment_status":"closed","ping_status":"closed","sticky":false,"template":"","format":"standard","meta":{"_exactmetrics_skip_tracking":false,"_exactmetrics_sitenote_active":false,"_exactmetrics_sitenote_note":"","_exactmetrics_sitenote_category":0,"footnotes":""},"categories":[9,52,8],"tags":[],"class_list":["post-16546","post","type-post","status-publish","format-standard","has-post-thumbnail","hentry","category-evenimente","category-evenimente-on-line","category-recomandari"],"_links":{"self":[{"href":"https:\/\/mnlr.ro\/en\/wp-json\/wp\/v2\/posts\/16546","targetHints":{"allow":["GET"]}}],"collection":[{"href":"https:\/\/mnlr.ro\/en\/wp-json\/wp\/v2\/posts"}],"about":[{"href":"https:\/\/mnlr.ro\/en\/wp-json\/wp\/v2\/types\/post"}],"author":[{"embeddable":true,"href":"https:\/\/mnlr.ro\/en\/wp-json\/wp\/v2\/users\/8"}],"replies":[{"embeddable":true,"href":"https:\/\/mnlr.ro\/en\/wp-json\/wp\/v2\/comments?post=16546"}],"version-history":[{"count":3,"href":"https:\/\/mnlr.ro\/en\/wp-json\/wp\/v2\/posts\/16546\/revisions"}],"predecessor-version":[{"id":26150,"href":"https:\/\/mnlr.ro\/en\/wp-json\/wp\/v2\/posts\/16546\/revisions\/26150"}],"wp:featuredmedia":[{"embeddable":true,"href":"https:\/\/mnlr.ro\/en\/wp-json\/wp\/v2\/media\/26144"}],"wp:attachment":[{"href":"https:\/\/mnlr.ro\/en\/wp-json\/wp\/v2\/media?parent=16546"}],"wp:term":[{"taxonomy":"category","embeddable":true,"href":"https:\/\/mnlr.ro\/en\/wp-json\/wp\/v2\/categories?post=16546"},{"taxonomy":"post_tag","embeddable":true,"href":"https:\/\/mnlr.ro\/en\/wp-json\/wp\/v2\/tags?post=16546"}],"curies":[{"name":"wp","href":"https:\/\/api.w.org\/{rel}","templated":true}]}}