{"id":16656,"date":"2021-03-01T19:00:02","date_gmt":"2021-03-01T17:00:02","guid":{"rendered":"https:\/\/mnlr.ro\/?p=16656"},"modified":"2021-03-02T09:07:58","modified_gmt":"2021-03-02T07:07:58","slug":"mini-cafeneaua-critica-on-line-marta-petreu-si-ion-bogdan-lefter","status":"publish","type":"post","link":"https:\/\/mnlr.ro\/en\/mini-cafeneaua-critica-on-line-marta-petreu-si-ion-bogdan-lefter\/","title":{"rendered":"mini-Cafeneaua critic\u0103 on-line | Marta Petreu \u0219i Ion Bogdan Lefter"},"content":{"rendered":"<p>Invitata de ast\u0103zi a mini-Cafenelei critice de pandemie este Marta Petreu, poet\u0103, prozatoare, profesoar\u0103 de istoria filosofiei rom\u00e2ne\u0219ti la Universitatea Babe\u0219-Bolyai din Cluj \u0219i redactor-\u0219ef (din 1990) al revistei \u201eApostrof\u201d, publica\u021bie mensual\u0103 editat\u0103 de Uniunea Scriitorilor din Rom\u00e2nia \u0219i de Funda\u021bia Cultural\u0103 Apostrof. \u201eEste pentru prima dat\u0103 c\u00e2nd omenirea reac\u021bioneaz\u0103 \u00eempotriva unui asemenea fenomen. Pandemia aceasta va r\u0103m\u00e2ne \u00een istorie pentru c\u0103 a oprit activitatea uman\u0103 de pe cele mai evoluate continente. S-a oprit produc\u021bia, oamenii au fost \u00eenchi\u0219i \u00een case, s-a oprit toat\u0103 activitatea economic\u0103, s-au oprit zborurile. Este un eveniment istoric la fel ca de marcant ca \u0219i acela din 1989, c\u0103derea comunismului, chiar dac\u0103 este de alt\u0103 natur\u0103. Au reac\u021bionat statele, institu\u021biile, contra acestei boli. Mi se pare c\u0103 este o noutate. Via\u021ba uman\u0103 a \u00eenceput s\u0103 fie valorizat\u0103 \u0219i din perspectiva institu\u021biei globale care ne cuprinde, a statului. S-au pus de acord statele lumii \u0219i au reac\u021bionat ca s\u0103 salveze ceea ce este o valoare, via\u021ba uman\u0103. Omenirea \u00eencarc\u0103 s\u0103-\u0219i salveze existen\u021ba\u201d, afirm\u0103 Marta Petreu. Cafeneaua critic\u0103 este ini\u021biat\u0103 \u0219i realizat\u0103 de criticul Ion Bogdan Lefter, profesor la Facultatea de Litere a Universit\u0103\u021bii din Bucure\u0219ti.<\/p>\n<p><iframe loading=\"lazy\" title=\"mini-Cafeneaua critic\u0103 #9 | Marta Petreu \u0219i Ion Bogdan Lefter\" src=\"https:\/\/player.vimeo.com\/video\/517763721?dnt=1&amp;app_id=122963\" width=\"500\" height=\"281\" frameborder=\"0\" allow=\"autoplay; fullscreen; picture-in-picture; clipboard-write\"><\/iframe><\/p>","protected":false},"excerpt":{"rendered":"<p>Invitata de ast\u0103zi a mini-Cafenelei critice de pandemie este Marta Petreu, poet\u0103, prozatoare, profesoar\u0103 de istoria filosofiei rom\u00e2ne\u0219ti la Universitatea&#8230;<\/p>","protected":false},"author":8,"featured_media":16576,"comment_status":"closed","ping_status":"closed","sticky":false,"template":"","format":"standard","meta":{"_exactmetrics_skip_tracking":false,"_exactmetrics_sitenote_active":false,"_exactmetrics_sitenote_note":"","_exactmetrics_sitenote_category":0,"footnotes":""},"categories":[9,52,8],"tags":[],"class_list":["post-16656","post","type-post","status-publish","format-standard","has-post-thumbnail","hentry","category-evenimente","category-evenimente-on-line","category-recomandari"],"_links":{"self":[{"href":"https:\/\/mnlr.ro\/en\/wp-json\/wp\/v2\/posts\/16656","targetHints":{"allow":["GET"]}}],"collection":[{"href":"https:\/\/mnlr.ro\/en\/wp-json\/wp\/v2\/posts"}],"about":[{"href":"https:\/\/mnlr.ro\/en\/wp-json\/wp\/v2\/types\/post"}],"author":[{"embeddable":true,"href":"https:\/\/mnlr.ro\/en\/wp-json\/wp\/v2\/users\/8"}],"replies":[{"embeddable":true,"href":"https:\/\/mnlr.ro\/en\/wp-json\/wp\/v2\/comments?post=16656"}],"version-history":[{"count":1,"href":"https:\/\/mnlr.ro\/en\/wp-json\/wp\/v2\/posts\/16656\/revisions"}],"predecessor-version":[{"id":16657,"href":"https:\/\/mnlr.ro\/en\/wp-json\/wp\/v2\/posts\/16656\/revisions\/16657"}],"wp:featuredmedia":[{"embeddable":true,"href":"https:\/\/mnlr.ro\/en\/wp-json\/wp\/v2\/media\/16576"}],"wp:attachment":[{"href":"https:\/\/mnlr.ro\/en\/wp-json\/wp\/v2\/media?parent=16656"}],"wp:term":[{"taxonomy":"category","embeddable":true,"href":"https:\/\/mnlr.ro\/en\/wp-json\/wp\/v2\/categories?post=16656"},{"taxonomy":"post_tag","embeddable":true,"href":"https:\/\/mnlr.ro\/en\/wp-json\/wp\/v2\/tags?post=16656"}],"curies":[{"name":"wp","href":"https:\/\/api.w.org\/{rel}","templated":true}]}}