{"id":16702,"date":"2021-03-03T11:25:39","date_gmt":"2021-03-03T09:25:39","guid":{"rendered":"https:\/\/mnlr.ro\/?p=16702"},"modified":"2021-03-04T11:12:54","modified_gmt":"2021-03-04T09:12:54","slug":"rotonda-scriitoarelor-expozitie-mnlr-in-bucuresti-mall-vitan-8-31-martie-2021","status":"publish","type":"post","link":"https:\/\/mnlr.ro\/en\/rotonda-scriitoarelor-expozitie-mnlr-in-bucuresti-mall-vitan-8-31-martie-2021\/","title":{"rendered":"Rotonda scriitoarelor | expozi\u021bie MNLR \u00een Bucure\u0219ti Mall Vitan | 8 \u2013 31 martie 2021"},"content":{"rendered":"<p>Muzeul Na\u021bional al Literaturii Rom\u00e2ne, \u00een parteneriat cu Bucure\u0219ti Mall Vitan, dedic\u0103 luna martie scriitoarelor din literatura rom\u00e2n\u0103! \u00cencep\u00e2nd cu 8 martie, deschidem rotonda pentru a afla pove\u0219tile autoarelor cunoscute sau mai pu\u021bin cunoscute publicului larg, care au scris \u0219i s-au remarcat prin articole \u00een ziarele \u0219i revistele vremii, prin volume de poeme, proz\u0103 sau de memorialistic\u0103, dar \u0219i prin modul lor de a lupta cu prejudec\u0103\u021bile timpului \u0219i de a sus\u021bine, din afara sau din interiorul \u021b\u0103rii, de pe Quai de Bourbon sau de la Palatul Br\u00e2ncovenesc din Mogo\u0219oaia, accesul la educa\u021bie, precum \u0219i cauzele identit\u0103\u021bii na\u021bionale.<\/p>\n<p>Expozi\u021bia v\u0103 propune 17 personalit\u0103\u021bi feminine, reprezentate prin intermediul fotografiilor din arhiva muzeului \u0219i prin c\u00e2teva linii biografice. Fiecare panou expozi\u021bional red\u0103, prin scanarea codurilor QR, \u00eenregistr\u0103ri video ale unor fragmente literare citite de echipa proiectului \u0219i filmate \u00een cadrul expozi\u021biei de baz\u0103 a MNLR Cre\u021bulescu.<\/p>\n<p>Fie c\u0103 vorbim despre cea dint\u00e2i ziarist\u0103 sau despre prima femeie din Rom\u00e2nia cu doctorat \u00een filosofie, ob\u021binut la Sorbona, sau despre pianista care l-a \u00eenso\u021bit pe George Enescu \u00een concertele sale, despre scriitoarele din anturajul Casei Regale, personalit\u0103\u021bi din exil, premiate de Academia Francez\u0103, traduc\u0103toare, jurnaliste radio, critici literari sau feministe militante pentru dreptul femeilor la educa\u021bie \u0219i la vot, toate portretele pe care vi le propunem surprind perspective diferite \u00een ceea ce prive\u0219te convingerile, op\u021biunile literare sau estetice.<\/p>\n<p>Pove\u0219tile vie\u021bii scriitoarelor sunt \u00eenso\u021bite, \u00een unele cazuri, de mici dedica\u021bii literare sau de portretele realizate de copiii acestora, precum este fragmentul scris de Virginia Gruber \u0219i dedicat mamei sale, Veronica Micle: \u201eMama a fost plin\u0103 de via\u0163\u0103, plin\u0103 de farmec, frumoas\u0103, doamn\u0103 perfect\u0103 \u015fi avea o voce superb\u0103. \u00cen societatea aleas\u0103 pe care o vizita (&#8230;) f\u0103cea umbr\u0103 \u00eentotdeauna \u00een jurul celorlalte femei.\u201d<\/p>\n<p>Titlul expozi\u021biei face trimitere la rotonda dedicat\u0103 celor mai reprezentative voci feminine din literatura rom\u00e2n\u0103, aflat\u0103 \u00een cadrul expozi\u021biei de baz\u0103 a MNLR (Strada Nicolae Cre\u021bulescu 8), unde vizitatorii pot experimenta sistemul interactiv pe baz\u0103 de senzori de mi\u0219care al vitrinei centrale, care activeaz\u0103, printr-o simpl\u0103 trecere a m\u00e2inii deasupra vitrinei, \u00eenregistr\u0103ri audio ale unor poeme, fragmente de jurnal sau scurte interviuri.<\/p>\n<p>Expozi\u021bia <em>Rotonda scriitoarelor <\/em>va putea fi vizitat\u0103 p\u00e2n\u0103 la sf\u00e2r\u0219itul lunii martie, la etajul I din Bucure\u0219ti Mall Vitan (Calea Vitan 55-59), de luni p\u00e2n\u0103 duminic\u0103, \u00een intervalul 10.00 \u2013 21.00.<\/p>\n<p><strong>Echipa de proiect<\/strong><\/p>\n<p><strong>Muzeografi<\/strong> (departamentele Programe &amp; Patrimoniu): Radu B\u0103ie\u0219u, Zamfir B\u0103lan, Ani\u021ba Grigoriu, Iuliana Miu, Eugenia Oprescu, Oana Oros, Loreta Popa, Mihaela Stanciu, Luana Stroe, Gabriela Toma, Anni Udrea<\/p>\n<p><strong>Arhiva MNLR: <\/strong>Eugenia Oprescu, Andra Ispas, Victori\u021ba Doicescu, Diana Iancu<\/p>\n<p><strong>Departamentul Expozi\u021bii: <\/strong>Alina Niculescu, Antoanella B\u0103nciulescu<\/p>\n<p><strong>Redactori:<\/strong> Olimpia Novicov, Luana Stroe<\/p>\n<p><strong>Multimedia<\/strong>: Daniel Paul Ciobanu, Lucian N\u0103stase, Grig Stoica, Alex Ursu<\/p>\n<p><strong>Crea\u021bie grafic\u0103:<\/strong> Cristina Milca<\/p>\n<p><strong>Rela\u021bii Publice:<\/strong> Andreea Balaban<\/p>\n<p>Pentru mai multe detalii, scrie\u021bi la adresa <a href=\"mailto:programe@mnlr.ro\">programe@mnlr.ro<\/a> sau pe WhatsApp la num\u0103rul 0736 598 451 (Gabriela Toma).<\/p>\n<p>&nbsp;<\/p>","protected":false},"excerpt":{"rendered":"<p>Muzeul Na\u021bional al Literaturii Rom\u00e2ne, \u00een parteneriat cu Bucure\u0219ti Mall Vitan, dedic\u0103 luna martie scriitoarelor din literatura rom\u00e2n\u0103! \u00cencep\u00e2nd cu&#8230;<\/p>","protected":false},"author":8,"featured_media":16703,"comment_status":"closed","ping_status":"closed","sticky":false,"template":"","format":"standard","meta":{"_exactmetrics_skip_tracking":false,"_exactmetrics_sitenote_active":false,"_exactmetrics_sitenote_note":"","_exactmetrics_sitenote_category":0,"footnotes":""},"categories":[9,8],"tags":[],"class_list":["post-16702","post","type-post","status-publish","format-standard","has-post-thumbnail","hentry","category-evenimente","category-recomandari"],"_links":{"self":[{"href":"https:\/\/mnlr.ro\/en\/wp-json\/wp\/v2\/posts\/16702","targetHints":{"allow":["GET"]}}],"collection":[{"href":"https:\/\/mnlr.ro\/en\/wp-json\/wp\/v2\/posts"}],"about":[{"href":"https:\/\/mnlr.ro\/en\/wp-json\/wp\/v2\/types\/post"}],"author":[{"embeddable":true,"href":"https:\/\/mnlr.ro\/en\/wp-json\/wp\/v2\/users\/8"}],"replies":[{"embeddable":true,"href":"https:\/\/mnlr.ro\/en\/wp-json\/wp\/v2\/comments?post=16702"}],"version-history":[{"count":2,"href":"https:\/\/mnlr.ro\/en\/wp-json\/wp\/v2\/posts\/16702\/revisions"}],"predecessor-version":[{"id":16727,"href":"https:\/\/mnlr.ro\/en\/wp-json\/wp\/v2\/posts\/16702\/revisions\/16727"}],"wp:featuredmedia":[{"embeddable":true,"href":"https:\/\/mnlr.ro\/en\/wp-json\/wp\/v2\/media\/16703"}],"wp:attachment":[{"href":"https:\/\/mnlr.ro\/en\/wp-json\/wp\/v2\/media?parent=16702"}],"wp:term":[{"taxonomy":"category","embeddable":true,"href":"https:\/\/mnlr.ro\/en\/wp-json\/wp\/v2\/categories?post=16702"},{"taxonomy":"post_tag","embeddable":true,"href":"https:\/\/mnlr.ro\/en\/wp-json\/wp\/v2\/tags?post=16702"}],"curies":[{"name":"wp","href":"https:\/\/api.w.org\/{rel}","templated":true}]}}