{"id":16746,"date":"2021-03-04T19:11:00","date_gmt":"2021-03-04T17:11:00","guid":{"rendered":"https:\/\/mnlr.ro\/?p=16746"},"modified":"2021-03-04T19:11:00","modified_gmt":"2021-03-04T17:11:00","slug":"mini-cafeneaua-critica-on-line-mircea-florian-si-ion-bogdan-lefter","status":"publish","type":"post","link":"https:\/\/mnlr.ro\/en\/mini-cafeneaua-critica-on-line-mircea-florian-si-ion-bogdan-lefter\/","title":{"rendered":"mini-Cafeneaua critic\u0103 on-line | Mircea Florian \u0219i Ion Bogdan Lefter"},"content":{"rendered":"<p>Invitatul de ast\u0103zi al mini-Cafenelei critice este Mircea Florian, muzician, instrumentist, compozitor \u0219i artist multimedia, om de opinie. Pasionat al muzicii experimentale \u0219i atras constant de sfera neconven\u021bionalului, artistul s-a impus drept unul din reperele de valoare ale scenei autohtone. \u201eAu mai fost pandemii. Lumea uit\u0103 de ele. \u0218i pot oric\u00e2nd reizbucni. S\u0103 nu uit\u0103m un lucru, Shakespeare \u0219i-a tr\u0103it via\u021ba, cu mici intermiten\u021be, c\u0103ci alerga prin Anglia \u00een st\u00e2nga \u0219i \u00een dreapta, sub cium\u0103. Proiectele pe care le aveam nu s-au mai putut face din cauza pandemiei. Am lucrat pu\u021bin \u00een afara casei, cu colaboratori, cu studioul. Computerul acesta, at\u00e2t de blestemat \u0219i ur\u00e2t de unii, mie-mi folose\u0219te foarte tare, sunt prieten cu el, nu mi se pare deloc inamic. Am scris, am desenat \u0219i am scris scrisori&#8230; Mi-am f\u0103cut cursurile on-line, la fel ca toat\u0103 lumea. Planurile mele sunt mai complexe, implic\u0103 mai multe arte. Este specificul meu \u0219i cost\u0103. Nu pot face nimic f\u0103r\u0103 un buget. Mi-am f\u0103cut g\u00e2nduri, am notat, am f\u0103cut chiar socoteli, dar ar costa mai mult dec\u00e2t am la dispozi\u021bie, mai ales \u00eentr-un moment ca acesta, a\u0219tept s\u0103 v\u0103d dac\u0103 se va g\u0103si cineva care s\u0103 intre \u00een joaca aceasta\u201d, spune Mircea Florian. Cafeneaua critic\u0103 este ini\u021biat\u0103 \u0219i realizat\u0103 de criticul Ion Bogdan Lefter, profesor la Facultatea de Litere a Universit\u0103\u021bii din Bucure\u0219ti.<\/p>\n<p><iframe loading=\"lazy\" title=\"mini-Cafeneaua critic\u0103 #10 | Mircea Florian \u0219i Ion Bogdan Lefter\" src=\"https:\/\/player.vimeo.com\/video\/517783811?dnt=1&amp;app_id=122963\" width=\"500\" height=\"281\" frameborder=\"0\" allow=\"autoplay; fullscreen; picture-in-picture; clipboard-write\"><\/iframe><\/p>","protected":false},"excerpt":{"rendered":"<p>Invitatul de ast\u0103zi al mini-Cafenelei critice este Mircea Florian, muzician, instrumentist, compozitor \u0219i artist multimedia, om de opinie. Pasionat al&#8230;<\/p>","protected":false},"author":8,"featured_media":16747,"comment_status":"closed","ping_status":"closed","sticky":false,"template":"","format":"standard","meta":{"_exactmetrics_skip_tracking":false,"_exactmetrics_sitenote_active":false,"_exactmetrics_sitenote_note":"","_exactmetrics_sitenote_category":0,"footnotes":""},"categories":[9,52,8],"tags":[],"class_list":["post-16746","post","type-post","status-publish","format-standard","has-post-thumbnail","hentry","category-evenimente","category-evenimente-on-line","category-recomandari"],"_links":{"self":[{"href":"https:\/\/mnlr.ro\/en\/wp-json\/wp\/v2\/posts\/16746","targetHints":{"allow":["GET"]}}],"collection":[{"href":"https:\/\/mnlr.ro\/en\/wp-json\/wp\/v2\/posts"}],"about":[{"href":"https:\/\/mnlr.ro\/en\/wp-json\/wp\/v2\/types\/post"}],"author":[{"embeddable":true,"href":"https:\/\/mnlr.ro\/en\/wp-json\/wp\/v2\/users\/8"}],"replies":[{"embeddable":true,"href":"https:\/\/mnlr.ro\/en\/wp-json\/wp\/v2\/comments?post=16746"}],"version-history":[{"count":1,"href":"https:\/\/mnlr.ro\/en\/wp-json\/wp\/v2\/posts\/16746\/revisions"}],"predecessor-version":[{"id":16748,"href":"https:\/\/mnlr.ro\/en\/wp-json\/wp\/v2\/posts\/16746\/revisions\/16748"}],"wp:featuredmedia":[{"embeddable":true,"href":"https:\/\/mnlr.ro\/en\/wp-json\/wp\/v2\/media\/16747"}],"wp:attachment":[{"href":"https:\/\/mnlr.ro\/en\/wp-json\/wp\/v2\/media?parent=16746"}],"wp:term":[{"taxonomy":"category","embeddable":true,"href":"https:\/\/mnlr.ro\/en\/wp-json\/wp\/v2\/categories?post=16746"},{"taxonomy":"post_tag","embeddable":true,"href":"https:\/\/mnlr.ro\/en\/wp-json\/wp\/v2\/tags?post=16746"}],"curies":[{"name":"wp","href":"https:\/\/api.w.org\/{rel}","templated":true}]}}