{"id":16784,"date":"2021-03-08T20:00:11","date_gmt":"2021-03-08T18:00:11","guid":{"rendered":"https:\/\/mnlr.ro\/?p=16784"},"modified":"2021-03-08T16:18:06","modified_gmt":"2021-03-08T14:18:06","slug":"eugen-cristea-concert-de-8-martie","status":"publish","type":"post","link":"https:\/\/mnlr.ro\/en\/eugen-cristea-concert-de-8-martie\/","title":{"rendered":"Eugen Cristea | Concert de 8 martie"},"content":{"rendered":"<p>Eugen Cristea s-a sim\u021bit nu o dat\u0103 acas\u0103 \u00een mansarda u\u0219or parizian\u0103 a Muzeului Na\u021bional al Literaturii Rom\u00e2ne, a\u0219a c\u0103 a ales s\u0103 revin\u0103 cu un concert de 8 Martie pe care-l dedic\u0103 tuturor femeilor de ziua lor.\u00a0 \u201eTeatrul este locul de pornire \u015fi de \u00eentoarcere. Teatrul este acela care reu\u015fe\u015fte s\u0103 trezeasc\u0103 oamenii din co\u015fmar. De aceea ace\u015ftia continu\u0103 s\u0103 vin\u0103 la spectacole. S\u0103 g\u0103seasc\u0103 acel ceva numit speran\u0163\u0103, care s\u0103-i determine s\u0103 mearg\u0103 mai departe. A sim\u0163i pe cineva aproape, a mai crede \u00eenc\u0103 \u00een valorile prieteniei, mie mi se pare un punct c\u00e2\u015ftigat, mai ales c\u0103 a\u015fa cum spuneam nu demult, num\u0103rul prietenilor mei poate fi scris pe o jum\u0103tate de bilet de tramvai, rupt \u015fi compostat. Sunt plin de energie pozitiv\u0103, \u00een ciuda negativismului din jur. Vreau s\u0103 muncesc, vreau s\u0103 mai bucur ni\u015fte oameni\u201d, afirm\u0103 Eugen Cristea. \u015ei-a dezvoltat talentul de a c\u00e2nta la chitar\u0103. A tradus \u015fi a scris c\u0103r\u0163i. A jucat \u00een piese de teatru independent, a compus, a regizat, a f\u0103cut parte din jurii \u00eencerc\u00e2nd s\u0103 ajute tinerele talente s\u0103 se exprime, \u015fi-a spus opinia de c\u00e2te ori a fost chemat, a descre\u0163it frun\u0163i, a luminat chipuri.<\/p>\n<p>Filmare: Gryg Stoica<br \/>\nMontaj: Daniel-Paul Ciobanu<br \/>\nProiect coordonat de Loreta Popa<\/p>\n<p>Urm\u0103ri\u021bi \u201eEugen Cristea | Concert de 8 martie\u201d aici:<\/p>\n<p><iframe loading=\"lazy\" title=\"Eugen Cristea | Concert de 8 martie\" src=\"https:\/\/player.vimeo.com\/video\/520354450?dnt=1&amp;app_id=122963\" width=\"500\" height=\"281\" frameborder=\"0\" allow=\"autoplay; fullscreen; picture-in-picture; clipboard-write\"><\/iframe><\/p>","protected":false},"excerpt":{"rendered":"<p>Eugen Cristea s-a sim\u021bit nu o dat\u0103 acas\u0103 \u00een mansarda u\u0219or parizian\u0103 a Muzeului Na\u021bional al Literaturii Rom\u00e2ne, a\u0219a c\u0103&#8230;<\/p>","protected":false},"author":11,"featured_media":16785,"comment_status":"closed","ping_status":"closed","sticky":false,"template":"","format":"standard","meta":{"_exactmetrics_skip_tracking":false,"_exactmetrics_sitenote_active":false,"_exactmetrics_sitenote_note":"","_exactmetrics_sitenote_category":0,"footnotes":""},"categories":[27,9,52],"tags":[],"class_list":["post-16784","post","type-post","status-publish","format-standard","has-post-thumbnail","hentry","category-concerte-de-muzica","category-evenimente","category-evenimente-on-line"],"_links":{"self":[{"href":"https:\/\/mnlr.ro\/en\/wp-json\/wp\/v2\/posts\/16784","targetHints":{"allow":["GET"]}}],"collection":[{"href":"https:\/\/mnlr.ro\/en\/wp-json\/wp\/v2\/posts"}],"about":[{"href":"https:\/\/mnlr.ro\/en\/wp-json\/wp\/v2\/types\/post"}],"author":[{"embeddable":true,"href":"https:\/\/mnlr.ro\/en\/wp-json\/wp\/v2\/users\/11"}],"replies":[{"embeddable":true,"href":"https:\/\/mnlr.ro\/en\/wp-json\/wp\/v2\/comments?post=16784"}],"version-history":[{"count":1,"href":"https:\/\/mnlr.ro\/en\/wp-json\/wp\/v2\/posts\/16784\/revisions"}],"predecessor-version":[{"id":16786,"href":"https:\/\/mnlr.ro\/en\/wp-json\/wp\/v2\/posts\/16784\/revisions\/16786"}],"wp:featuredmedia":[{"embeddable":true,"href":"https:\/\/mnlr.ro\/en\/wp-json\/wp\/v2\/media\/16785"}],"wp:attachment":[{"href":"https:\/\/mnlr.ro\/en\/wp-json\/wp\/v2\/media?parent=16784"}],"wp:term":[{"taxonomy":"category","embeddable":true,"href":"https:\/\/mnlr.ro\/en\/wp-json\/wp\/v2\/categories?post=16784"},{"taxonomy":"post_tag","embeddable":true,"href":"https:\/\/mnlr.ro\/en\/wp-json\/wp\/v2\/tags?post=16784"}],"curies":[{"name":"wp","href":"https:\/\/api.w.org\/{rel}","templated":true}]}}