{"id":16900,"date":"2021-03-13T11:57:19","date_gmt":"2021-03-13T09:57:19","guid":{"rendered":"https:\/\/mnlr.ro\/?p=16900"},"modified":"2021-03-13T12:40:11","modified_gmt":"2021-03-13T10:40:11","slug":"casa-memoriala-anton-pann-este-inchisa-temporar","status":"publish","type":"post","link":"https:\/\/mnlr.ro\/en\/casa-memoriala-anton-pann-este-inchisa-temporar\/","title":{"rendered":"Casa Memorial\u0103 \u201eAnton Pann\u201d este \u00eenchis\u0103 temporar"},"content":{"rendered":"<div class=\"o9v6fnle cxmmr5t8 oygrvhab hcukyx3x c1et5uql ii04i59q\">\n<div dir=\"auto\">\n<p>\u00cen contextul pandemic na\u021bional, pe fondul noilor restric\u021bii impuse la nivelul ora\u0219ului Bucure\u0219ti, Casa Memorial\u0103 \u201eAnton Pann\u201d (Str. Anton Pann 20) este \u00eencep\u00e2nd de ast\u0103zi temporar \u00eenchis\u0103.<\/p>\n<p>V\u0103 a\u0219tept\u0103m s\u0103 vizita\u021bi \u00een continuare celelalte expozi\u021bii permanente \u0219i temporare deschise, despre care v\u0103 pute\u021bi informa pentru \u00eenceput pe website-ul nostru: www.mnlr.ro.<\/p>\n<p>Vom reveni cu nout\u0103\u021bi cur\u00e2nd!<\/p>\n<\/div>\n<\/div>","protected":false},"excerpt":{"rendered":"<p>\u00cen contextul pandemic na\u021bional, pe fondul noilor restric\u021bii impuse la nivelul ora\u0219ului Bucure\u0219ti, Casa Memorial\u0103 \u201eAnton Pann\u201d (Str. Anton Pann&#8230;<\/p>","protected":false},"author":8,"featured_media":16913,"comment_status":"closed","ping_status":"closed","sticky":false,"template":"","format":"standard","meta":{"_exactmetrics_skip_tracking":false,"_exactmetrics_sitenote_active":false,"_exactmetrics_sitenote_note":"","_exactmetrics_sitenote_category":0,"footnotes":""},"categories":[9],"tags":[],"class_list":["post-16900","post","type-post","status-publish","format-standard","has-post-thumbnail","hentry","category-evenimente"],"_links":{"self":[{"href":"https:\/\/mnlr.ro\/en\/wp-json\/wp\/v2\/posts\/16900","targetHints":{"allow":["GET"]}}],"collection":[{"href":"https:\/\/mnlr.ro\/en\/wp-json\/wp\/v2\/posts"}],"about":[{"href":"https:\/\/mnlr.ro\/en\/wp-json\/wp\/v2\/types\/post"}],"author":[{"embeddable":true,"href":"https:\/\/mnlr.ro\/en\/wp-json\/wp\/v2\/users\/8"}],"replies":[{"embeddable":true,"href":"https:\/\/mnlr.ro\/en\/wp-json\/wp\/v2\/comments?post=16900"}],"version-history":[{"count":1,"href":"https:\/\/mnlr.ro\/en\/wp-json\/wp\/v2\/posts\/16900\/revisions"}],"predecessor-version":[{"id":16902,"href":"https:\/\/mnlr.ro\/en\/wp-json\/wp\/v2\/posts\/16900\/revisions\/16902"}],"wp:featuredmedia":[{"embeddable":true,"href":"https:\/\/mnlr.ro\/en\/wp-json\/wp\/v2\/media\/16913"}],"wp:attachment":[{"href":"https:\/\/mnlr.ro\/en\/wp-json\/wp\/v2\/media?parent=16900"}],"wp:term":[{"taxonomy":"category","embeddable":true,"href":"https:\/\/mnlr.ro\/en\/wp-json\/wp\/v2\/categories?post=16900"},{"taxonomy":"post_tag","embeddable":true,"href":"https:\/\/mnlr.ro\/en\/wp-json\/wp\/v2\/tags?post=16900"}],"curies":[{"name":"wp","href":"https:\/\/api.w.org\/{rel}","templated":true}]}}