{"id":17204,"date":"2021-03-28T22:00:50","date_gmt":"2021-03-28T19:00:50","guid":{"rendered":"https:\/\/mnlr.ro\/?p=17204"},"modified":"2021-03-28T18:27:27","modified_gmt":"2021-03-28T15:27:27","slug":"noptile-albe-ale-poeziei-tudor-arghezi","status":"publish","type":"post","link":"https:\/\/mnlr.ro\/en\/noptile-albe-ale-poeziei-tudor-arghezi\/","title":{"rendered":"\u201eNop\u021bile albe ale POEZIEI\u201d | Tudor Arghezi"},"content":{"rendered":"<p>Pe actri\u021ba Ioana Cr\u0103ciunescu o leag\u0103 de Tudor Arghezi nu numai iubirea pentru poezie, c\u00e2t mai ales dragul de limba francez\u0103. Pentru c\u0103 \u00een luna martie a fost s\u0103rb\u0103torit\u0103 ziua francofoniei, iar pentru rom\u00e2ni, limba francez\u0103 a reprezentat timp de aproape dou\u0103 secole nu doar o limb\u0103 interna\u021bional\u0103, limba diploma\u021biei sau a culturii, ci o limb\u0103 de suflet, Rom\u00e2nia fiind adesea descris\u0103 ca o insul\u0103 de latinitate \u00eentr-o lume slav\u0103, actri\u021ba s-a oprit \u00een cadrul proiectului s\u0103u \u201eNop\u021bile albe ale POEZIEI\u201d la poezia lui Tudor Arghezi. De altfel, Arghezi a locuit o vreme la Paris, apoi la Fribourg, dar \u0219i la Geneva, unde a scris poezii \u0219i a participat la cursuri. \u201eFran\u0163a mi-a dat distan\u0163area fa\u0163\u0103 de lucrurile care m\u0103 dor, pentru c\u0103 am fost n\u0103scut\u0103 s\u0103 m\u0103 doar\u0103. O s\u0103 r\u0103m\u00e2n cu o durere \u00een suflet fa\u0163\u0103 de frumuse\u0163ea asta pe o avem \u00een jurul nostru, \u00een Rom\u00e2nia, \u015fi pe care nu \u015ftim s\u0103 o pre\u0163uim. Nu vreau s\u0103 dau citate din marii no\u015ftri scriitori, g\u00e2nditori, \u00eens\u0103 ei descriu aceast\u0103 stare incredibil\u0103: s\u0103 ai totul \u015fi s\u0103 nu ai de fapt nimic\u201d, afirm\u0103 actri\u021ba \u0219i poeta Ioana Cr\u0103ciunescu cu g\u00e2ndul la \u021bara care a adoptat-o, Fran\u021ba.<\/p>\n<p>Urm\u0103ri\u021bi \u201eNop\u021bile albe ale POEZIEI\u201d aici:<\/p>\n<p><iframe loading=\"lazy\" title=\"Nop\u021bile albe ale Poeziei cu Ioana Cr\u0103ciunescu | Tudor Arghezi\" src=\"https:\/\/player.vimeo.com\/video\/528995312?dnt=1&amp;app_id=122963\" width=\"500\" height=\"281\" frameborder=\"0\" allow=\"autoplay; fullscreen; picture-in-picture; clipboard-write\"><\/iframe><\/p>","protected":false},"excerpt":{"rendered":"<p>Pe actri\u021ba Ioana Cr\u0103ciunescu o leag\u0103 de Tudor Arghezi nu numai iubirea pentru poezie, c\u00e2t mai ales dragul de limba&#8230;<\/p>","protected":false},"author":11,"featured_media":16620,"comment_status":"closed","ping_status":"closed","sticky":false,"template":"","format":"standard","meta":{"_exactmetrics_skip_tracking":false,"_exactmetrics_sitenote_active":false,"_exactmetrics_sitenote_note":"","_exactmetrics_sitenote_category":0,"footnotes":""},"categories":[9,52],"tags":[],"class_list":["post-17204","post","type-post","status-publish","format-standard","has-post-thumbnail","hentry","category-evenimente","category-evenimente-on-line"],"_links":{"self":[{"href":"https:\/\/mnlr.ro\/en\/wp-json\/wp\/v2\/posts\/17204","targetHints":{"allow":["GET"]}}],"collection":[{"href":"https:\/\/mnlr.ro\/en\/wp-json\/wp\/v2\/posts"}],"about":[{"href":"https:\/\/mnlr.ro\/en\/wp-json\/wp\/v2\/types\/post"}],"author":[{"embeddable":true,"href":"https:\/\/mnlr.ro\/en\/wp-json\/wp\/v2\/users\/11"}],"replies":[{"embeddable":true,"href":"https:\/\/mnlr.ro\/en\/wp-json\/wp\/v2\/comments?post=17204"}],"version-history":[{"count":1,"href":"https:\/\/mnlr.ro\/en\/wp-json\/wp\/v2\/posts\/17204\/revisions"}],"predecessor-version":[{"id":17205,"href":"https:\/\/mnlr.ro\/en\/wp-json\/wp\/v2\/posts\/17204\/revisions\/17205"}],"wp:featuredmedia":[{"embeddable":true,"href":"https:\/\/mnlr.ro\/en\/wp-json\/wp\/v2\/media\/16620"}],"wp:attachment":[{"href":"https:\/\/mnlr.ro\/en\/wp-json\/wp\/v2\/media?parent=17204"}],"wp:term":[{"taxonomy":"category","embeddable":true,"href":"https:\/\/mnlr.ro\/en\/wp-json\/wp\/v2\/categories?post=17204"},{"taxonomy":"post_tag","embeddable":true,"href":"https:\/\/mnlr.ro\/en\/wp-json\/wp\/v2\/tags?post=17204"}],"curies":[{"name":"wp","href":"https:\/\/api.w.org\/{rel}","templated":true}]}}