{"id":17275,"date":"2021-04-02T19:00:14","date_gmt":"2021-04-02T16:00:14","guid":{"rendered":"https:\/\/mnlr.ro\/?p=17275"},"modified":"2021-04-05T11:59:11","modified_gmt":"2021-04-05T08:59:11","slug":"doi-prozatori-pe-saptamana-liviu-g-stan-si-corina-sabau","status":"publish","type":"post","link":"https:\/\/mnlr.ro\/en\/doi-prozatori-pe-saptamana-liviu-g-stan-si-corina-sabau\/","title":{"rendered":"Doi prozatori pe s\u0103ptam\u00e2n\u0103 | Liviu G. Stan \u0219i Corina Sab\u0103u"},"content":{"rendered":"<p>Proiectul 2P\/s (Doi prozatori pe s\u0103pt\u0103m\u00e2n\u0103) v\u0103 propune o \u00eent\u00e2lnire amical\u0103 \u00eentre doi scriitori care construiesc epic \u0219i \u00eemp\u0103rt\u0103\u0219esc viziunea lor scriitoriceasc\u0103, au curajul s\u0103 vorbeasc\u0103 despre scris, de la subiect la stil, de la teme la tehnici \u0219i mai ales la condi\u021bia omului care scrie proz\u0103 &#8211; Liviu G. Stan \u0219i Corina Sab\u0103u.<\/p>\n<p>Coordonator: Doina Ru\u0219ti<\/p>\n<p>Proiect realizat \u00een parteneriat cu Editura Litera<\/p>\n<p>Materialul poate fi vizionat aici:<\/p>\n<p><iframe loading=\"lazy\" title=\"2 P\/s: Liviu G. Stan \u0219i Corina Sab\u0103u\" src=\"https:\/\/player.vimeo.com\/video\/530748259?dnt=1&amp;app_id=122963\" width=\"500\" height=\"281\" frameborder=\"0\" allow=\"autoplay; fullscreen; picture-in-picture; clipboard-write\"><\/iframe><\/p>\n<p>02<\/p>","protected":false},"excerpt":{"rendered":"<p>Proiectul 2P\/s (Doi prozatori pe s\u0103pt\u0103m\u00e2n\u0103) v\u0103 propune o \u00eent\u00e2lnire amical\u0103 \u00eentre doi scriitori care construiesc epic \u0219i \u00eemp\u0103rt\u0103\u0219esc viziunea&#8230;<\/p>","protected":false},"author":8,"featured_media":17276,"comment_status":"closed","ping_status":"closed","sticky":false,"template":"","format":"standard","meta":{"_exactmetrics_skip_tracking":false,"_exactmetrics_sitenote_active":false,"_exactmetrics_sitenote_note":"","_exactmetrics_sitenote_category":0,"footnotes":""},"categories":[9,52,8],"tags":[],"class_list":["post-17275","post","type-post","status-publish","format-standard","has-post-thumbnail","hentry","category-evenimente","category-evenimente-on-line","category-recomandari"],"_links":{"self":[{"href":"https:\/\/mnlr.ro\/en\/wp-json\/wp\/v2\/posts\/17275","targetHints":{"allow":["GET"]}}],"collection":[{"href":"https:\/\/mnlr.ro\/en\/wp-json\/wp\/v2\/posts"}],"about":[{"href":"https:\/\/mnlr.ro\/en\/wp-json\/wp\/v2\/types\/post"}],"author":[{"embeddable":true,"href":"https:\/\/mnlr.ro\/en\/wp-json\/wp\/v2\/users\/8"}],"replies":[{"embeddable":true,"href":"https:\/\/mnlr.ro\/en\/wp-json\/wp\/v2\/comments?post=17275"}],"version-history":[{"count":1,"href":"https:\/\/mnlr.ro\/en\/wp-json\/wp\/v2\/posts\/17275\/revisions"}],"predecessor-version":[{"id":17277,"href":"https:\/\/mnlr.ro\/en\/wp-json\/wp\/v2\/posts\/17275\/revisions\/17277"}],"wp:featuredmedia":[{"embeddable":true,"href":"https:\/\/mnlr.ro\/en\/wp-json\/wp\/v2\/media\/17276"}],"wp:attachment":[{"href":"https:\/\/mnlr.ro\/en\/wp-json\/wp\/v2\/media?parent=17275"}],"wp:term":[{"taxonomy":"category","embeddable":true,"href":"https:\/\/mnlr.ro\/en\/wp-json\/wp\/v2\/categories?post=17275"},{"taxonomy":"post_tag","embeddable":true,"href":"https:\/\/mnlr.ro\/en\/wp-json\/wp\/v2\/tags?post=17275"}],"curies":[{"name":"wp","href":"https:\/\/api.w.org\/{rel}","templated":true}]}}