{"id":17301,"date":"2021-04-08T19:00:53","date_gmt":"2021-04-08T16:00:53","guid":{"rendered":"https:\/\/mnlr.ro\/?p=17301"},"modified":"2021-04-07T15:57:56","modified_gmt":"2021-04-07T12:57:56","slug":"mini-cafeneaua-critica-on-line-20-dumitru-chioaru-si-ion-bogdan-lefter","status":"publish","type":"post","link":"https:\/\/mnlr.ro\/en\/mini-cafeneaua-critica-on-line-20-dumitru-chioaru-si-ion-bogdan-lefter\/","title":{"rendered":"mini-Cafeneaua critic\u0103 on-line #20 | Dumitru Chioaru \u0219i Ion Bogdan Lefter"},"content":{"rendered":"<p>Invitatul de ast\u0103zi al \u201emini-Cafenelei critice\u201d de pandemie este poetul, publicistul \u0219i eseistul Dumitru Chioaru. Amfitrion: Ion Bogdan Lefter.<\/p>\n<p>\u201eMi-a prins bine izolarea din punctul de vedere al scrisului. Am reu\u0219it s\u0103 pun la punct trei c\u0103r\u021bi. Una a \u0219i ap\u0103rut. Este vorba despre o edi\u021bie bilingv\u0103, rom\u00e2n\u0103 \u0219i german\u0103, \u00abScene din ora\u0219ul vitraliu\u00bb, o serie de poezii dedicate ora\u0219ului Sibiu. Am citit foarte mult. Am \u0219i scris mult. La \u00eenceputul pandemiei a existat o stare de nelini\u0219te, toat\u0103 lumea era speriat\u0103 \u0219i m-a cople\u0219it pu\u021bin, dar m-am eliberat scriind. Am avut tot felul de viziuni sumbre. Intuiam o catastrof\u0103 c\u00e2nd am v\u0103zut cum se propag\u0103 boala, rapid, \u0219i c\u00e2te victime poate s\u0103 fac\u0103. Dincolo de lipsuri \u0219i interdic\u021bii, lucrurile s-au mi\u0219cat bine. Medicina s-a dezvoltat, iat\u0103, avem vaccinuri. M-am a\u0219teptat \u00eens\u0103 ca oamenii s\u0103 reac\u021bioneze altfel. E un moment care trebuia s\u0103 ne pun\u0103 pe g\u00e2nduri, s\u0103 ne schimb\u0103m pu\u021bin atitudinea. Ar fi p\u0103cat s\u0103 treac\u0103 \u0219i s\u0103 nu \u00eenv\u0103\u021b\u0103m nimic din asta\u201d, m\u0103rturise\u0219te Dumitru Chioaru.<\/p>\n<p>Desf\u0103\u0219urat\u0103 din prim\u0103vara lui 2018 la Muzeul Na\u021bional al Literaturii Rom\u00e2ne \u2013 MNLR, Cafeneaua critic\u0103, longevivul proiect de dezbateri culturale ini\u021biat \u00een 1994 de criticul Ion Bogdan Lefter, profesor la Facultatea de Litere a Universit\u0103\u021bii din Bucure\u0219ti, \u0219i-a suspendat edi\u021biile s\u0103pt\u0103m\u00e2nale \u00een martie 2020 din cauza pandemiei generate de SARS-COV-2. \u00cenc\u0103 \u00een plin\u0103 criz\u0103 sanitar\u0103 mondial\u0103, deci \u00een imposibilitate de a-\u0219i relua \u00eent\u00e2lnirile cu invita\u021bi speciali \u0219i cu public, Cafeneaua critic\u0103 a revenit totu\u0219i pe 1 februarie 2021 sub forma unor mini-Cafenele critice on-line pe site-ul MNLR, pe platforma culturaindirect.ro \u0219i pe pagina de facebook a Muzeului. \u00cen locul obi\u0219nuitelor dezbateri ample pe subiecte de actualitate cultural\u0103, mini-Cafenelele critice ofer\u0103 dialoguri cu personalit\u0103\u021bi literare, artistice, intelectuale despre chiar via\u021ba din timpul pandemiei.<\/p>\n<p>Urm\u0103ri\u021bi mini-Cafeneaua critic\u0103 aici:<\/p>\n<p><iframe loading=\"lazy\" title=\"mini - Cafeneaua critica #20 |  Dumitru Chioaru \u0219i Ion Bogdan Lefter\" src=\"https:\/\/player.vimeo.com\/video\/532938665?dnt=1&amp;app_id=122963\" width=\"500\" height=\"281\" frameborder=\"0\" allow=\"autoplay; fullscreen; picture-in-picture; clipboard-write\"><\/iframe><\/p>","protected":false},"excerpt":{"rendered":"<p>Invitatul de ast\u0103zi al \u201emini-Cafenelei critice\u201d de pandemie este poetul, publicistul \u0219i eseistul Dumitru Chioaru. Amfitrion: Ion Bogdan Lefter. \u201eMi-a&#8230;<\/p>","protected":false},"author":11,"featured_media":16747,"comment_status":"closed","ping_status":"closed","sticky":false,"template":"","format":"standard","meta":{"_exactmetrics_skip_tracking":false,"_exactmetrics_sitenote_active":false,"_exactmetrics_sitenote_note":"","_exactmetrics_sitenote_category":0,"footnotes":""},"categories":[24,9,52],"tags":[],"class_list":["post-17301","post","type-post","status-publish","format-standard","has-post-thumbnail","hentry","category-dezbateri-culturale","category-evenimente","category-evenimente-on-line"],"_links":{"self":[{"href":"https:\/\/mnlr.ro\/en\/wp-json\/wp\/v2\/posts\/17301","targetHints":{"allow":["GET"]}}],"collection":[{"href":"https:\/\/mnlr.ro\/en\/wp-json\/wp\/v2\/posts"}],"about":[{"href":"https:\/\/mnlr.ro\/en\/wp-json\/wp\/v2\/types\/post"}],"author":[{"embeddable":true,"href":"https:\/\/mnlr.ro\/en\/wp-json\/wp\/v2\/users\/11"}],"replies":[{"embeddable":true,"href":"https:\/\/mnlr.ro\/en\/wp-json\/wp\/v2\/comments?post=17301"}],"version-history":[{"count":1,"href":"https:\/\/mnlr.ro\/en\/wp-json\/wp\/v2\/posts\/17301\/revisions"}],"predecessor-version":[{"id":17302,"href":"https:\/\/mnlr.ro\/en\/wp-json\/wp\/v2\/posts\/17301\/revisions\/17302"}],"wp:featuredmedia":[{"embeddable":true,"href":"https:\/\/mnlr.ro\/en\/wp-json\/wp\/v2\/media\/16747"}],"wp:attachment":[{"href":"https:\/\/mnlr.ro\/en\/wp-json\/wp\/v2\/media?parent=17301"}],"wp:term":[{"taxonomy":"category","embeddable":true,"href":"https:\/\/mnlr.ro\/en\/wp-json\/wp\/v2\/categories?post=17301"},{"taxonomy":"post_tag","embeddable":true,"href":"https:\/\/mnlr.ro\/en\/wp-json\/wp\/v2\/tags?post=17301"}],"curies":[{"name":"wp","href":"https:\/\/api.w.org\/{rel}","templated":true}]}}