{"id":17353,"date":"2021-04-17T09:00:30","date_gmt":"2021-04-17T06:00:30","guid":{"rendered":"https:\/\/mnlr.ro\/?p=17353"},"modified":"2021-04-12T13:06:13","modified_gmt":"2021-04-12T10:06:13","slug":"corespondente-de-aprilie-4-magda-isanos","status":"publish","type":"post","link":"https:\/\/mnlr.ro\/en\/corespondente-de-aprilie-4-magda-isanos\/","title":{"rendered":"Coresponden\u021be de aprilie #4 | Magda Isanos"},"content":{"rendered":"<p>Magda Isanos s-a n\u0103scut la Ia\u0219i, \u00eentr-o zi de prim\u0103var\u0103, la 17 aprilie 1916. A debutat la Chi\u0219in\u0103u \u0219i a murit la 28 de ani la Bucure\u0219ti. \u00cen timpul vie\u021bii a \u00a0publicat un singur volum, \u201ePoezii\u201d (1943).<\/p>\n<p>La v\u00e2rsta de un an \u0219i \u0219ase luni se \u00eemboln\u0103ve\u0219te de poliomielit\u0103. Implicarea \u0219i dragostea p\u0103rin\u021bilor care profesau medicina o vor salva, dar va r\u0103m\u00e2ne cu o s\u0103n\u0103tate fragil\u0103. Infirmitatea, suferin\u021ba, i-au intensificat tr\u0103irile \u0219i au maturizat-o rapid. A copil\u0103rit al\u0103turi de familie, \u00een Basarabia, unde a absolvit \u015ecoala Eparhial\u0103 de fete din Chi\u015fin\u0103u. A debutat la v\u00e2rsta de 16 ani, \u00een revista \u201eLicurici\u201d a liceului de b\u0103ie\u021bi \u201eBogdan P. Ha\u0219deu\u201d, din Chi\u0219in\u0103u, cu poezia \u201eA\u0219 vrea un basm\u201d, apoi a \u00eenfiin\u021bat chiar\u00a0 ea o revist\u0103 intitulat\u0103 \u201eGhiocei\u201d.<\/p>\n<p>Mereu \u00een ap\u0103rarea celor slabi sau suferinzi, va studia dreptul \u0219i filosofia la Ia\u0219i \u0219i va deveni avocat.<\/p>\n<p>La 19 ani, \u00een 1935, se c\u0103s\u0103tore\u0219te cu \u00a0Lev Panteleev, absolvent de limbi clasice, un personaj grav \u0219i serios, asemenea celor din romanele ruse\u0219ti citite de Magda \u00een copil\u0103rie. Dup\u0103 o perioad\u0103 scurt\u0103, divor\u021beaz\u0103.<\/p>\n<p>Se \u00eendr\u0103goste\u0219te fulger\u0103tor. \u00centr-o alt\u0103 zi de prim\u0103var\u0103, \u00een anul 1939, se va c\u0103s\u0103tori cu scriitorul Eusebiu Camilar al\u0103turi de care va tr\u0103i intens p\u00e2n\u0103 la moarte. Fiica sa, Elisabeta, n\u0103scut\u0103 \u00een 1941, va deveni scriitoare \u0219i va p\u0103stra numele mamei sale.<\/p>\n<p>\u00cen anul 1944, un bombardament sovietic distruge locuin\u021ba familiei din Ia\u0219i. \u00a0Se vor refugia la Bucure\u0219ti, unde Magda Isanos va muri \u00een urma agrav\u0103rii bolii de inim\u0103 de care suferea, \u00een casa p\u0103rin\u021bilor s\u0103i, din strada Popa Nan.<\/p>\n<p>Antologia liric\u0103 editat\u0103 postum \u201e\u0162ara luminii\u201d (1946) se afl\u0103 ast\u0103zi \u00een Rotonda scriitoarelor a expozi\u021biei de baz\u0103 a Muzeului Na\u021bional al Literaturii Rom\u00e2ne, al\u0103turi de fotografia-portret.<\/p>\n<p>Magda Isanos \u201e\u0219i-a sf\u0103r\u00e2mat sufletul, dar nu \u00eenainte de a fi dat acel \u0163ip\u0103t, care treze\u015fte pe oameni la o via\u0163\u0103 nou\u0103, care \u00eei scutur\u0103 \u015fi \u00eei sile\u015fte s\u0103 vad\u0103 frumosul.,, (Cella Serghi \u00een articolul: \u201eO Pas\u0103re rar\u0103\u201d)<\/p>\n<p>O confesiune a poetei st\u0103 scris\u0103, ast\u0103zi, \u0219i pe placa memorial\u0103 expus\u0103 de Muzeul Na\u021bional al Literaturii Rom\u00e2ne, pe fa\u021bada casei \u00een care a locuit \u00een Bucure\u0219ti, \u00een perioada 1941-1944:<\/p>\n<p>,,Stau l\u00e2ng\u0103 o \u015fcoal\u0103 primar\u0103. \u015ei \u00een fiecare zi la amiaz\u0103 v\u0103d ie\u015find copiii\u2026 e ca \u015fi c\u00e2nd a\u015f vedea venind spre mine viitorul.,,<\/p>\n<p>Cine a iubit mai mult prim\u0103vara dec\u00e2t ea, fata cu cozi lungi, \u00eendr\u0103gostit\u0103 de via\u021b\u0103, n\u0103scut\u0103 \u00eentr-o zi de aprilie?<\/p>\n<p>,,Sunt sora ierbii tinere de-afara\u0306<\/p>\n<p>Aceleas\u0327i seve curg i\u0302ntr-ama\u0302ndoua\u0306,<\/p>\n<p>S\u0327i ne-a la\u0306sat aceeas\u0327i prima\u0306var\u0103<\/p>\n<p>Pe gene suferint\u0327a\u0306, ca o rana\u0306.\u201d<\/p>\n<p>Placa de marmur\u0103 a morm\u00e2ntului s\u0103u de la Cimitirul Bellu are un epitaf pe care sunt gravate, pentru totdeauna, versurile:<\/p>\n<p>\u201eOamenilor voiam s\u0103 le las\/ sufletul meu drept p\u00e2ine de popas,\/ drept livad\u0103 \u0219i cer.\/ Tuturor acelora care nu m\u0103 cer\/ \u0219i nu m\u0103 cunosc, am venit s\u0103 le fiu\/ o candel\u0103 pentru mai t\u00e2rziu.\u201d<\/p>\n<p>Text: Oana Oros, muzeograf MNLR<\/p>\n<p>&nbsp;<\/p>","protected":false},"excerpt":{"rendered":"<p>Magda Isanos s-a n\u0103scut la Ia\u0219i, \u00eentr-o zi de prim\u0103var\u0103, la 17 aprilie 1916. A debutat la Chi\u0219in\u0103u \u0219i a&#8230;<\/p>","protected":false},"author":8,"featured_media":17354,"comment_status":"closed","ping_status":"closed","sticky":false,"template":"","format":"standard","meta":{"_exactmetrics_skip_tracking":false,"_exactmetrics_sitenote_active":false,"_exactmetrics_sitenote_note":"","_exactmetrics_sitenote_category":0,"footnotes":""},"categories":[9,10,8],"tags":[],"class_list":["post-17353","post","type-post","status-publish","format-standard","has-post-thumbnail","hentry","category-evenimente","category-portrete","category-recomandari"],"_links":{"self":[{"href":"https:\/\/mnlr.ro\/en\/wp-json\/wp\/v2\/posts\/17353","targetHints":{"allow":["GET"]}}],"collection":[{"href":"https:\/\/mnlr.ro\/en\/wp-json\/wp\/v2\/posts"}],"about":[{"href":"https:\/\/mnlr.ro\/en\/wp-json\/wp\/v2\/types\/post"}],"author":[{"embeddable":true,"href":"https:\/\/mnlr.ro\/en\/wp-json\/wp\/v2\/users\/8"}],"replies":[{"embeddable":true,"href":"https:\/\/mnlr.ro\/en\/wp-json\/wp\/v2\/comments?post=17353"}],"version-history":[{"count":1,"href":"https:\/\/mnlr.ro\/en\/wp-json\/wp\/v2\/posts\/17353\/revisions"}],"predecessor-version":[{"id":17355,"href":"https:\/\/mnlr.ro\/en\/wp-json\/wp\/v2\/posts\/17353\/revisions\/17355"}],"wp:featuredmedia":[{"embeddable":true,"href":"https:\/\/mnlr.ro\/en\/wp-json\/wp\/v2\/media\/17354"}],"wp:attachment":[{"href":"https:\/\/mnlr.ro\/en\/wp-json\/wp\/v2\/media?parent=17353"}],"wp:term":[{"taxonomy":"category","embeddable":true,"href":"https:\/\/mnlr.ro\/en\/wp-json\/wp\/v2\/categories?post=17353"},{"taxonomy":"post_tag","embeddable":true,"href":"https:\/\/mnlr.ro\/en\/wp-json\/wp\/v2\/tags?post=17353"}],"curies":[{"name":"wp","href":"https:\/\/api.w.org\/{rel}","templated":true}]}}