{"id":17393,"date":"2021-04-15T19:00:30","date_gmt":"2021-04-15T16:00:30","guid":{"rendered":"https:\/\/mnlr.ro\/?p=17393"},"modified":"2021-04-15T00:20:19","modified_gmt":"2021-04-14T21:20:19","slug":"mini-cafeneaua-critica-on-line-22-nichita-danilov-si-ion-bogdan-lefter","status":"publish","type":"post","link":"https:\/\/mnlr.ro\/en\/mini-cafeneaua-critica-on-line-22-nichita-danilov-si-ion-bogdan-lefter\/","title":{"rendered":"\u201emini-Cafeneaua critic\u0103\u201d on-line #22 | Nichita Danilov \u0219i Ion Bogdan Lefter"},"content":{"rendered":"<p>Invitatul din seara aceasta la \u201emini-Cafeneaua critic\u0103\u201d on-line este poetul, prozatorul \u0219i publicistul Nichita Danilov. Amfitrion: \u00a0Ion Bogdan Lefter.<\/p>\n<p>\u201eNu-\u021bi dai seama c\u0103 ai fost \u00een pandemie. Te obi\u0219nuie\u0219ti. Acesta este probabil \u0219i p\u0103catul nostru, ne obi\u0219nuim cu orice \u0219i \u00een scurt timp. Ni se pare normal. \u0218i c\u00e2nd am trecut prin dictatura comunist\u0103 ni se p\u0103rea aproape normal. \u00a0\u0218i acum trecem prin acela\u0219i lucru. Nu e normal deloc. Se petrece ceva halucinant. E ca un fel de experiment, happening, performance, la nivel planetar \u00een care noi suntem protagoni\u0219tii, dar ne g\u00e2ndim fiecare dintre noi \u0219i la cine sunt regizorii, pentru c\u0103 este o regie \u00een spate, dar \u0219i care este \u021binta acestei pandemii. Nu sunt dintre cei care cred \u00een conspira\u021bii, dar \u0219i hazardul este un regizor teribil. Noi nu avem toate p\u00e2rghiile cognitive ca s\u0103 \u00een\u021belegem istoria, existen\u021ba noastr\u0103 \u0219i mai ales existen\u021ba ca atare \u00een momentul \u00een care noi o tr\u0103im. Ne adapt\u0103m, dar nu vedem la o distan\u021b\u0103 \u00een timp, nu avem o proiec\u021bie. Eu cred c\u0103 virusul este el \u00eensu\u0219i regizor. Unul invizibil. \u00cen jurul acestui virus se \u00eenv\u00e2rte \u00eentreaga planet\u0103. E o \u00eentreag\u0103 nebunie ce se \u00eent\u00e2mpl\u0103. Toat\u0103 economia lumii s-a oprit \u00een loc\u201d, m\u0103rturise\u0219te Nichita Danilov.<\/p>\n<p>Anul acesta lui Nichita Danilov i-au ap\u0103rut dou\u0103 c\u0103r\u021bi. Romanul \u201eOmul din eprubet\u0103\u201d, la Editura Polirom, \u0219i \u201eDe la Caragiale la Urmuz sau realitatea \u00een form\u0103 de conserv\u0103\u201d, la Editura Tracus Arte. \u201e\u00cen func\u021bie de impulsuri scriu la mai multe lucruri. Lucrez la o carte, pe care trebuie s\u0103 o definitivez, despre arti\u0219tii plastici ie\u0219eni. E un periplu prin atelierele pictorilor \u0219i despre cum i-am perceput. O carte vie \u00een care am c\u0103utat s\u0103 realizez portretele arti\u0219tilor plastici. Dac\u0103 ei ne fac portrete, de ce nu le-am face \u0219i noi, cei care m\u00e2nuim cuv\u00e2ntul, portrete literare. Dac\u0103 e un artist suprarealist, nu-l po\u021bi face chiar romantic. Lucrezi cu mijloacele cubiste. \u00cei prinzi din mai multe unghiuri, dar coerent, trebuie s\u0103-i surprinzi \u0219i psihologic\u201d, spune poetul.<\/p>\n<p>Urm\u0103ri\u021bi \u201emini-Cafeneaua critic\u0103\u201d on-line aici:<\/p>\n<p><iframe loading=\"lazy\" title=\"mini-Cafeneaua critic\u0103 #22 | Nichita Danilov \u0219i Ion Bogdan Lefter\" src=\"https:\/\/player.vimeo.com\/video\/535195408?dnt=1&amp;app_id=122963\" width=\"500\" height=\"281\" frameborder=\"0\" allow=\"autoplay; fullscreen; picture-in-picture; clipboard-write\"><\/iframe><\/p>","protected":false},"excerpt":{"rendered":"<p>Invitatul din seara aceasta la \u201emini-Cafeneaua critic\u0103\u201d on-line este poetul, prozatorul \u0219i publicistul Nichita Danilov. Amfitrion: \u00a0Ion Bogdan Lefter. \u201eNu-\u021bi&#8230;<\/p>","protected":false},"author":11,"featured_media":16788,"comment_status":"closed","ping_status":"closed","sticky":false,"template":"","format":"standard","meta":{"_exactmetrics_skip_tracking":false,"_exactmetrics_sitenote_active":false,"_exactmetrics_sitenote_note":"","_exactmetrics_sitenote_category":0,"footnotes":""},"categories":[24,9,52],"tags":[],"class_list":["post-17393","post","type-post","status-publish","format-standard","has-post-thumbnail","hentry","category-dezbateri-culturale","category-evenimente","category-evenimente-on-line"],"_links":{"self":[{"href":"https:\/\/mnlr.ro\/en\/wp-json\/wp\/v2\/posts\/17393","targetHints":{"allow":["GET"]}}],"collection":[{"href":"https:\/\/mnlr.ro\/en\/wp-json\/wp\/v2\/posts"}],"about":[{"href":"https:\/\/mnlr.ro\/en\/wp-json\/wp\/v2\/types\/post"}],"author":[{"embeddable":true,"href":"https:\/\/mnlr.ro\/en\/wp-json\/wp\/v2\/users\/11"}],"replies":[{"embeddable":true,"href":"https:\/\/mnlr.ro\/en\/wp-json\/wp\/v2\/comments?post=17393"}],"version-history":[{"count":1,"href":"https:\/\/mnlr.ro\/en\/wp-json\/wp\/v2\/posts\/17393\/revisions"}],"predecessor-version":[{"id":17394,"href":"https:\/\/mnlr.ro\/en\/wp-json\/wp\/v2\/posts\/17393\/revisions\/17394"}],"wp:featuredmedia":[{"embeddable":true,"href":"https:\/\/mnlr.ro\/en\/wp-json\/wp\/v2\/media\/16788"}],"wp:attachment":[{"href":"https:\/\/mnlr.ro\/en\/wp-json\/wp\/v2\/media?parent=17393"}],"wp:term":[{"taxonomy":"category","embeddable":true,"href":"https:\/\/mnlr.ro\/en\/wp-json\/wp\/v2\/categories?post=17393"},{"taxonomy":"post_tag","embeddable":true,"href":"https:\/\/mnlr.ro\/en\/wp-json\/wp\/v2\/tags?post=17393"}],"curies":[{"name":"wp","href":"https:\/\/api.w.org\/{rel}","templated":true}]}}