{"id":17571,"date":"2021-04-26T19:00:50","date_gmt":"2021-04-26T16:00:50","guid":{"rendered":"https:\/\/mnlr.ro\/?p=17571"},"modified":"2021-04-26T12:14:38","modified_gmt":"2021-04-26T09:14:38","slug":"mini-cafeneaua-critica-on-line-25-florica-prevenda-si-ion-bogdan-lefter","status":"publish","type":"post","link":"https:\/\/mnlr.ro\/en\/mini-cafeneaua-critica-on-line-25-florica-prevenda-si-ion-bogdan-lefter\/","title":{"rendered":"mini-Cafeneaua critic\u0103 on-line #25 | Florica Prevenda \u0219i Ion Bogdan Lefter"},"content":{"rendered":"<p>Invitata de ast\u0103zi a \u201emini-Cafenelei critice\u201d on-line este Florica Prevenda, unul dintre cei mai inovatori arti\u0219ti rom\u00e2ni din sfera picturii contemporane, cu lucr\u0103ri de pictur\u0103 \u0219i o carier\u0103 recunoscute pe plan interna\u021bional. Amfitrion: Ion Bogdan Lefter.<\/p>\n<p>\u201eAnul trecut \u00een martie, c\u00e2nd am intrat \u00een lockdown, ceea ce m-a alarmat a fost ideea c\u0103 economia noastr\u0103 \u0219i cea mondial\u0103 vor c\u0103dea. Lumea a stat acas\u0103. Nimeni nu a mai lucrat. M\u0103 temeam c\u0103 se vor opri domenii de activitate \u0219i mul\u021bi oameni \u00ee\u0219i vor pierde serviciul. \u00cen istorie au mai existat molime \u0219i pandemii, \u0219tim, \u0219i au trecut dup\u0103 ni\u0219te ani, dar acum exist\u0103 instrumente medicale elevate care vor rezolva problema mai cur\u00e2nd dec\u00e2t se \u00eent\u00e2mpla \u00een vremea respectiv\u0103. Sper s\u0103 nu r\u0103m\u00e2nem \u00eenchi\u0219i \u0219i s\u0103 ne exprim\u0103m numai on-line!\u201d, spune Florica Prevenda.<\/p>\n<p>Artista lucreaz\u0103 mult \u00een aceast\u0103 perioad\u0103. \u201eM-am \u00eentors pu\u021bin \u00een timp, \u00een perioada copil\u0103riei, \u00een locurile natale, a\u0219a cum le-am perceput la vremea respectiv\u0103, nu cum sunt acum, total schimbate. Rev\u0103z\u00e2nd anumite zone \u00eemi amintesc ceea ce am sim\u021bit eu c\u00e2nd eram copil, c\u00e2nd credeam c\u0103 suntem centrul universului \u0219i c\u0103 totul se \u00eenv\u00e2rte \u00een jurul nostru. \u00cen ciuda istoriei, care uneori este eronat\u0103, am \u00eenceput s\u0103 iubim acele locuri \u0219i s\u0103 ne ata\u0219\u0103m de ele. Am nostalgia lor adesea (&#8230;) \u00a0Voi avea, \u00een iunie, o expozi\u021bie retrospectiv\u0103 a celor 20 de ani reprezenta\u021bi \u00een albumul ap\u0103rut la Editura Institutului Cultural Rom\u00e2n, care cuprinde lucr\u0103ri realizate \u00een intervalul 1999-2019, la Colonia Pictorilor de la Baia Mare. Cu temeri, evident, ca nu cumva s\u0103 fie \u00eenchis ora\u0219ul. Cel mai important lucru este s\u0103 creezi. Lucr\u0103rile \u00ee\u0219i vor g\u0103si locul. Pentru un artist plastic nu este chiar at\u00e2t de tragic precum un artist care are concerte sau spectacole. Noi suntem obi\u0219nui\u021bi s\u0103 lucr\u0103m singuri. Suntem avantaja\u021bi. Evenimentele culturale au avut mult de suferit. Personal, de\u0219i recunosc importan\u021ba mediului online, prefer binefacerile contactului direct cu evenimentele culturale\u201d, m\u0103rturise\u0219te Florica Prevenda.<\/p>\n<p>Cafeneaua critic\u0103 este ini\u021biat\u0103 \u0219i realizat\u0103 de criticul Ion Bogdan Lefter, profesor la Facultatea de Litere a Universit\u0103\u021bii din Bucure\u0219ti.<\/p>\n<p>Urm\u0103ri\u021bi mini-Cafeneaua critic\u0103 aici:<\/p>\n<p><iframe loading=\"lazy\" title=\"mini-Cafeneaua critic\u0103 #25 | Florica Prevenda \u0219i Ion Bogdan Lefter\" src=\"https:\/\/player.vimeo.com\/video\/541332179?dnt=1&amp;app_id=122963\" width=\"500\" height=\"281\" frameborder=\"0\" allow=\"autoplay; fullscreen; picture-in-picture; clipboard-write\"><\/iframe><\/p>","protected":false},"excerpt":{"rendered":"<p>Invitata de ast\u0103zi a \u201emini-Cafenelei critice\u201d on-line este Florica Prevenda, unul dintre cei mai inovatori arti\u0219ti rom\u00e2ni din sfera picturii&#8230;<\/p>","protected":false},"author":11,"featured_media":16747,"comment_status":"closed","ping_status":"closed","sticky":false,"template":"","format":"standard","meta":{"_exactmetrics_skip_tracking":false,"_exactmetrics_sitenote_active":false,"_exactmetrics_sitenote_note":"","_exactmetrics_sitenote_category":0,"footnotes":""},"categories":[24,9,52],"tags":[],"class_list":["post-17571","post","type-post","status-publish","format-standard","has-post-thumbnail","hentry","category-dezbateri-culturale","category-evenimente","category-evenimente-on-line"],"_links":{"self":[{"href":"https:\/\/mnlr.ro\/en\/wp-json\/wp\/v2\/posts\/17571","targetHints":{"allow":["GET"]}}],"collection":[{"href":"https:\/\/mnlr.ro\/en\/wp-json\/wp\/v2\/posts"}],"about":[{"href":"https:\/\/mnlr.ro\/en\/wp-json\/wp\/v2\/types\/post"}],"author":[{"embeddable":true,"href":"https:\/\/mnlr.ro\/en\/wp-json\/wp\/v2\/users\/11"}],"replies":[{"embeddable":true,"href":"https:\/\/mnlr.ro\/en\/wp-json\/wp\/v2\/comments?post=17571"}],"version-history":[{"count":1,"href":"https:\/\/mnlr.ro\/en\/wp-json\/wp\/v2\/posts\/17571\/revisions"}],"predecessor-version":[{"id":17572,"href":"https:\/\/mnlr.ro\/en\/wp-json\/wp\/v2\/posts\/17571\/revisions\/17572"}],"wp:featuredmedia":[{"embeddable":true,"href":"https:\/\/mnlr.ro\/en\/wp-json\/wp\/v2\/media\/16747"}],"wp:attachment":[{"href":"https:\/\/mnlr.ro\/en\/wp-json\/wp\/v2\/media?parent=17571"}],"wp:term":[{"taxonomy":"category","embeddable":true,"href":"https:\/\/mnlr.ro\/en\/wp-json\/wp\/v2\/categories?post=17571"},{"taxonomy":"post_tag","embeddable":true,"href":"https:\/\/mnlr.ro\/en\/wp-json\/wp\/v2\/tags?post=17571"}],"curies":[{"name":"wp","href":"https:\/\/api.w.org\/{rel}","templated":true}]}}