{"id":17677,"date":"2021-05-07T12:53:28","date_gmt":"2021-05-07T09:53:28","guid":{"rendered":"https:\/\/mnlr.ro\/?p=17677"},"modified":"2021-05-07T12:53:28","modified_gmt":"2021-05-07T09:53:28","slug":"ziuaadolescentilor-fotografii-din-adolescenta-unor-mari-scriitori-si-actori-romani","status":"publish","type":"post","link":"https:\/\/mnlr.ro\/en\/ziuaadolescentilor-fotografii-din-adolescenta-unor-mari-scriitori-si-actori-romani\/","title":{"rendered":"#ZiuaAdolescen\u021bilor: fotografii din adolescen\u021ba unor mari scriitori \u0219i actori rom\u00e2ni"},"content":{"rendered":"<p>Duminic\u0103, 9 mai 2021, Muzeul Na\u021bional al Literaturii Rom\u00e2ne din Bucure\u0219ti (MNLR), Teatrul de Comedie \u0219i Clubul UNESCO\u00a0\u2013\u00a0Adolescen\u021bii lanseaz\u0103\u00a0pe paginile de Facebook \u0219i Instagram\u00a0hashtag-ul #ZiuaAdolescen\u021bilor, \u00eenso\u021bit de fotografii din adolescen\u021ba unor mari scriitori rom\u00e2ni,\u00a0respectiv a\u00a0unor actori ai Teatrului de Comedie.\u00a0Printre numele de scriitori rom\u00e2ni surprin\u0219i la v\u00e2rsta\u00a0\u201emarilor transform\u0103ri\u201d\u00a0se num\u0103r\u0103 Adrian Maniu, D. Iacobescu, Nicolae Labi\u0219, Victor Ion Popa, Ion Vinea, Bogdan Amaru, Mircea Eliade, Al. Davila, Hortensia Papadat-Bengescu, Ion Barbu, Lucia Demetrius, Zaharia Stancu, Camil Petrescu, Mihail Sadoveanu, George Co\u0219buc, Liviu Rebreanu, Ion Pillat \u0219i Mateiu I. Caragiale.\u00a0Toate portretele aflate \u00een arhiva MNLR vor fi prezentate sub forma unui video-montaj, care va fi difuzat pe paginile de Facebook \u0219i Instagram.<\/p>\n<p>\u00cen 1997, a fost promulgat\u0103 Legea nr. 197 din 17 noiembrie 1997 prin care\u00a0\u201ecea de-a doua\u00a0duminic\u0103\u00a0a lunii mai se instituie ca Ziua adolescentului\u201d.<\/p>\n<p>\u201eAdolescen\u021ba este pentru mine o stare de spirit \u0219i o provocare de a r\u0103m\u00e2ne conectat la energiile unei v\u00e2rste speciale, \u00een care te \u00eencarci de entuziasmul, idealismul \u0219i curiozitatea fa\u021b\u0103 de tine, de lume \u0219i de cel\u0103lalt. V\u0103 propun s\u0103 s\u0103rb\u0103torim Ziua Adolescen\u021bilor public\u00e2nd fiecare dintre voi, cu hashtag-ul #ZiuaAdolescen\u021bilor, o fotografie din adolescen\u021ba voastr\u0103. Teatrul de Comedie \u0219i Muzeul Na\u021bional al Literaturii Rom\u00e2ne vor publica fotografiile din adolescen\u021b\u0103 ale unor actori \u0219i scriitori rom\u00e2ni. \u00cei a\u0219tept pe to\u021bi cei care mi-au scris \u0219i m-au \u00eencurajat s\u0103 continu\u0103m Festivalul Adolescen\u021bilor at\u00e2t la Teatrul de Comedie, la Muzeul Na\u021bional al Literaturii Rom\u00e2ne din Bucure\u0219ti, s\u0103 ne vedem c\u00e2t mai cur\u00e2nd, atunci c\u00e2nd va fi posibil s\u0103 ne (re)\u00eent\u00e2lnim fa\u021b\u0103 c\u0103tre fa\u021b\u0103, chip c\u0103tre chip. Tuturor v\u0103 transmit un salut ca de la un ve\u0219nic adolescent la un adolescent entuziast.\u201d, a declarat Maestrul George Mih\u0103i\u021b\u0103. Agen\u021biadeCarte.ro este partenerul media al programului\u00a0#ZiuaAdolescen\u021bilor.<\/p>\n<p>\u201d\u0218i&#8230; am ajuns la Ploie\u0219ti la \u0219coala de muzic\u0103 (vis-\u00e0-vis de Cinema Tineretului). Dar locuri nu erau dec\u00e2t la sec\u021bia flaut. Zis \u0219i f\u0103cut. P\u0103rin\u021bii mi-au g\u0103sit o gazd\u0103. Gazda avea o fat\u0103. Fata era frumoas\u0103. M-am \u00eendr\u0103gostit. Era mai mare dec\u00e2t mine cu c\u00e2\u021biva ani. O a\u0219teptam seara \u00een fa\u021ba por\u021bii, c\u00e2nd ea venea agale, cu altul. Cu ce crede\u021bi c\u0103 m-am consolat? (Acum \u00eemi dau seama.) Cu \u00eent\u00e2lnirea providen\u021bial\u0103 cu Toma Caragiu. Gazda (mama fetei) m\u0103 invitase s\u0103 v\u0103d la Teatrul de Stat din Ploie\u0219ti (care ast\u0103zi se cheam\u0103 Toma Caragiu) spectacolul <em>De Pretore Vincenzo<\/em> (<em>Ho\u021bul \u00een rai<\/em>). Atunci am dat m\u00e2na prima oar\u0103 cu Toma. Dup\u0103 primul an de institut, aveam s\u0103 m\u0103 \u00eent\u00e2lnesc cu el la Cire\u0219ica, un restaurant de l\u00e2ng\u0103 Bulandra unde se adunau actorii, vestit \u00een boema bucure\u0219tean\u0103 a acelor ani. Toma m\u0103 v\u0103zuse \u00een Reconstituirea. Primul compliment l-am primit de la el. Student fiind, l-am v\u0103zut de 32 de ori \u00een <em>D-ale carnavalului<\/em>. Coboram de la institut la parter, unde era Teatrul Bulandra. (Am prins \u0219i o zi de repeti\u021bie \u00een care Birlic juca \u00een locul lui Marin Moraru, care-\u0219i fracturase piciorul. Birlic, la prima lui apari\u021bie \u00een scen\u0103, scotea capul pe u\u0219\u0103 \u0219i r\u0103m\u00e2nea a\u0219a, privind. Atunci Pintilie l-a \u00eentrebat: \u201eDe ce stai a\u0219a de mult \u00een u\u0219\u0103? Stai mai pu\u021bin!\u201d \u201eNu, bre, c\u0103 aici se aplaud\u0103\u201d \u2013 i-a r\u0103spuns Birlic&#8230; Prin anul III de facultate, aveam s\u0103 joc cu Tomi\u021b\u0103 \u00een celebrele B.D.-uri, un serial de mare succes \u00een epoc\u0103. Eu eram Haralambie Harpalete. La finalul facult\u0103\u021bii, eram deja coleg cu Toma la Bulandra, repet\u00e2nd \u00een <em>Ziari\u0219tii<\/em> de Al. Mirodan. Dup\u0103 nici zece ani de c\u00e2nd \u00eel v\u0103zusem pe Toma Caragiu pe scen\u0103 la Ploie\u0219ti, deveniser\u0103m colegi! Doamne! \u00cen 2002, Hora\u021biu M\u0103l\u0103ele a \u00eenceput repeti\u021biile cu <em>De Pretore Vincenzo<\/em> la Teatrul de Comedie. \u00cen rolul lui Toma&#8230; eu. \u00cen 2006, la fel ca Toma c\u00e2ndva, eram \u0219i eu Primarul din <em>Revizorul<\/em> de Gogol. \u201eP\u0103i, despre ce vorbim noi aici, domnule?\u201d<\/p>\n<p><strong>George Mih\u0103i\u021b\u0103, \u00een cartea \u201dMIH\u0102I\u021a\u0102. Reconstituirea unei vie\u021bi\u201d de Doina Papp, Editura Tracus Arte, Bucure\u0219ti, 2018, paginile 37-38<\/strong><\/p>\n<p><a href=\"https:\/\/edituratracusarte.ro\/produs\/mihaita-reconstituirea-unei-vieti-doina-papp\/\"><strong>https:\/\/edituratracusarte.ro\/produs\/mihaita-reconstituirea-unei-vieti-doina-papp\/<\/strong><\/a><\/p>\n<p><strong>Ion Vinea \u0219i Tristan Tzara<\/strong><\/p>\n<p>Trei adolescen\u021bi reu\u0219esc, \u00een anul 1912, la Bucure\u015fti, s\u0103 creeze o revist\u0103 literar\u0103: Ion Iovanaki (Ion Vinea), Samuel Rosenstock (Tristan Tzara) \u015fi Marcel Iancu (arhitect \u0219i pictor). Revista \u201eSimbolul\u201d, publicat\u0103 doar \u00een patru numere, reflecta dorin\u021ba tinerilor de schimbare, de lupt\u0103 pentru dreptul poeziei de a fi vie: ,,pentru dreptul de a fi obscur\u0103 \u015fi profund\u0103, izolat\u0103 \u015fi singular\u0103, pre\u021bioas\u0103 \u015fi ireal\u0103\u201d.<\/p>\n<p>O fotografie aflat\u0103, ast\u0103zi, \u00een expozi\u021bia de baz\u0103 a MNLR, \u00eel surprinde pe Ion Vinea al\u0103turi de Tristan Tzara acolo unde poate nu ne a\u0219tept\u0103m: la marginea unei p\u0103duri, privind curajo\u0219i spre viitor. Sunt liceeni, afla\u021bi \u00een vacan\u021b\u0103, \u00een provincie: Ion Vinea, zvelt, \u00eencrez\u0103tor \u00een sine, \u00eembr\u0103cat \u00een costum de echita\u021bie, \u0219i Tristan Tzara, elegant, \u00een\u0103l\u021b\u00e2ndu-se discret pe o piatr\u0103 din apropiere pentru a echilibra distan\u021ba.<\/p>\n<p>\u00cen 1915, Tristan Tzara va pleca la Z\u00fcrich, unde se afla deja Marcel Iancu. La 14 iulie 1916, are loc primul spectacol Dada, la Cabaretul Voltaire. Va lua na\u015ftere, astfel, dadaismul, mi\u0219care care va influen\u021ba arta european\u0103.<\/p>\n<p>,,A\u015fa s-a n\u0103scut DADA, dintr-o nevoie de independen\u0163\u0103, de ne\u00eencredere fa\u0163\u0103 de comunitate. Cei ce sunt cu noi \u00ee\u015fi p\u0103streaz\u0103 libertatea. Noi nu recunoa\u015ftem nici o teorie. Ajunge cu academiile cubiste \u015fi futuriste, laboratoare de idei formale.\u201d (fragment din \u201eManifestul Dada 1918\u201d, citit de Tristan Tzara la Z\u00fcrich, \u00een data de 23 martie 1918)<\/p>\n<p>,,Dada nu e nimic \/ Dada e totul. Dada e viu, haotic, imprevizibil \u0219i f\u0103r\u0103 sens, ca via\u021ba \u00eens\u0103\u0219i.\u201d<\/p>\n<p>,,Dada e via\u021ba f\u0103r\u0103 papuci \u0219i f\u0103r\u0103 paralele.\u201d<\/p>\n<p>(Tristan Tzaza, \u201e\u0218apte manifeste DADA\u201d, edi\u021bia a II-a revizuit\u0103, versiuni rom\u00e2ne\u0219ti, prefa\u021b\u0103 \u0219i note de Ion Pop, Editura Polirom, Ia\u0219i, 2016)<\/p>\n<p><strong>Text de Oana Oros, muzeograf \u2013 MNLR Cre\u021bulescu<\/strong><\/p>\n<p><a href=\"https:\/\/www.facebook.com\/muzeul.literaturii.romane\/photos\/a.105157716196036\/4220268074684959\/\"><strong>https:\/\/www.facebook.com\/muzeul.literaturii.romane\/photos\/a.105157716196036\/4220268074684959\/<\/strong><\/a><\/p>\n<p>Clubul UNESCO\u00a0\u2013\u00a0Adolescen\u0163ii\u00a0este o organiza\u0163ie non-politic\u0103, non-guvernamental\u0103 \u015fi non-profit fondat\u0103 de Maestrul George Mih\u0103i\u0163\u0103. Pre\u015fedintele Clubul UNESCO\u00a0\u2013\u00a0Adolescen\u0163ii este scriitorul Dan Mircea Cipariu, iar\u00a0vicepre\u015fedintele\u00a0asocia\u0163iei este artistul vizual Mihai Zgondoiu.<\/p>\n<p>Clubul\u00a0UNESCO\u00a0\u2013\u00a0Adolescen\u0163ii\u00a0a fost creat \u00een anul 1992 \u015fi face parte din re\u0163eaua mondial\u0103 de cluburi UNESCO. \u00cenc\u0103 de la \u00eenfiin\u0163are, Clubul UNESCO\u00a0\u2013\u00a0Adolescen\u0163ii a f\u0103cut lobby parlamentar pentru legiferarea unei zile speciale dedicate fenomenului adolescentin. Astfel, \u00een 1997, a fost promulgat\u0103 Legea nr. 197 din 17 noiembrie 1997 privind instituirea Zilei Adolescentului \u00een fiecare an.<\/p>\n<p>Proiectele Clubul UNESCO\u00a0\u2013\u00a0Adolescen\u0163ii: Festivalul\u00a0\u201eSalut,\u00a0Adolescen\u021ba\u201d, S\u0103pt\u0103m\u00e2na Adolescen\u0163ilor, Comedia \u0163ine la TINEri, Festivalul Na\u0163ional de Teatru pentru Liceeni \u201eJos P\u0103l\u0103ria\u201d, Vernisaj A, Virtual Text A, Cursurile gratuite de actorie pentru elevi (profesor Delia Nartea), Euro Fest-Teen, Reziden\u021ba LiterArt,\u00a0\u201eDaruri\u00a0pentru Minte, Trup \u0219i Spirit\u201d.\u00a0\u00cen cele 22 de edi\u0163ii de p\u00e2n\u0103 acum ale Festivalului Na\u0163ional de Teatru \u201eJos P\u0103l\u0103ria\u201d, au urcat pe scen\u0103 peste 5000 de adolescen\u0163i (dintre\u00a0care c\u00e2\u0163iva au ajuns mari actori \u015fi regizori), iar premiile au fost decernate, de-a lungul anilor, de Marcel Iure\u015f, Hora\u0163iu M\u0103l\u0103ele, Maia Morgenstern, Emilia Popescu, Vlad Cristache, Andi Vasluianu, Dorina Chiriac, Alex Bogdan etc.<\/p>\n<p>FOTO: Ion Vinea \u0219i Tristan Tzara, Arhiva MNLR<\/p>","protected":false},"excerpt":{"rendered":"<p>Duminic\u0103, 9 mai 2021, Muzeul Na\u021bional al Literaturii Rom\u00e2ne din Bucure\u0219ti (MNLR), Teatrul de Comedie \u0219i Clubul UNESCO\u00a0\u2013\u00a0Adolescen\u021bii lanseaz\u0103\u00a0pe paginile&#8230;<\/p>","protected":false},"author":8,"featured_media":17678,"comment_status":"closed","ping_status":"closed","sticky":false,"template":"","format":"standard","meta":{"_exactmetrics_skip_tracking":false,"_exactmetrics_sitenote_active":false,"_exactmetrics_sitenote_note":"","_exactmetrics_sitenote_category":0,"footnotes":""},"categories":[9,52,8],"tags":[],"class_list":["post-17677","post","type-post","status-publish","format-standard","has-post-thumbnail","hentry","category-evenimente","category-evenimente-on-line","category-recomandari"],"_links":{"self":[{"href":"https:\/\/mnlr.ro\/en\/wp-json\/wp\/v2\/posts\/17677","targetHints":{"allow":["GET"]}}],"collection":[{"href":"https:\/\/mnlr.ro\/en\/wp-json\/wp\/v2\/posts"}],"about":[{"href":"https:\/\/mnlr.ro\/en\/wp-json\/wp\/v2\/types\/post"}],"author":[{"embeddable":true,"href":"https:\/\/mnlr.ro\/en\/wp-json\/wp\/v2\/users\/8"}],"replies":[{"embeddable":true,"href":"https:\/\/mnlr.ro\/en\/wp-json\/wp\/v2\/comments?post=17677"}],"version-history":[{"count":1,"href":"https:\/\/mnlr.ro\/en\/wp-json\/wp\/v2\/posts\/17677\/revisions"}],"predecessor-version":[{"id":17679,"href":"https:\/\/mnlr.ro\/en\/wp-json\/wp\/v2\/posts\/17677\/revisions\/17679"}],"wp:featuredmedia":[{"embeddable":true,"href":"https:\/\/mnlr.ro\/en\/wp-json\/wp\/v2\/media\/17678"}],"wp:attachment":[{"href":"https:\/\/mnlr.ro\/en\/wp-json\/wp\/v2\/media?parent=17677"}],"wp:term":[{"taxonomy":"category","embeddable":true,"href":"https:\/\/mnlr.ro\/en\/wp-json\/wp\/v2\/categories?post=17677"},{"taxonomy":"post_tag","embeddable":true,"href":"https:\/\/mnlr.ro\/en\/wp-json\/wp\/v2\/tags?post=17677"}],"curies":[{"name":"wp","href":"https:\/\/api.w.org\/{rel}","templated":true}]}}