{"id":17775,"date":"2021-05-12T19:51:05","date_gmt":"2021-05-12T16:51:05","guid":{"rendered":"https:\/\/mnlr.ro\/?p=17775"},"modified":"2021-05-12T20:20:59","modified_gmt":"2021-05-12T17:20:59","slug":"a-incetat-din-viata-scriitoarea-ileana-vulpescu","status":"publish","type":"post","link":"https:\/\/mnlr.ro\/en\/a-incetat-din-viata-scriitoarea-ileana-vulpescu\/","title":{"rendered":"A \u00eencetat din via\u021b\u0103 scriitoarea Ileana Vulpescu"},"content":{"rendered":"<p>Muzeul Na\u021bional al Literaturii Rom\u00e2ne se al\u0103tur\u0103 tuturor celor care depl\u00e2ng dispari\u021bia celei care a fost Ileana Vulpescu. Aceasta a plecat dintre noi miercuri, 12 mai 2021, la v\u00e2rsta de 88 de ani.<\/p>\n<p>Ileana Vulpescu s-a n\u0103scut la 21 mai 1932, la Bratovoe\u015fti, Dolj, \u00eens\u0103 de la 7 ani, s-a mutat la Craiova, pentru c\u0103 tat\u0103l s\u0103u murise \u015fi mama avea s\u0103 se rec\u0103s\u0103toreasc\u0103. A venit \u00een Bucure\u015fti \u00een 1953, c\u00e2nd a \u00eenceput Facultatea de Filologie \u015fi l-a cunoscut \u015fi pe viitorul so\u0163, scriitorul Romulus Vulpescu. Dup\u0103 o licen\u021b\u0103 \u00een Litere (limba \u0219i literatura francez\u0103), la Facultatea de Filologie a Universit\u0103\u021bii din Bucure\u0219ti (1953-1958), a lucrat ca lexicograf la Institutul de Lingvistic\u0103 al Academiei \u0219i a colaborat la redactarea lucr\u0103rilor Dic\u021bionarul limbii rom\u00e2ne \u0219i Dic\u021bionarul explicativ al limbii rom\u00e2ne (1959-1975), \u00eenceput de Sextil Pu\u015fcariu, dar \u00eentrerupt \u00een timpul r\u0103zboiului. A r\u0103mas aici p\u00e2n\u0103 la finalul anilor 70 c\u00e2nd s-a pensionat pe caz de boal\u0103. Lumea sa a fost \u00eentotdeauna reprezentat\u0103 de c\u0103r\u0163i, de lumina pe care avea s\u0103 o d\u0103ruiasc\u0103 la r\u00e2ndu-i prin ceea ce scria. Cartea sa, \u201eArta conversa\u021biei\u201d, a reu\u0219it s\u0103 ajung\u0103 best-seller \u00eenainte de 1989.<\/p>\n<p>\u201eAm debutat t\u00eerziu: la 37 de ani. Am avut, zic, destul\u0103 minte, s\u0103 nu m\u0103 ame\u0163esc de succes, succes care uneori, venind prea devreme, \u00ee\u021bi poate lua min\u0163ile. Nimic nu m-a clintit niciodat\u0103 din ideea unei vie\u0163i la distan\u0163\u0103 de grupuri unde fiecare \u00eel declar\u0103 genial pe fiecare. Am crezut totdeauna c\u0103 destinatarul, cititorul, poate fi considerat cu suficient\u0103 minte ca s\u0103-\u015fi fac\u0103 singur o p\u0103rere despre autor. C\u00eend scriu, nu m\u0103 g\u00eendesc nici s\u0103 sup\u0103r neap\u0103rat pe cineva, nici s\u0103 fiu pe placul cuiva. Spun ce am de spus \u015fi-at\u00eet. Mi s-au republicat c\u0103r\u0163i scrise p\u00een\u0103 \u00een 1989. N-am schimbat nici m\u0103car o virgul\u0103. N-am avut nevoie s\u0103-mi \u00eentorc cojocul, fiindc\u0103 de c\u00eend m\u0103 \u015ftiu \u00eel port pe-o singur\u0103 fa\u0163\u0103 \u015fi-aceea neconjunctural\u0103\u201d, m\u0103rturisea scriitoarea Ileana Vulpescu \u00eentr-un interviu.<\/p>\n<p>Dumnezeu s-o odihneasc\u0103 \u00een pace!<\/p>","protected":false},"excerpt":{"rendered":"<p>Muzeul Na\u021bional al Literaturii Rom\u00e2ne se al\u0103tur\u0103 tuturor celor care depl\u00e2ng dispari\u021bia celei care a fost Ileana Vulpescu. Aceasta a&#8230;<\/p>","protected":false},"author":11,"featured_media":17778,"comment_status":"closed","ping_status":"closed","sticky":false,"template":"","format":"standard","meta":{"_exactmetrics_skip_tracking":false,"_exactmetrics_sitenote_active":false,"_exactmetrics_sitenote_note":"","_exactmetrics_sitenote_category":0,"footnotes":""},"categories":[9],"tags":[],"class_list":["post-17775","post","type-post","status-publish","format-standard","has-post-thumbnail","hentry","category-evenimente"],"_links":{"self":[{"href":"https:\/\/mnlr.ro\/en\/wp-json\/wp\/v2\/posts\/17775","targetHints":{"allow":["GET"]}}],"collection":[{"href":"https:\/\/mnlr.ro\/en\/wp-json\/wp\/v2\/posts"}],"about":[{"href":"https:\/\/mnlr.ro\/en\/wp-json\/wp\/v2\/types\/post"}],"author":[{"embeddable":true,"href":"https:\/\/mnlr.ro\/en\/wp-json\/wp\/v2\/users\/11"}],"replies":[{"embeddable":true,"href":"https:\/\/mnlr.ro\/en\/wp-json\/wp\/v2\/comments?post=17775"}],"version-history":[{"count":1,"href":"https:\/\/mnlr.ro\/en\/wp-json\/wp\/v2\/posts\/17775\/revisions"}],"predecessor-version":[{"id":17776,"href":"https:\/\/mnlr.ro\/en\/wp-json\/wp\/v2\/posts\/17775\/revisions\/17776"}],"wp:featuredmedia":[{"embeddable":true,"href":"https:\/\/mnlr.ro\/en\/wp-json\/wp\/v2\/media\/17778"}],"wp:attachment":[{"href":"https:\/\/mnlr.ro\/en\/wp-json\/wp\/v2\/media?parent=17775"}],"wp:term":[{"taxonomy":"category","embeddable":true,"href":"https:\/\/mnlr.ro\/en\/wp-json\/wp\/v2\/categories?post=17775"},{"taxonomy":"post_tag","embeddable":true,"href":"https:\/\/mnlr.ro\/en\/wp-json\/wp\/v2\/tags?post=17775"}],"curies":[{"name":"wp","href":"https:\/\/api.w.org\/{rel}","templated":true}]}}