{"id":17793,"date":"2021-05-18T11:00:45","date_gmt":"2021-05-18T08:00:45","guid":{"rendered":"https:\/\/mnlr.ro\/?p=17793"},"modified":"2021-05-19T17:15:51","modified_gmt":"2021-05-19T14:15:51","slug":"de-azi-pana-ieri-revizitari-literare-16-bogdan-cretu-despre-stefan-zeletin","status":"publish","type":"post","link":"https:\/\/mnlr.ro\/en\/de-azi-pana-ieri-revizitari-literare-16-bogdan-cretu-despre-stefan-zeletin\/","title":{"rendered":"De azi p\u00e2n\u0103 ieri. Revizit\u0103ri literare #16 | Bogdan Cre\u021bu despre \u0218tefan Zeletin"},"content":{"rendered":"<p>\u0218tefan Zeletin, sociolog, cu studii la Oxford, este autorul lucr\u0103rilor\u00a0\u201eBurghezia rom\u00e2n\u0103\u00a0(1925) \u0219i\u00a0\u201eNeoliberalismul\u201d (1927), interzise decenii la r\u00e2nd \u00een timpul regimului comunist. Dup\u0103 cum interzis\u0103 a fost \u0219i cartea lui de debut,\u00a0\u201eDin \u021aara M\u0103garilor. \u00censemn\u0103ri\u201d\u00a0(1916), un teribil pamflet, o viziune caricaturizat\u0103 care prezint\u0103 o \u021bar\u0103 a m\u0103garilor g\u0103l\u0103gio\u0219i, al c\u0103rei imn se intituleaz\u0103\u00a0\u201eNoi vrem bac\u0219i\u0219\u201d. Ap\u0103rut\u0103 \u00eentr-o perioad\u0103 de exuberan\u021b\u0103 na\u021bionalist\u0103 \u0219i patriotic\u0103, \u00een timpul r\u0103zboiului de re\u00eentregire, bro\u0219ura a st\u00e2rnit furia contemporanilor.<\/p>\n<p><iframe loading=\"lazy\" title=\"De azi p\u00e2n\u0103 ieri. Revizit\u0103ri literare #16 | Bogdan Cre\u021bu despre \u0218tefan Zeletin\" src=\"https:\/\/player.vimeo.com\/video\/548780423?dnt=1&amp;app_id=122963\" width=\"500\" height=\"281\" frameborder=\"0\" allow=\"autoplay; fullscreen; picture-in-picture; clipboard-write\"><\/iframe><\/p>","protected":false},"excerpt":{"rendered":"<p>\u0218tefan Zeletin, sociolog, cu studii la Oxford, este autorul lucr\u0103rilor\u00a0\u201eBurghezia rom\u00e2n\u0103\u00a0(1925) \u0219i\u00a0\u201eNeoliberalismul\u201d (1927), interzise decenii la r\u00e2nd \u00een timpul regimului&#8230;<\/p>","protected":false},"author":8,"featured_media":17207,"comment_status":"closed","ping_status":"closed","sticky":false,"template":"","format":"standard","meta":{"_exactmetrics_skip_tracking":false,"_exactmetrics_sitenote_active":false,"_exactmetrics_sitenote_note":"","_exactmetrics_sitenote_category":0,"footnotes":""},"categories":[9,52,8],"tags":[],"class_list":["post-17793","post","type-post","status-publish","format-standard","has-post-thumbnail","hentry","category-evenimente","category-evenimente-on-line","category-recomandari"],"_links":{"self":[{"href":"https:\/\/mnlr.ro\/en\/wp-json\/wp\/v2\/posts\/17793","targetHints":{"allow":["GET"]}}],"collection":[{"href":"https:\/\/mnlr.ro\/en\/wp-json\/wp\/v2\/posts"}],"about":[{"href":"https:\/\/mnlr.ro\/en\/wp-json\/wp\/v2\/types\/post"}],"author":[{"embeddable":true,"href":"https:\/\/mnlr.ro\/en\/wp-json\/wp\/v2\/users\/8"}],"replies":[{"embeddable":true,"href":"https:\/\/mnlr.ro\/en\/wp-json\/wp\/v2\/comments?post=17793"}],"version-history":[{"count":1,"href":"https:\/\/mnlr.ro\/en\/wp-json\/wp\/v2\/posts\/17793\/revisions"}],"predecessor-version":[{"id":17794,"href":"https:\/\/mnlr.ro\/en\/wp-json\/wp\/v2\/posts\/17793\/revisions\/17794"}],"wp:featuredmedia":[{"embeddable":true,"href":"https:\/\/mnlr.ro\/en\/wp-json\/wp\/v2\/media\/17207"}],"wp:attachment":[{"href":"https:\/\/mnlr.ro\/en\/wp-json\/wp\/v2\/media?parent=17793"}],"wp:term":[{"taxonomy":"category","embeddable":true,"href":"https:\/\/mnlr.ro\/en\/wp-json\/wp\/v2\/categories?post=17793"},{"taxonomy":"post_tag","embeddable":true,"href":"https:\/\/mnlr.ro\/en\/wp-json\/wp\/v2\/tags?post=17793"}],"curies":[{"name":"wp","href":"https:\/\/api.w.org\/{rel}","templated":true}]}}