{"id":17798,"date":"2021-05-14T12:13:15","date_gmt":"2021-05-14T09:13:15","guid":{"rendered":"https:\/\/mnlr.ro\/?p=17798"},"modified":"2021-05-14T21:48:13","modified_gmt":"2021-05-14T18:48:13","slug":"concert-trio-classic-in-gradina-mnlr-2","status":"publish","type":"post","link":"https:\/\/mnlr.ro\/en\/concert-trio-classic-in-gradina-mnlr-2\/","title":{"rendered":"Concert Trio Classic \u00een Gr\u0103dina MNLR"},"content":{"rendered":"<p>S\u00e2mb\u0103t\u0103, 22 mai 2021, ora 18.00, v\u0103 a\u0219tept\u0103m la un nou eveniment \u00een Gr\u0103dina MNLR, Str. Nicolae Cre\u021bulescu 8, Concert Trio Classic.<\/p>\n<p>Grupul vocal-instrumental Trio Classic s-a n\u0103scut \u00een minunata urbe a Ploie\u0219tiului din dorin\u021ba celor trei str\u0103luci\u021bi interpre\u021bi (Bogdan G\u0103zdac \u2013 chitar\u0103 clasic\u0103; Octavian Tudose \u2013 bass bariton; Mihai Nichita \u2013 pian) de a bucura \u0219i lumina zilele melomanilor. Grupul a sus\u021binut concerte la Filarmonica din Ploie\u0219ti, Muzeul <em>Iulia Hasdeu<\/em> din C\u00e2mpina, Muzeul <em>Paul Constantinescu<\/em> din Ploie\u0219ti \u0219i Muzeul de Arte din Ploie\u0219ti.<\/p>\n<p><strong>Bogdan G\u0103zdac<\/strong> este licen\u021biat al Universit\u0103\u021bii Na\u021bionale de Muzic\u0103 Bucure\u0219ti \u0219i profesor de muzic\u0103 vocal-instrumental\u0103 (chitar\u0103 clasic\u0103) la Palatul Copiilor din Ploie\u0219ti. A avut numeroase apari\u021bii la televiziuni centrale \u0219i locale, a sus\u021binut recitaluri pe scene importante din \u021bar\u0103.<\/p>\n<p><strong>Octavian Tudose<\/strong> este masterand al Universit\u0103\u021bii Na\u021bionale de Muzic\u0103 din Bucure\u0219ti \u0219i profesor de canto la Colegiul de Art\u0103 <em>Carmen Sylva<\/em> din Ploie\u0219ti.<\/p>\n<p><strong>Mihai Nichita<\/strong> a absolvit cursurile Institutului Ecumenic de Muzic\u0103 Sacr\u0103 din Bucure\u0219ti, desf\u0103\u0219ur\u00e2nd o bogat\u0103 activitate muzical\u0103 al\u0103turi de Corul <em>Santa Cecilia,<\/em> c\u00e2t \u0219i al\u0103turi de grupul vocal-instrumental <em>Ars Magna<\/em> de muzic\u0103 sacr\u0103. A sus\u021binut concerte pe mai multe scene din \u021bar\u0103, colabor\u00e2nd cu importante personalit\u0103\u021bi ale muzicii rom\u00e2ne\u0219ti.<\/p>\n<p>Intrarea este liber\u0103, \u00een limita locurilor disponibile. Rezerv\u0103rile se fac la adresa programe@mnlr.ro, la telefon 0736 598 451, pe WhatsApp (Gabriela Toma).<\/p>\n<p><strong>PROGRAM<\/strong><\/p>\n<p><strong>\u00a0<\/strong>1.Bogdan G\u0103zdac \u2013 chitar\u0103 clasic\u0103<br \/>\n&#8211; Se Ela Preguntar \u2026&#8230;&#8230;&#8230;&#8230;&#8230;&#8230;&#8230;&#8230;.de Dilernando Reis<br \/>\n&#8211; Bolero \u2026&#8230;&#8230;&#8230;&#8230;&#8230;&#8230;&#8230;&#8230;&#8230;&#8230;&#8230;&#8230;&#8230;..de Napoleon Coste<br \/>\n2.Octavian Tudose \u2013 bass bariton, Mihai NICHITA \u2013 pian<br \/>\n&#8211; Pieta, Signore \u2026&#8230;&#8230;&#8230;&#8230;&#8230;&#8230;&#8230;&#8230;&#8230;.de Alessandro Stradella<br \/>\n&#8211; Vi Ravviso, o luoghi ameni \u2026&#8230;&#8230;&#8230;&#8230;de Vincenzo Bellini<br \/>\n3.Mihai Nichita \u2013 pian<br \/>\n&#8211; Air&#8230;&#8230;&#8230;&#8230;&#8230;&#8230;&#8230;&#8230;&#8230;&#8230;&#8230;&#8230;&#8230;&#8230;&#8230;&#8230;.de J.S.Bach<br \/>\n4.Bogdan G\u0103zdac \u2013 chitar\u0103 clasic\u0103<br \/>\n&#8211; Studiu \u00een Si minor&#8230;&#8230;&#8230;&#8230;&#8230;&#8230;&#8230;&#8230;.de Fernando Carulli<br \/>\n&#8211; Tango \u2026&#8230;&#8230;&#8230;&#8230;&#8230;&#8230;&#8230;&#8230;&#8230;&#8230;&#8230;&#8230;&#8230;de Francesco Tarrega<br \/>\n5.Octavian TUDOSE \u2013 bass bariton, Mihai NICHITA \u2013 pian<br \/>\n&#8211; Revedere &#8222;Codrule, Codru\u021bule&#8230;&#8221; de Aurel Eliade<br \/>\n&#8211; Veselie&#8230;&#8230;&#8230;&#8230;&#8230;&#8230;&#8230;&#8230;&#8230;&#8230;&#8230;&#8230;&#8230;&#8230;de Pascal Bentoiu<br \/>\n6.Bogdan G\u0102ZDAC \u2013 chitar\u0103 clasic\u0103<br \/>\n&#8211; Studiu \u00een mi minor \u2026&#8230;&#8230;&#8230;&#8230;&#8230;&#8230;&#8230;de Fernando Carulli<br \/>\n&#8211; Choros \u2026&#8230;&#8230;&#8230;&#8230;&#8230;&#8230;&#8230;&#8230;&#8230;&#8230;&#8230;&#8230;&#8230;de Domenico Sementzatto<br \/>\n7.Mihai Nichita \u2013 pian<br \/>\n\u201eJoy\u201d din Cantata BWV 147 &#8230;&#8230;de J. S .Bach<br \/>\n8.Octavian Tudose \u2013 bass bariton, Mihai NICHITA \u2013 pian<br \/>\n&#8211;\u00a0 Panis Angelicus &#8230;&#8230;&#8230;&#8230;&#8230;&#8230;&#8230;&#8230;.de Cesar Franck<br \/>\n9.Bogdan G\u0103zdac \u2013 chitar\u0103 clasic\u0103<br \/>\n&#8211; Choros&#8230;&#8230;&#8230;&#8230;&#8230;&#8230;&#8230;&#8230;&#8230;&#8230;&#8230;&#8230;&#8230;.de Joao Pernambuco<\/p>\n<p>&nbsp;<\/p>\n<p>&nbsp;<\/p>","protected":false},"excerpt":{"rendered":"<p>S\u00e2mb\u0103t\u0103, 22 mai 2021, ora 18.00, v\u0103 a\u0219tept\u0103m la un nou eveniment \u00een Gr\u0103dina MNLR, Str. Nicolae Cre\u021bulescu 8, Concert&#8230;<\/p>","protected":false},"author":11,"featured_media":17799,"comment_status":"closed","ping_status":"closed","sticky":false,"template":"","format":"standard","meta":{"_exactmetrics_skip_tracking":false,"_exactmetrics_sitenote_active":false,"_exactmetrics_sitenote_note":"","_exactmetrics_sitenote_category":0,"footnotes":""},"categories":[27,9],"tags":[],"class_list":["post-17798","post","type-post","status-publish","format-standard","has-post-thumbnail","hentry","category-concerte-de-muzica","category-evenimente"],"_links":{"self":[{"href":"https:\/\/mnlr.ro\/en\/wp-json\/wp\/v2\/posts\/17798","targetHints":{"allow":["GET"]}}],"collection":[{"href":"https:\/\/mnlr.ro\/en\/wp-json\/wp\/v2\/posts"}],"about":[{"href":"https:\/\/mnlr.ro\/en\/wp-json\/wp\/v2\/types\/post"}],"author":[{"embeddable":true,"href":"https:\/\/mnlr.ro\/en\/wp-json\/wp\/v2\/users\/11"}],"replies":[{"embeddable":true,"href":"https:\/\/mnlr.ro\/en\/wp-json\/wp\/v2\/comments?post=17798"}],"version-history":[{"count":3,"href":"https:\/\/mnlr.ro\/en\/wp-json\/wp\/v2\/posts\/17798\/revisions"}],"predecessor-version":[{"id":17804,"href":"https:\/\/mnlr.ro\/en\/wp-json\/wp\/v2\/posts\/17798\/revisions\/17804"}],"wp:featuredmedia":[{"embeddable":true,"href":"https:\/\/mnlr.ro\/en\/wp-json\/wp\/v2\/media\/17799"}],"wp:attachment":[{"href":"https:\/\/mnlr.ro\/en\/wp-json\/wp\/v2\/media?parent=17798"}],"wp:term":[{"taxonomy":"category","embeddable":true,"href":"https:\/\/mnlr.ro\/en\/wp-json\/wp\/v2\/categories?post=17798"},{"taxonomy":"post_tag","embeddable":true,"href":"https:\/\/mnlr.ro\/en\/wp-json\/wp\/v2\/tags?post=17798"}],"curies":[{"name":"wp","href":"https:\/\/api.w.org\/{rel}","templated":true}]}}