{"id":18121,"date":"2021-05-31T15:43:20","date_gmt":"2021-05-31T12:43:20","guid":{"rendered":"https:\/\/mnlr.ro\/?p=18121"},"modified":"2021-06-08T11:09:48","modified_gmt":"2021-06-08T08:09:48","slug":"lansare-de-carte-colectiv-lacrimi-de-foc","status":"publish","type":"post","link":"https:\/\/mnlr.ro\/en\/lansare-de-carte-colectiv-lacrimi-de-foc\/","title":{"rendered":"Lansare de carte \u201eColectiv. Lacrimi de foc\u201d"},"content":{"rendered":"<p>Muzeul Na\u021bional al Literaturii Rom\u00e2ne g\u0103zduie\u0219te joi, 3 iunie 2021, de la ora 15.00, \u00een Gr\u0103dina MNLR din Str. Nicolae Cre\u021bulescu nr. 8, lansarea de carte \u201eColectiv. Lacrimi de foc\u201d, de Dan Alexandru Tano. Invita\u021bi la eveniment sunt scriitorul Dinu S\u0103raru, Ada Vertan, Lidia Vadim Tudor, Dan Alexandru Tano. Cu participarea actorilor Ada Navrot \u0219i Lucian Enescu.<\/p>\n<p>N\u0103scut \u00een 1970, pe meleaguri teleorm\u0103nene, Dan Alexandru \u0219i-a croit un drum propriu. A publicat dou\u0103 culegeri cu articole scrise de-a lungul vremii: ,,Frustr\u0103ri de rom\u00e2n\u201d \u0219i ,,\u00cen timp ce tu mori\u201d, precum \u0219i dou\u0103 romane: ,,Via\u021ba mea pe Hayabusa &#8211; 100.000 km. pe motor\u201d (2014) \u0219i ,,\u00cengerul sc\u0103pat din iad\u201d (2018).<\/p>\n<p>,,Colectiv. Lacrimi de foc\u201d face parte dintr-o trilogie dedicat\u0103 momentului Colectiv. \u00a0Urmeaz\u0103 s\u0103 apar\u0103 \u0219i ,,Colectiv. Lacrimi de o\u021bel\u201d \u0219i ,,Colectiv. Lacrimi de s\u00e2nge\u201d. Inedit este faptul c\u0103 aceast\u0103 trilogie este adaptarea dup\u0103 scenariul cu acela\u0219i nume. O inversare a modului de a concepe \u0219i scrie o carte \u00een rela\u021bie cu un scenariu de film.<\/p>\n<p>Romanul (scenariul) ,,Colectiv. Lacrimi de foc\u201d este o \u00eengem\u0103nare \u00eentre realitate \u0219i fic\u021biune, de\u0219i autorul ne avertizeaz\u0103 c\u0103 ,,\u00cent\u00e2mpl\u0103rile relatate \u0219i personajele prezentate \u00een aceast\u0103 carte sunt fictive. Orice asem\u0103nare cu persoane, fapte \u0219i situa\u021bii reale este pur \u00eent\u00e2mpl\u0103toare\u201d. \u00cent\u00e2mplarea din seara de 30 octombrie 2015 este adev\u0103rat\u0103, iar personajele care populeaz\u0103 volumul sunt fic\u021biuni cu proiec\u021bii posibile \u00een tot conglomeratul de clien\u021bi ai Clubului Colectiv din acea zi. Dincolo de Colectiv se ascund \u00eenc\u0103 secrete \u0219i mistere, pe care, \u00eentr-o form\u0103 literar\u0103, scriitorul Dan Alexandru vrea s\u0103 le dezlege, oferind cititorului o variant\u0103 posibil\u0103 a acestei tragedii.<\/p>\n<p>Intrarea este liber\u0103, iar accesul la eveniment se va face \u00een limita locurilor permise de situa\u021bia pandemic\u0103.<\/p>\n<p>Credit foto: Dan Vatamaniuc<\/p>","protected":false},"excerpt":{"rendered":"<p>Muzeul Na\u021bional al Literaturii Rom\u00e2ne g\u0103zduie\u0219te joi, 3 iunie 2021, de la ora 15.00, \u00een Gr\u0103dina MNLR din Str. Nicolae&#8230;<\/p>","protected":false},"author":11,"featured_media":18122,"comment_status":"closed","ping_status":"closed","sticky":false,"template":"","format":"standard","meta":{"_exactmetrics_skip_tracking":false,"_exactmetrics_sitenote_active":false,"_exactmetrics_sitenote_note":"","_exactmetrics_sitenote_category":0,"footnotes":""},"categories":[9,21],"tags":[],"class_list":["post-18121","post","type-post","status-publish","format-standard","has-post-thumbnail","hentry","category-evenimente","category-lansari-de-carte"],"_links":{"self":[{"href":"https:\/\/mnlr.ro\/en\/wp-json\/wp\/v2\/posts\/18121","targetHints":{"allow":["GET"]}}],"collection":[{"href":"https:\/\/mnlr.ro\/en\/wp-json\/wp\/v2\/posts"}],"about":[{"href":"https:\/\/mnlr.ro\/en\/wp-json\/wp\/v2\/types\/post"}],"author":[{"embeddable":true,"href":"https:\/\/mnlr.ro\/en\/wp-json\/wp\/v2\/users\/11"}],"replies":[{"embeddable":true,"href":"https:\/\/mnlr.ro\/en\/wp-json\/wp\/v2\/comments?post=18121"}],"version-history":[{"count":2,"href":"https:\/\/mnlr.ro\/en\/wp-json\/wp\/v2\/posts\/18121\/revisions"}],"predecessor-version":[{"id":18342,"href":"https:\/\/mnlr.ro\/en\/wp-json\/wp\/v2\/posts\/18121\/revisions\/18342"}],"wp:featuredmedia":[{"embeddable":true,"href":"https:\/\/mnlr.ro\/en\/wp-json\/wp\/v2\/media\/18122"}],"wp:attachment":[{"href":"https:\/\/mnlr.ro\/en\/wp-json\/wp\/v2\/media?parent=18121"}],"wp:term":[{"taxonomy":"category","embeddable":true,"href":"https:\/\/mnlr.ro\/en\/wp-json\/wp\/v2\/categories?post=18121"},{"taxonomy":"post_tag","embeddable":true,"href":"https:\/\/mnlr.ro\/en\/wp-json\/wp\/v2\/tags?post=18121"}],"curies":[{"name":"wp","href":"https:\/\/api.w.org\/{rel}","templated":true}]}}