{"id":18227,"date":"2021-06-06T17:00:56","date_gmt":"2021-06-06T14:00:56","guid":{"rendered":"https:\/\/mnlr.ro\/?p=18227"},"modified":"2021-06-05T19:04:23","modified_gmt":"2021-06-05T16:04:23","slug":"clipa-de-poezie-gheorghe-pitut","status":"publish","type":"post","link":"https:\/\/mnlr.ro\/en\/clipa-de-poezie-gheorghe-pitut\/","title":{"rendered":"Clipa de poezie | Gheorghe Pitu\u021b"},"content":{"rendered":"<p>Se \u00eemplinesc ast\u0103zi, 6 iunie 2021, 30 de ani de la dispari\u021bia prematur\u0103 a poetului Gheorghe Pitu\u021b, r\u0103pus de un neiert\u0103tor accident cerebral. A p\u0103r\u0103sit aceast\u0103 lume \u00eencrez\u0103tor \u00een sine \u0219i \u00een menirea poeziei. Vreme de o via\u021b\u0103 de poet, Pitu\u021b a trudit \u00een cultivarea formelor fixe ale poeziei, st\u0103ruind \u00een c\u0103utarea rimelor, a ritmurilor \u0219i a muzicalit\u0103\u021bii.<\/p>\n<p>S-a n\u0103scut \u00een comuna S\u0103li\u0219te de Beiu\u0219, \u00een data de 1 aprilie 1940 \u0219i a murit la Bucure\u0219ti, \u00een 6 iunie 1991. A debutat \u00een revista \u201eTribuna\u201d, \u00een 1963. Va pleca de la Cluj la Bucure\u0219ti pentru a-\u0219i termina studiile la Facultatea de Litere a Universit\u0103\u021bii \u00een 1967. La recomandarea profesorului s\u0103u Dumitru St\u0103niloaie va ob\u021bine \u00een 1970 o burs\u0103 de studii la Facultatea de Filosofie \u0219i Germanistic\u0103 a Universit\u0103\u021bii din K\u00f6ln (ulterior va traduce din lirica german\u0103). Lirica lui Gheorghe Pitu\u021b este caracterizat\u0103 printr-o sinceritate ce posed\u0103 o for\u021b\u0103 evocatoare puternic\u0103, sonor\u0103 \u0219i muzical\u0103. Suspendat\u0103 \u00eentre p\u0103m\u00e2ntesc \u0219i ceresc, poezia lui are o gravitate ce \u021bine de ritual.<\/p>\n<p>\u201eTradi\u021bionalist, p\u0103truns de misterele miturilor ancestrale \u021b\u0103r\u0103ne\u0219ti, adesea meditativ, el r\u0103m\u00e2ne o voce limpede \u0219i original\u0103 a poeziei rom\u00e2ne\u0219ti moderne. A murit l\u0103s\u00e2nd \u00een urm\u0103 manuscrisul unui alt roman, r\u0103mas neterminat. Dintre c\u0103r\u021bile sale de poezie nu trebuie ratate \u00abOchiul neantului\u00bb \u0219i \u00abStelele fixe\u00bb, o frumoas\u0103 culegere de sonete, poate cea mai bun\u0103 carte a poetului. \u00cen localitatea sa natal\u0103, Beiu\u0219, exist\u0103 o strad\u0103, dar \u0219i un festival de poezie care \u00eei poart\u0103 numele\u201d, scria Radu B\u0103ie\u0219u, redactor \u0219i muzeograf, MNLR, despre Gheorghe Pitu\u021b. \u00cen literatura ultimelor decenii, vocea liric\u0103 a lui Gheorghe Pitu\u021b este una puternic personalizat\u0103 ce-\u0219i a\u0219teapt\u0103 \u00eenc\u0103 descoperitorii.<\/p>\n<p>Fotografie: Gheorghe Pitu\u021b, arhiva MNLR<\/p>\n<p>Recit\u0103 Eusebiu \u0218tef\u0103nescu \u0219i Gheorghe Pitu\u021b<\/p>\n<p>Urm\u0103ri\u021bi \u201eClipa de poezie\u201d, o produc\u021bie a Direc\u021biei Programe, Redac\u021bia Educa\u021bie-\u0218tiin\u021b\u0103, Televiziunea Rom\u00e2n\u0103, dedicat\u0103 lui Gheorghe Pitu\u021b, aici:<\/p>\n<p><iframe loading=\"lazy\" title=\"Clipa de poezie | Gheorghe Pitu\u021b\" src=\"https:\/\/player.vimeo.com\/video\/558929535?dnt=1&amp;app_id=122963\" width=\"352\" height=\"280\" frameborder=\"0\" allow=\"autoplay; fullscreen; picture-in-picture; clipboard-write\"><\/iframe><\/p>","protected":false},"excerpt":{"rendered":"<p>Se \u00eemplinesc ast\u0103zi, 6 iunie 2021, 30 de ani de la dispari\u021bia prematur\u0103 a poetului Gheorghe Pitu\u021b, r\u0103pus de un&#8230;<\/p>","protected":false},"author":11,"featured_media":18214,"comment_status":"closed","ping_status":"closed","sticky":false,"template":"","format":"standard","meta":{"_exactmetrics_skip_tracking":false,"_exactmetrics_sitenote_active":false,"_exactmetrics_sitenote_note":"","_exactmetrics_sitenote_category":0,"footnotes":""},"categories":[9,52,12],"tags":[],"class_list":["post-18227","post","type-post","status-publish","format-standard","has-post-thumbnail","hentry","category-evenimente","category-evenimente-on-line","category-evocari"],"_links":{"self":[{"href":"https:\/\/mnlr.ro\/en\/wp-json\/wp\/v2\/posts\/18227","targetHints":{"allow":["GET"]}}],"collection":[{"href":"https:\/\/mnlr.ro\/en\/wp-json\/wp\/v2\/posts"}],"about":[{"href":"https:\/\/mnlr.ro\/en\/wp-json\/wp\/v2\/types\/post"}],"author":[{"embeddable":true,"href":"https:\/\/mnlr.ro\/en\/wp-json\/wp\/v2\/users\/11"}],"replies":[{"embeddable":true,"href":"https:\/\/mnlr.ro\/en\/wp-json\/wp\/v2\/comments?post=18227"}],"version-history":[{"count":1,"href":"https:\/\/mnlr.ro\/en\/wp-json\/wp\/v2\/posts\/18227\/revisions"}],"predecessor-version":[{"id":18228,"href":"https:\/\/mnlr.ro\/en\/wp-json\/wp\/v2\/posts\/18227\/revisions\/18228"}],"wp:featuredmedia":[{"embeddable":true,"href":"https:\/\/mnlr.ro\/en\/wp-json\/wp\/v2\/media\/18214"}],"wp:attachment":[{"href":"https:\/\/mnlr.ro\/en\/wp-json\/wp\/v2\/media?parent=18227"}],"wp:term":[{"taxonomy":"category","embeddable":true,"href":"https:\/\/mnlr.ro\/en\/wp-json\/wp\/v2\/categories?post=18227"},{"taxonomy":"post_tag","embeddable":true,"href":"https:\/\/mnlr.ro\/en\/wp-json\/wp\/v2\/tags?post=18227"}],"curies":[{"name":"wp","href":"https:\/\/api.w.org\/{rel}","templated":true}]}}