{"id":18229,"date":"2021-06-06T13:00:24","date_gmt":"2021-06-06T10:00:24","guid":{"rendered":"https:\/\/mnlr.ro\/?p=18229"},"modified":"2021-06-05T19:31:28","modified_gmt":"2021-06-05T16:31:28","slug":"indulgente-42-panta-de-la-magura","status":"publish","type":"post","link":"https:\/\/mnlr.ro\/en\/indulgente-42-panta-de-la-magura\/","title":{"rendered":"Indulgen\u021be #42 | \u201ePanta de la M\u0103gura\u201d"},"content":{"rendered":"<p>C\u00e2nd poetul \u0219i publicistul Ion Mure\u0219an prinde de veste c\u0103 \u00een \u021bara noastr\u0103 se \u00eent\u00e2mpl\u0103 o minune, las\u0103 totul deoparte \u0219i se ocup\u0103 de ea. \u201eA te ocupa de o minune \u00eenseamn\u0103 a te mira cu voce tare. Dac\u0103 te miri doar \u00een sinea ta, \u00eencet, pe t\u0103cute, te treze\u0219ti invadat de o stare de disconfort, de nelini\u0219te, \u0219i \u00eencet, \u00eencet, \u00eencepi s\u0103 nu mai crezi \u00een minuni. Dac\u0103 te miri cu voce tare, nu pierzi nicio ocazie de a povesti inexplicabilul fenomen, de a ad\u0103uga imediat un \u00abExtraordinar\u00bb, un \u00abFantastic\u00bb, sim\u021bi cum sufletul \u021bi se umple de soare\u201d, afirm\u0103 Ion Mure\u0219an, r\u0103sfoind paginile \u201ejurnalului s\u0103u virtual\u201d numit \u201eIndulgen\u021be\u201d. \u201eA crede, zice Blaga, este un talent. A crede \u00een minuni, zic eu, e un talent \u0219i mai mare\u201d, afirm\u0103 poetul, care nu pierde aceast\u0103 ocazie de a vorbi despre felul neglijent \u00een care oamenii de azi administreaz\u0103 minunile. C\u00e2t despre atitudinea presei fa\u021b\u0103 de minuni, afirm\u0103 c\u0103 este incalificabil\u0103.<\/p>\n<p>Urm\u0103ri\u021bi \u201eIndulgen\u021be\u201d aici:<\/p>\n<p><iframe loading=\"lazy\" title=\"Indulgen\u021be #42 | \u201ePanta de la M\u0103gura\u201d\" src=\"https:\/\/player.vimeo.com\/video\/559131119?dnt=1&amp;app_id=122963\" width=\"500\" height=\"281\" frameborder=\"0\" allow=\"autoplay; fullscreen; picture-in-picture; clipboard-write\"><\/iframe><\/p>","protected":false},"excerpt":{"rendered":"<p>C\u00e2nd poetul \u0219i publicistul Ion Mure\u0219an prinde de veste c\u0103 \u00een \u021bara noastr\u0103 se \u00eent\u00e2mpl\u0103 o minune, las\u0103 totul deoparte&#8230;<\/p>","protected":false},"author":11,"featured_media":17202,"comment_status":"closed","ping_status":"closed","sticky":false,"template":"","format":"standard","meta":{"_exactmetrics_skip_tracking":false,"_exactmetrics_sitenote_active":false,"_exactmetrics_sitenote_note":"","_exactmetrics_sitenote_category":0,"footnotes":""},"categories":[9,52],"tags":[],"class_list":["post-18229","post","type-post","status-publish","format-standard","has-post-thumbnail","hentry","category-evenimente","category-evenimente-on-line"],"_links":{"self":[{"href":"https:\/\/mnlr.ro\/en\/wp-json\/wp\/v2\/posts\/18229","targetHints":{"allow":["GET"]}}],"collection":[{"href":"https:\/\/mnlr.ro\/en\/wp-json\/wp\/v2\/posts"}],"about":[{"href":"https:\/\/mnlr.ro\/en\/wp-json\/wp\/v2\/types\/post"}],"author":[{"embeddable":true,"href":"https:\/\/mnlr.ro\/en\/wp-json\/wp\/v2\/users\/11"}],"replies":[{"embeddable":true,"href":"https:\/\/mnlr.ro\/en\/wp-json\/wp\/v2\/comments?post=18229"}],"version-history":[{"count":1,"href":"https:\/\/mnlr.ro\/en\/wp-json\/wp\/v2\/posts\/18229\/revisions"}],"predecessor-version":[{"id":18230,"href":"https:\/\/mnlr.ro\/en\/wp-json\/wp\/v2\/posts\/18229\/revisions\/18230"}],"wp:featuredmedia":[{"embeddable":true,"href":"https:\/\/mnlr.ro\/en\/wp-json\/wp\/v2\/media\/17202"}],"wp:attachment":[{"href":"https:\/\/mnlr.ro\/en\/wp-json\/wp\/v2\/media?parent=18229"}],"wp:term":[{"taxonomy":"category","embeddable":true,"href":"https:\/\/mnlr.ro\/en\/wp-json\/wp\/v2\/categories?post=18229"},{"taxonomy":"post_tag","embeddable":true,"href":"https:\/\/mnlr.ro\/en\/wp-json\/wp\/v2\/tags?post=18229"}],"curies":[{"name":"wp","href":"https:\/\/api.w.org\/{rel}","templated":true}]}}