{"id":18539,"date":"2021-06-18T13:33:46","date_gmt":"2021-06-18T10:33:46","guid":{"rendered":"https:\/\/mnlr.ro\/?p=18539"},"modified":"2021-06-18T15:15:58","modified_gmt":"2021-06-18T12:15:58","slug":"agenda-culturala-a-mnlr-saptamana-21-27-iunie-2021","status":"publish","type":"post","link":"https:\/\/mnlr.ro\/en\/agenda-culturala-a-mnlr-saptamana-21-27-iunie-2021\/","title":{"rendered":"Agenda cultural\u0103 a MNLR | S\u0103pt\u0103m\u00e2na 21 \u2013 27 iunie 2021"},"content":{"rendered":"<p><strong>Evenimente cu public<\/strong><\/p>\n<p><strong>Mar\u021bi, 22\u00a0iunie 2021, ora 11.00<br \/>\n<\/strong><em>Aula<\/em> <em>Academiei Rom\u00e2ne, Calea Victoriei 125<\/em><\/p>\n<p>Cu ocazia bicentenarului Revolu\u021biei conduse de Tudor Vladimirescu, Muzeul Na\u021bional al Literaturii Rom\u00e2ne a preg\u0103tit, \u00een perioada 20 \u2013 30 iunie 2021, at\u00e2t \u00een Bucure\u0219ti, c\u00e2t \u0219i la Tg. Jiu, o serie de evenimente ce marcheaz\u0103 acest moment important care a contribuit la definirea identit\u0103\u021bii na\u021bionale \u0219i la includerea spa\u021biului rom\u00e2nesc pe traiectoria moderniz\u0103rii. Aceste evenimente se \u00eenscriu \u00eentr-un proiect mai amplu al MNLR, dedicat unor repere ale identit\u0103\u021bii culturale rom\u00e2ne\u0219ti, proiect realizat cu sprijinul Guvernului Rom\u00e2niei.<\/p>\n<p><strong>Mar\u021bi, 22 iunie 2021<\/strong>, de la ora 11.00, Muzeul Na\u021bional al Literaturii Rom\u00e2ne \u0219i Academia Rom\u00e2n\u0103, \u00een parteneriat cu Institutul de Istorie \u201eNicolae Iorga\u201d, Biblioteca Central\u0103 Universitar\u0103 \u201eCarol I\u201d, Asocia\u021bia Excelsior \u0219i Romfilatelia, v\u0103 invit\u0103, \u00een <em>Aula<\/em> Academiei Rom\u00e2ne, la Sesiunea \u0219tiin\u021bific\u0103 dedicat\u0103 \u00eemplinirii a 200 de ani de la Revolu\u021bia din 1821.<br \/>\nDetalii <a href=\"https:\/\/mnlr.ro\/en\/bicentenarul-revolutiei-conduse-de-tudor-vladimirescu-sesiune-stiintifica\/\">aici<\/a>.<\/p>\n<p>______________________<\/p>\n<p><strong>Miercuri, 23 \u2013 S\u00e2mb\u0103t\u0103, 26 iunie 2021<br \/>\n<\/strong><strong>Zilele Casei memoriale \u2013 Muzeu Pictor Alexandru \u021aipoia<\/strong><\/p>\n<p>Muzeul Na\u021bional al Literaturii Rom\u00e2ne \u0219i Funda\u021bia \u021aipoia \u0219i Tzipoia v\u0103 invit\u0103 s\u0103 participa\u021bi \u00eentre 23 \u0219i 26 iunie 2021 la <em>Zilele Casei memoriale \u2013 Muzeu Pictor Alexandru \u021aipoia<\/em>, prilejuite de \u00eemplinirea a 80 de ani de la construc\u021bia edificiului \u00een care au tr\u0103it patru genera\u021bii ale familiei, dintre care ultimele trei de arti\u0219ti: Alexandru \u021aipoia (1914 -1993), George Tzipoia (1945) \u0219i Diana \u021aipoia (1975), din Str. Lt. Aviator Gh. Caranda nr. 79, sector 6, Bucure\u0219ti.<\/p>\n<p>Deschiderea evenimentului va avea loc <strong>miercuri, 23 iunie, ora 17.00<\/strong>, \u00een Sala <em>Perpessicius<\/em> a Muzeului Na\u021bional al Literaturii Rom\u00e2ne din Str. Nicolae Cre\u021bulescu 8.<\/p>\n<p>Prezint\u0103: George Tzipoia, Pavel \u0218u\u0219ar\u0103<br \/>\nAmfitrion: Loreta Popa<\/p>\n<p>Cu acela\u0219i prilej va avea loc proiec\u021bia filmului documentar \u201e\u021aipoia &amp; Tzipoia\u201d, realizat de Marilena Rotaru, \u00een cadrul serialului \u201eRezisten\u021ba prin Cultur\u0103\u201d.<\/p>\n<p><strong>Joi, 24 iunie, ora 18.00<\/strong>, la Casa memorial\u0103 \u2013 Muzeu Al. \u021aipoia din Str. Lt. Aviator Gh. Caranda nr. 79, va avea loc \u00eent\u00e2lnirea cu tema \u201eMeandrele unei prietenii: Panait Istrati \u0219i Nikos Kazantzakis\u201d.<br \/>\nPrezint\u0103: Mugur Popovici, fost diplomat, Asocia\u021bia Prietenii lui Panait Istrati, Elena Laz\u0103r, editor \u0219i traduc\u0103tor, directorul Editurii Omonia.<\/p>\n<p><strong>Vineri, 25 iunie, ora 17.00<\/strong>, la Casa memorial\u0103 \u2013 Muzeu Al. \u021aipoia, din Str. Lt. Aviator Gh. Caranda nr. 79, va avea loc \u00eent\u00e2lnirea cu tema: \u201eO neobi\u0219nuit\u0103 \u00eent\u00e2lnire cu Ana Simon\u201d.<\/p>\n<p>Prezint\u0103: dr. Irina Hasna\u0219, prieten\u0103 \u0219i colaboratoare permanent\u0103 a Anei Simon la filmele ei artistice, Mira Popia, prieten\u0103 \u0219i colaboratoare, George Tzipoia.<\/p>\n<p><strong>S\u00e2mb\u0103t\u0103 26 iunie, ora 12.00<\/strong>, \u00een Sala <em>Perpessicius<\/em> a Muzeului Na\u021bional al Literaturii Rom\u00e2ne din Str. Nicolae Cre\u021bulescu 8, va avea loc \u00cenchiderea Zilelor Casei memoriale \u2013 Muzeu Pictor Alexandru \u021aipoia.<\/p>\n<p>Particip\u0103: Doina M\u00e2ndru, George Tzipoia<br \/>\nAmfitrion: Loreta Popa<\/p>\n<p>Cu acela\u0219i prilej va avea loc proiec\u021bia filmului documentar \u201eAripi \u0219i Stele. La Por\u021bile Sacrului \u2013 George Tzipoia 70\u201d, realizat de Marilena Rotaru \u00een cadrul serialului de televiziune \u201eMemoria Exilului Rom\u00e2nesc\u201d.<\/p>\n<p>______________________<\/p>\n<p><strong>Miercuri, 23 iunie 2021, ora 19.00<br \/>\n<\/strong><em>Gr\u0103dina MNLR, Str. Nicolae Cre\u021bulescu 8<\/em><\/p>\n<p><strong>2 P\/s (Doi prozatori pe s\u0103pt\u0103m\u00e2n\u0103) | <\/strong><strong>Sabin Pavelescu, Octavian Soviany \u0219i Bogdan R\u0103ileanu<br \/>\n<\/strong>Proiect realizat de MNLR \u0219i Editura Litera, coordonat de Doina Ru\u0219ti<\/p>\n<p>______________________<\/p>\n<p><strong>Joi, 24 iunie 2021, ora 11.00<br \/>\n<\/strong><em>Gr\u0103dina MNLR, Strada Nicolae Cre\u021bulescu 8<\/em><\/p>\n<p>Din seria manifest\u0103rilor dedicate unor repere ale identit\u0103\u021bii culturale rom\u00e2ne\u0219ti, <strong>joi, 24 iunie 2021<\/strong>, ora 11.00, Muzeul Na\u021bional al Literaturii Rom\u00e2ne v\u0103 invit\u0103 \u00een Gr\u0103dina MNLR, Strada Nicolae Cre\u021bulescu 8, la evenimentul de lansare a volumului <em>Tricolorul \u00een istoria rom\u00e2nilor<\/em> de Adina Berciu-Dr\u0103ghicescu, Cornelia M. Andonie, Lumini\u021ba Iordache.<\/p>\n<p>\u00cen istoria civiliza\u021biei umane simbolurile au ocupat un loc deosebit, cu at\u00e2t mai mult cele na\u021bional\u2011statale. Drapelul, ca simbol, constituie, al\u0103turi de stem\u0103, sigiliu \u0219i imn, un \u00eensemn na\u021bional de importan\u021b\u0103 deosebit\u0103, acela al identit\u0103\u021bii unei na\u021biuni.<\/p>\n<p>Volumul aduce \u00een prim-plan o istorie (\u00een detaliu) a drapelului rom\u00e2nesc, iar miza lui e aceea de a reconstrui, cronologic, o monografie a unui simbol important pentru identitatea na\u021bional\u0103 rom\u00e2neasc\u0103. Fiind un text cu caracter \u0219tiin\u021bific, cei trei speciali\u0219ti \u00een domeniu reu\u0219esc s\u0103 recompun\u0103 aceast\u0103 istorie \u00eentr-o manier\u0103 care \u00eembin\u0103 rigorile limbajului de specialitate (vexilologic) cu pl\u0103cerea descoperirii semnifica\u021biilor unui simbol despre care, de altminteri, se \u0219tie destul de pu\u021bin. Rezult\u0103 de aici un volum care este, deopotriv\u0103, un instrument de lucru pentru cercet\u0103tori ai domeniului \u0219i un volum pasionant pentru cei care vor s\u0103 afle mai multe despre simbolul identitar al tricolorului.<\/p>\n<p>Eveniment realizat \u00een colaborare cu Funda\u021bia Colegiului Na\u021bional de Ap\u0103rare.<br \/>\n<strong>Proiect realizat cu sprijinul Guvernului Rom\u00e2niei<\/strong><\/p>\n<p>______________________<\/p>\n<p><strong>Joi, 24 iunie 2021, ora 14.00<br \/>\n<\/strong><em>Gr\u0103dina MNLR, Str. Nicolae Cre\u021bulescu 8<\/em><\/p>\n<p><strong>Lansare de carte |<\/strong> <strong><em>Balerina<\/em> de Cosmin Andrei Tudor<\/strong>, Editura Neuma<br \/>\nInvitat: Horia G\u00e2rbea.<\/p>\n<p>\u201eCosmin Andrei Tudor constituie o adev\u0103rat\u0103 revela\u021bie \u00een literatur\u0103. Debutul s\u0103u s-a produs cu poezie \u0219i i-a adus Premiul Uniunii Scriitorilor pe anul 2019, implicit \u0219i admiterea \u00een Uniune, \u00een care este cel mai t\u00e2n\u0103r poet al filialei Bucure\u0219ti\u201d, scrie Horia G\u00e2rbea despre t\u00e2n\u0103rul autor.<\/p>\n<p>______________________<\/p>\n<p><strong>Joi, 24 iunie 2021, ora 17.00<br \/>\n<\/strong><em>Gr\u0103dina MNLR, Str. Nicolae Cre\u021bulescu 8 <\/em><\/p>\n<p><strong>Lans\u0103ri de carte |<\/strong> <strong><em>Efectul Zian<\/em><\/strong> <strong>de Angela Dina-Mo\u021b\u0103\u021b\u0103ianu <\/strong><strong>\u0219i<\/strong> <strong><em>O sut\u0103 de cuvinte <\/em>de <\/strong><strong>Ladislau Daradici<\/strong><strong>, <\/strong>Editura Biscara<\/p>\n<p>Particip\u0103: Victoria Milescu, Lucian Gruia<br \/>\nModerator: Madeleine Dina, director Editura Biscara<\/p>\n<p>______________________<\/p>\n<p><strong>Joi, 24 iunie 2021, ora 20.00<br \/>\n<\/strong><em>Gr\u0103dina MNLR, Str. Nicolae Cre\u021bulescu 8 <\/em><\/p>\n<p>Proiec\u021bie de film Kinedok:<em> <strong>Distan\u021ba dintre mine \u0219i mine<\/strong><\/em><em><strong><br \/>\n<\/strong><\/em><\/p>\n<p>Regia: Mona Nicoar\u0103, Dana Bunescu<br \/>\nFilm documentar; durata: 89 de minute<br \/>\nInvitat: Alexandru Solomon<\/p>\n<p>Detalii<a href=\"https:\/\/mnlr.ro\/en\/distanta-dintre-mine-si-mine-proiectie-de-film-kinedok-in-gradina-mnlr\/\"> aici<\/a>.<\/p>\n<p><em> ______________________<\/em><\/p>\n<p><strong>Vineri, 25 iunie 2021, ora 17.00<br \/>\n<\/strong><em>Gr\u0103dina MNLR, Str. Nicolae Cre\u021bulescu 8 <\/em><\/p>\n<p><strong>Lans\u0103ri de carte |<\/strong> <strong><em>Cartea cu scriitori<\/em><\/strong> (Editura \u201eCreator\u201d) <strong>\u0219i <em>Loc de oftat<\/em><\/strong>(Editura \u201e\u0218coala Ardelean\u0103\u201d) <strong>de Lauren\u021biu Ciprian Tudor<\/strong><\/p>\n<p>Moderator: Loreta Popa<\/p>\n<p>Lauren\u021biu-Ciprian Tudor, n\u0103scut \u00een 1973, la Bra\u0219ov, este poet, eseist, jurnalist cultural, sociolog, trainer \u0219i consilier educa\u021bional. Este membru al Filialei Bra\u015fov a Uniunii Scriitorilor din Rom\u00e2nia din 2014 \u015fi membru al Societ\u0103\u0163ii Scriitorilor T\u00e2rgovi\u015fteni din 2011. A ini\u0163iat \u015fi coordoneaz\u0103, din 2007, \u00eempreun\u0103 cu poe\u0163ii Adrian Munteanu \u015fi C\u0103t\u0103lin Stanciu (sub coordonarea scriitorului Daniel Dr\u0103gan \u015fi a Funda\u0163iei Culturale \u201eArania\u201d), Grupul de litere-sunete-\u015fi-culori \u201eCaii verzi de pe pere\u0163i\u201d din Bra\u015fov, care organizeaz\u0103 lunar evenimente culturale. Este secretar de redac\u021bie la Revista literar\u0103 \u201eLibris\u201d \u0219i redactor colaborator la Revistele \u201eAstra\u201d \u0219i \u201eTribuna\u201d. A debutat publicistic \u0219i editorial \u00een anul 2003. A scris p\u00e2n\u0103 acum cinci volume de poezie \u0219i o carte de convorbiri, fiind prezent \u0219i \u00een numeroase antologii.<\/p>\n<p><em> ______________________<\/em><\/p>\n<p><strong>Vineri, 25 iunie 2021, ora 19.00<br \/>\n<\/strong><em>Gr\u0103dina MNLR, Str. Nicolae Cre\u021bulescu 8 <\/em><\/p>\n<p><strong>Lecturi publice de poezie<\/strong><\/p>\n<p>Invita\u021bi: Antonia Dragomir, Leonard Ancu\u021ba \u0219i Marius Ghilezan<\/p>\n<p>Particip\u0103: Florin T\u0103nase (psiholog) \u0219i DJ MOMENTDAT<\/p>\n<p>______________________<\/p>\n<p><strong>S\u00e2mb\u0103t\u0103, 26 iunie 2021, ora 11.00<br \/>\n<\/strong><em>Gr\u0103dina MNLR, Str. Nicolae Cre\u021bulescu 8 <\/em><\/p>\n<p><strong>Atelierele Thomasinei<\/strong><\/p>\n<p>Pove\u0219ti, c\u0103utare de comori &amp; indicii, atelier de creativitate \u0219i de improviza\u021bie \u2013 iat\u0103 propunerile Thomasinei pentru s\u00e2mb\u0103t\u0103 diminea\u021ba.<br \/>\nRezerv\u0103rile se pot face la num\u0103rul 0736.598.451 sau la adresa <a href=\"mailto:programe@mnlr.ro\">programe@mnlr.ro<\/a> (Gabriela Toma).<\/p>\n<p>______________________<\/p>\n<p><strong>Temporary exhibitions<\/strong><\/p>\n<p><strong>Expozi\u021bia<em> In memoriam Iuri Isar<\/em><\/strong><\/p>\n<p>Muzeul Na\u021bional al Literaturii Rom\u00e2ne v\u0103 invit\u0103 s\u0103 vizita\u021bi expozi\u021bia <strong><em>In memoriam Iuri Isar<\/em><\/strong>, deschis\u0103 \u00een perioada 9 \u2013 30 iunie 2021, la sediul MNLR din Calea Grivi\u021bei 64-66.<\/p>\n<p>Dedicat\u0103 gravorului \u0219i graficianului Iuri Isar, expozi\u021bia poate fi vizitat\u0103 de mar\u021bi p\u00e2n\u0103 s\u00e2mb\u0103t\u0103, \u00een intervalul orar 10.00 \u2013 18.00, pe baza unei program\u0103ri la num\u0103rul de telefon 0762.671.698.<\/p>\n<p><em>Tehnicile tradi\u0163ionale ale gravurii, reg\u0103site \u00een lucr\u0103ri de sine st\u0103t\u0103toare, dar \u015fi \u00een grafica de carte, \u00een afi\u015f sau \u00een numeroase edi\u0163ii bibliofile cunosc un puternic reviriment dup\u0103 1990 datorit\u0103 efortului constant depus de arti\u015fti, unii dintre ei \u015fi profesori, cu totul dedica\u0163i meseriei lor, precum: Mircia Dumitrescu, Ion Panaitescu, Ileana Micodin, Ala Jalea Popa, Cornelia Dane\u0163, \u015etefan Iacobescu,\u00a0 Mihail M\u0103nescu, Nicolae Aurel Alexi,\u00a0 Aurel Bulacu, Teodor Hrib, Romeo Liberis, Ion AtansiuDelamare, Cristian Tarb\u0103, Stela Lie, Liviu Stoiciu, Anca Boeriu, Mircea Nechita, Mariea Petcu, Rodica Lomn\u0103\u015fan, Iuri Isar\u015fimul\u0163ial\u0163ii, proveni\u0163i din genera\u0163ii diferite, dar cu to\u0163ii puternic motiva\u0163i s\u0103 recupereze multiplele valen\u0163e artistice ale unor vechi tehnici \u015fi s\u0103 le integreze viziunilor contemporane. \u00cen acest context prielnic, arta lui Iuri Isar se dezvolt\u0103 armonios, hr\u0103nindu-se din tradi\u0163ie, dar \u015fi din cele mai noi tendin\u0163e, venind astfel cu un plus de originalitate \u015fi cu o viziune inconfundabil\u0103. Mereu animat de dorin\u0163a de a se \u00eenscrie \u00een spiritul epocii, f\u0103r\u0103 a neglija \u00eens\u0103 me\u015fte\u015fugul, regretatul grafician s-a manifestat ca artist \u015fi ca artizan inspirat, cre\u00e2nd emula\u0163ie\u015fi form\u00e2nd, la r\u00e2ndul lui, genera\u0163ii noi de arti\u015fti.<\/em><\/p>\n<p><em>Lucr\u0103rile care vor fi expuse provin din mai multe etape de crea\u0163ie\u015fi \u00eencerc\u0103 s\u0103 reuneasc\u0103 varietatea tehnicilor utilizate de artist. Iuri Isar s-a exprimat \u00eendeosebi ca gravor, folosind pentru cli\u015fee \u2013 adic\u0103 pentru negative \u2013 piatra, lemnul, linoleul sau metalul. Nu de pu\u0163ine ori, \u00eens\u0103, a intervenit cromatic asupra lucr\u0103rilor finite, trecute prin presa de gravur\u0103, transform\u00e2ndu-le \u00een unicat. Mai mult, artistul a creat obiecte tridimensionale c\u0103rora le-a integrat imagini ob\u0163inute prin tehnicile tradi\u0163ionale ale gravurii, desen, inser\u0163ii caligrafice, colaj din diferite materiale cu valen\u0163e expresive. Lemnul, metalul h\u00e2rtia, sticla, mici obiecte ready made, cu texturile \u015fi formele lor particulare, coexist\u0103 armonios \u00een alc\u0103tuirea acestor lucr\u0103ri deschise ca ni\u015fte ferestre, purt\u0103toare ale unei duble valen\u0163e: estetic\u0103 \u015fi ideatic\u0103.<\/em><\/p>\n<p><em>Din punct de vedere tematic arta lui Iuri Isar a primit de-a lungul timpului mai multe influen\u0163e\u015fi surse de inspira\u0163ie. A pornit de la explorarea anatomiei corpului omenesc, trecut\u0103 apoi prin filtrul unor stiliz\u0103ri succesive, \u015fi a mers, treptat, spre expresii vizuale de mare profunzime ale condi\u0163iei umane. Motivele biblice revin \u015fi ele \u00een interpret\u0103ri plastice inedite, \u00een care reg\u0103sim cuplul originar, simbolul treimic, semne sacre, aluzii la jertfa hristic\u0103. <\/em>\u2013<strong>Luiza BARCAN,<\/strong>\u201eArtist \u015fi artizan\u201d<\/p>\n<p><strong>________________<\/strong><\/p>\n<p><strong><em>Nicolae Iorga \u2013 150 de ani de la na\u0219tere <\/em><\/strong><strong>| Sala \u201eTheodor Pallady\u201d a Bibliotecii Academiei Rom\u00e2ne<\/strong><\/p>\n<p>Muzeul Na\u021bional al Literaturii Rom\u00e2ne, \u00een parteneriat cu Biblioteca Academiei Rom\u00e2ne, v\u0103 invit\u0103 s\u0103 vizita\u021bi expozi\u021bia realizat\u0103 cu ocazia \u00eemplinirii a 150 de ani de la na\u0219terea istoricului, enciclopedistului, poetului, dramaturgului, criticului literar, omului politic, academician \u0219i profesor universitar Nicolae Iorga.<\/p>\n<p>Pe l\u00e2ng\u0103 manuscrise, c\u0103r\u021bi \u0219i documente, vizitatorii expozi\u021biei dedicate marelui savant rom\u00e2n pot admira biroul lui Nicolae Iorga \u0219i alte obiecte de mobilier, piese\u00a0aflate\u00a0\u00een patrimoniul Muzeului Na\u021bional al Literaturii Rom\u00e2ne.<\/p>\n<p>Expozi\u021bia poate fi vizitat\u0103 p\u00e2n\u0103 \u00een 25 iunie 2021, de luni p\u00e2n\u0103 vineri, \u00een intervalul orar 10.00 \u2013 15.00, cu respectarea tuturor normelor sanitare aflate \u00een vigoare.<\/p>\n<p><strong>Proiect realizat cu sprijinul Guvernului Rom\u00e2niei<\/strong><\/p>\n<p>______________________<\/p>\n<p><strong><em>C\u0103l\u0103torie \u00een timp. Din copil\u0103ria scriitorilor rom\u00e2ni<\/em><\/strong><strong> | Expozi\u021bie MNLR \u00een Plaza Rom\u00e2nia<\/strong><\/p>\n<p>MNLR v\u0103 invit\u0103 la o c\u0103l\u0103torie \u00een timp prin intermediul fotografiilor din arhiva muzeului, \u00eenso\u021bite de scurte fragmente de prezentare, m\u0103rturii \u0219i descrieri ale caselor, str\u0103zilor \u0219i ale atmosferei din copil\u0103ria scriitorilor rom\u00e2ni.<\/p>\n<p>Vizitatorii centrului comercial Plaza Rom\u00e2nia vor putea alege s\u0103-\u0219i opreasc\u0103 privirea asupra unor detalii mai pu\u021bin cunoscute \u0219i pline de farmecul unui timp \u00eendep\u0103rtat: cum ar\u0103ta casa natal\u0103 a lui Alexandru Vlahu\u021b\u0103, care au fost scriitorii n\u0103scu\u021bi \u00een \u021binuturile \u00eemp\u0103durite ale Albaniei, care au copil\u0103rit \u00eentr-o cas\u0103 de lemn specific rom\u00e2neasc\u0103, \u00eentr-un conac boieresc sau \u00eentr-o cas\u0103 din Chapelle-Anthenaise (Fran\u021ba), unde nu se sim\u021bea trecerea timpului, spa\u021biu asociat, prin excelen\u021b\u0103, libert\u0103\u021bii; care sunt descenden\u021bi din voievozii \u021b\u0103rii sau lupt\u0103tori \u00een R\u0103zboiul de Independen\u021b\u0103; care au crescut cu guvernante britanice sau cu pove\u0219tile bunicilor, ale b\u0103tr\u00e2nilor \u00een fa\u021ba focului de sear\u0103 sau despre c\u0103l\u0103toriile peste m\u0103ri \u0219i oceane p\u00e2n\u0103 la Atena, Alexandria \u0219i Istanbul.<\/p>\n<p>Expozi\u021bia, organizat\u0103 cu sprijinul Plaza Rom\u00e2nia \u0219i \u00een parteneriat cu Centrul pentru Tineret al Municipiului Bucure\u0219ti, poate fi vizitat\u0103 de luni p\u00e2n\u0103 duminic\u0103, \u00een perioada 16 \u2013 30 iunie 2021, \u00een Plaza Rom\u00e2nia (Bulevardul Timi\u0219oara 26).<\/p>\n<p>Pentru detalii, pute\u021bi suna la tel. 0736.598.451 sau ne pute\u021bi trimite un mesaj la adresa <a href=\"mailto:programe@mnlr.ro\">programe@mnlr.ro<\/a> (Gabriela Toma).<\/p>\n<p>______________________<\/p>\n<p><em><strong>Anton Pann, \u00een arhivele Muzeului \u201ePrima \u0218coal\u0103 Rom\u00e2neasc\u0103\u201d<br \/>\n<\/strong><\/em><em>Casa Memorial\u0103 \u201eAnton Pann\u201d, Str. Anton Pann 20<\/em><\/p>\n<p>P\u00e2n\u0103 \u00een 15 iulie 2021, Muzeul Na\u021bional al Literaturii Rom\u00e2ne, \u00een colaborare cu Muzeul \u201ePrima \u0218coal\u0103 Rom\u00e2neasc\u0103\u201d din \u0218cheii Bra\u0219ovului, v\u0103 invit\u0103 s\u0103 vizita\u021bi expozi\u021bia temporar\u0103 dedicat\u0103 lui Anton Pann, scriitor, folclorist, tipograf, pedagog \u0219i muzician, \u00een cadrul c\u0103reia sunt prezentate documente originale \u0219i facsimile ale unor documente originale aflate \u00een arhivele Bisericii Sf. Nicolae din Bra\u0219ov.<\/p>\n<p>\u00cen cadrul expozi\u021biei pot fi admirate o serie de tip\u0103rituri originale ale lui Anton Pann, con\u021bin\u00e2nd texte ecleziastice, c\u00e2nt\u0103ri ale bisericii ortodoxe pentru diferite momente sau s\u0103rb\u0103tori ale anului, cum ar fi:\u00a0<em>Irmologhiu sau Catavasier<\/em>,\u00a0<em>Bazul teoretic \u0219i practic al muzicii biserice\u0219ti, Anastasimatar, Heruvico-Chinonicar \u0219i P\u0103resimier<\/em>, al\u0103turi de facsimile ale unor lucr\u0103ri semnate de Gheorghe Ucenescu, discipol al ilustrului Anton Pann.<\/p>\n<p>De asemenea, \u00een amintirea scriitorului \u0219i folcloristului Anton Pann este expus \u0219i un exemplar din \u201ePovestea vorbii\u201d, chintesen\u021b\u0103 a \u00een\u021belepciunii poporului rom\u00e2n, exemplar tip\u0103rit \u00een 1852 \u00een tipografia proprie.<\/p>\n<p>Expozi\u021bia, deschis\u0103 la sediul Casei Memoriale \u201eAnton Pann\u201d din Bucure\u0219ti, str. Anton Pann 20, poate fi vizitat\u0103 de\u00a0mar\u021bi p\u00e2n\u0103 duminic\u0103, \u00een intervalul orar 10.00 \u2013 18.00.<\/p>\n<p>______________________<\/p>\n<p><strong>Expozi\u021bia <em>Mihai Eminescu \u2013 Simbol al spiritualit\u0103\u021bii rom\u00e2ne\u0219ti<br \/>\n<\/em><\/strong><em>Sediul MNLR din Strada Nicolae Cre\u021bulescu 8<\/em><\/p>\n<p>Expozi\u021bia documentar\u0103 <em>Mihai Eminescu \u2013 Simbol al spiritualit\u0103\u021bii rom\u00e2ne\u0219ti<\/em> const\u0103 \u00een 22 de plan\u0219e \u0219i \u00ee\u0219i propune s\u0103 aduc\u0103 \u00een aten\u021bia publicului via\u021ba \u0219i crea\u021bia lui Mihai Eminescu.<\/p>\n<p>Utiliz\u00e2nd reproduceri ale manuscriselor eminesciene din edi\u021bia realizat\u0103 de Academia Rom\u00e2n\u0103, imagini ale locurilor care i-au marcat educa\u021bia \u0219i existen\u021ba, amintiri despre Eminescu, articole din publicistica eminescian\u0103, expozi\u021bia va urma traseele mari \u0219i importante ale vie\u021bii \u0219i activit\u0103\u021bii poetului.<\/p>\n<p>Expozi\u021bia este special g\u00e2ndit\u0103 \u00een a\u0219a fel \u00eenc\u00e2t s\u0103 respecte normele de siguran\u021b\u0103 referitoare la pandemie, fiind expus\u0103 pe panourile exterioare ata\u0219ate pe fa\u021bada sediului expozi\u021bional al MNLR din Str. Nicolae Cre\u021bulescu nr. 8 pentru a putea fi astfel s\u0103 fie \u201evizitat\u0103\u201d de un num\u0103r foarte mare de persoane \u00een condi\u021bii de deplin\u0103 siguran\u021b\u0103.<\/p>\n<p>______________________<\/p>\n<p><strong>Expozi\u021bia <em>Tudor Arghezi, tipograf \u0219i ziarist<\/em><\/strong> reprezint\u0103 o colec\u021bie de desene semnate Francisc \u0218irato, imprimate dup\u0103 o serie de pl\u0103ci tipografice de zinc existente \u00een Colec\u021bia Casei Memoriale \u201eTudor Arghezi \u2013 M\u0103r\u021bi\u0219or\u201d. Desenele au fost publicate \u00een paginile revistei \u201eCronica\u201d (1915-1916) al c\u0103rei director era Tudor Arghezi. Majoritatea imaginilor expuse apar pe coperta revistei s\u0103pt\u0103m\u00e2nale \u0219i ilustreaz\u0103 articolul din deschiderea fiec\u0103rui num\u0103r, articol scris, de cele mai multe ori, chiar de Tudor Arghezi. Iat\u0103, a\u0219adar, cum colaboreaz\u0103 gazetarul cu ilustratorul, cum se pot completa, \u00een exprimarea unei idei, dou\u0103 tipuri de manifest\u0103ri artistice, cea plastic\u0103 \u0219i cea a cuv\u00e2ntului, cum se conjug\u0103 pamfletul \u0219i caricatura, totul devenind posibil prin \u201emiracolul\u201d tipografiei, acest me\u0219te\u0219ug at\u00e2t de drag lui Arghezi!<\/p>\n<p><strong>Expozi\u021bia poate fi vizitat\u0103 la Casa Memorial\u0103 \u201eTudor Arghezi &#8211; M\u0103r\u021bi\u0219or\u201d (Str. M\u0103r\u021bi\u0219or 26), fiind expus\u0103 \u00een Tipografia M\u0103r\u021bi\u0219orului \u00een fiecare zi, de mar\u021bi p\u00e2n\u0103 duminic\u0103, \u00een intervalul orar 09.00 &#8211; 17.00.<\/strong><\/p>\n<p><strong> ______________________<\/strong><\/p>\n<p><strong>Evenimente on-line:<\/strong><\/p>\n<p><strong>mini-Cafeneaua critic\u0103\u00a0on-line<br \/>\n<\/strong><strong>Luni, 21 iunie 2021, ora 19.00: Andrei Florian<br \/>\n<\/strong><strong>Joi, 24 iunie 2021, ora 19.00: Valentin Ajder<br \/>\n<\/strong><strong>pe <\/strong><a href=\"https:\/\/mnlr.ro\/en\/evenimente\/\"><strong>site-ul MNLR<\/strong><\/a><strong>,<\/strong><strong>pe platforma\u00a0<\/strong><a href=\"http:\/\/culturaindirect.ro\/\"><strong>culturaindirect.ro<\/strong><\/a><strong>\u00a0\u0219i pe pagina de <\/strong><a href=\"https:\/\/www.facebook.com\/muzeul.literaturii.romane\"><strong>Facebook a MNLR<\/strong><\/a><strong>.<\/strong><\/p>\n<p>Invitatul\u00a0episodului #40\u00a0al\u00a0<strong>mini-Cafenelei critice on-line<\/strong>, luni, <strong>21\u00a0iunie\u00a02021<\/strong>, ora 19.00, este artistul ceramist, sticlar \u0219i metalist Andrei Florian, profesor al Universit\u0103\u021bii de Art\u0103 \u0219i Design din Cluj.<\/p>\n<p>Invitatul\u00a0episodului #41\u00a0al\u00a0<strong>mini-Cafenelei critice on-line<\/strong>, joi, <strong>24\u00a0iunie 2021<\/strong>, ora 19.00, este\u00a0Valentin Ajder, directorul Editurii Eikon.<\/p>\n<p>Amfitrion: Ion Bogdan Lefter<\/p>\n<p>________________<br \/>\nDesf\u0103\u0219urat\u0103 din prim\u0103vara lui 2018 la Muzeul Na\u021bional al Literaturii Rom\u00e2ne \u2013 MNLR,\u00a0<strong>Cafeneaua critic\u0103<\/strong>, longevivul proiect de dezbateri culturale ini\u021biat \u00een 1994 de criticul Ion Bogdan Lefter, profesor la Facultatea de Litere a Universit\u0103\u021bii din Bucure\u0219ti, \u0219i-a suspendat edi\u021biile s\u0103pt\u0103m\u00e2nale \u00een martie 2020 din cauza pandemiei generate de coronavirusul SARS-COV-2. \u00cenc\u0103 \u00een plin\u0103 criz\u0103 sanitar\u0103 mondial\u0103, deci \u00een imposibilitate de a-\u0219i relua \u00eent\u00e2lnirile cu invita\u021bi speciali \u0219i cu public,\u00a0<strong>Cafeneaua critic\u0103<\/strong>\u00a0a revenit totu\u0219i la 1 februarie 2021 sub forma unor\u00a0<strong>mini-Cafenele critice<\/strong>\u00a0<em>on-line<\/em>\u00a0pe\u00a0<em>site<\/em>-ul MNLR,\u00a0pe platforma\u00a0<a href=\"http:\/\/culturaindirect.ro\/\"><em>culturaindirect.ro<\/em><\/a>\u00a0\u0219i pe pagina de Facebook a Muzeului. \u00cen locul obi\u0219nuitelor dezbateri ample pe subiecte de actualitate cultural\u0103,\u00a0<strong>mini-Cafenelele critice<\/strong>\u00a0ofer\u0103 dialoguri cu personalit\u0103\u021bi literare, artistice, intelectuale despre chiar via\u021ba din timpul pandemiei.<\/p>\n<p>Primele episoade ale <strong>mini-Cafenelei critice on-line<\/strong> pot fi accesate <a href=\"https:\/\/culturaindirect.ro\/mini-cafeneaua-critica-la-mnlr\/\">aici<\/a>.<\/p>\n<p>______________________<\/p>\n<p><strong>Mar\u021bi, 22 <\/strong><strong>iunie 2021, ora 11.00 <\/strong><\/p>\n<p><em>Pe platforma\u00a0<\/em><a href=\"https:\/\/mnlr.us16.list-manage.com\/track\/click?u=9d8daeb9344f52fc116dbbc7b&amp;id=990c75c96d&amp;e=9a7d950f5e\"><em>culturaindirect.ro<\/em><\/a><em><br \/>\n<\/em><strong>De azi p\u00e2n\u0103 ieri. Revizit\u0103ri literare\u00a0<\/strong><strong>cu Bogdan Cre\u021bu<\/strong><em><br \/>\n<\/em>Episodul # 20:<em> Despre polemistul Constantin Stere<\/em><\/p>\n<p>______________________<\/p>\n<p>\u201eDe la Case adunate\u2026 \u0219i iar\u0103\u0219i la lume date\u201d, proiect ini\u021biat \u0219i realizat de Sec\u021bia \u201eCase Memoriale\u201d a Muzeului Na\u021bional al Literaturii Rom\u00e2ne din Bucure\u0219ti odat\u0103 cu apari\u021bia noului context interna\u021bional pandemic, revine cu o nou\u0103 serie de materiale documentare adresate tuturor categoriilor de public interesate de o experien\u021b\u0103 virtual\u0103 unic\u0103 \u00een aceste vremuri \u00eenc\u0103 incerte. Prin resursele educative g\u00e2ndite special pentru iubitorii de cultur\u0103, v\u0103 propunem o serie de evoc\u0103ri, povestiri, tururi ghidate prin lumile fermec\u0103toare ale unora dintre cei mai remarcabili \u0219i iubi\u021bi scriitori din literatura rom\u00e2n\u0103: Tudor Arghezi, George Bacovia, Ion Minulescu, Liviu Rebreanu \u0219i Anton Pann. Prin materialele video realizate sub acest generic, v\u0103 invit\u0103m s\u0103 lua\u021bi parte la un traseu al memoriilor unor oameni, locuri, obiecte, \u0219i sper\u0103m s\u0103 v\u0103 apropiem mai mult de arhivele mai pu\u021bin cunoscute ale caselor noastre memoriale. Un mod de a-i readuce \u00een aten\u021bia publicului MNLR\u00a0\u0219i pe muzeografii no\u0219tri, pe care mul\u021bi dintre cei ce ne urm\u0103resc i-au cunoscut, cu care s-au \u00eemprietenit poate sau pe care i-au \u00eendr\u0103git de la distan\u021b\u0103 \u0219i care ast\u0103zi dezv\u0103luie \u0219i ei parte din povestea lor personal\u0103. Casele memoriale s-au redeschis, iar materialele realizate de noi sper\u0103m s\u0103 v\u0103 conving\u0103 c\u0103 fiecare dintre ele merit\u0103 vizitate.<\/p>\n<p>\u201eDe la Case adunate\u2026 \u0219i iar\u0103\u0219i la lume date\u201d este o rubric\u0103 s\u0103pt\u0103m\u00e2nal\u0103, cu dou\u0103 episoade difuzate\u00a0<strong>mar\u021bea \u0219i duminica, ora 21.00<\/strong>, pe\u00a0<a href=\"https:\/\/mnlr.us16.list-manage.com\/track\/click?u=9d8daeb9344f52fc116dbbc7b&amp;id=5594b6f6cf&amp;e=9a7d950f5e\">pagina de Facebook a MNLR<\/a>,<br \/>\npe website-ul\u00a0<a href=\"https:\/\/mnlr.us16.list-manage.com\/track\/click?u=9d8daeb9344f52fc116dbbc7b&amp;id=09096fcb0d&amp;e=9a7d950f5e\">www.mnlr.ro<\/a>\u00a0\u0219i pe platforma\u00a0<a href=\"https:\/\/mnlr.us16.list-manage.com\/track\/click?u=9d8daeb9344f52fc116dbbc7b&amp;id=c53104545b&amp;e=9a7d950f5e\">www.culturaindirect.ro<\/a>.<\/p>\n<p>______________________<\/p>\n<p><strong>Miercuri, 23 iunie 2021, ora 18.00<\/strong><\/p>\n<p>C\u0103lin-Andrei Mih\u0103ilescu despre John le Carr\u00e9, <em>Spionul care a ie\u0219it din joc,<\/em> \u0219i P.D. James, <em>Farul<br \/>\n<\/em>Invitat\u0103: Andreea Deciu-Ritivoi<\/p>\n<p>Materialul poate fi vizionat pe <a href=\"https:\/\/mnlr.us16.list-manage.com\/track\/click?u=9d8daeb9344f52fc116dbbc7b&amp;id=73b272280a&amp;e=9a7d950f5e\">pagina de Facebook a MNLR<\/a>, pe website-ul\u00a0<a href=\"https:\/\/mnlr.us16.list-manage.com\/track\/click?u=9d8daeb9344f52fc116dbbc7b&amp;id=09096fcb0d&amp;e=9a7d950f5e\">www.mnlr.ro<\/a>\u00a0\u0219i pe platforma\u00a0<a href=\"https:\/\/mnlr.us16.list-manage.com\/track\/click?u=9d8daeb9344f52fc116dbbc7b&amp;id=c53104545b&amp;e=9a7d950f5e\">www.culturaindirect.ro<\/a><\/p>\n<p>______________________<\/p>\n<p>Prin rubrica \u201eMozaic scriitoricesc \u00een po-st\u0103ri suflete\u0219ti\u201d ne propunem s\u0103 v\u0103 capt\u0103m aten\u021bia printr-o incursiune \u00een via\u021ba scriitorilor de la casele memoriale aflate \u00een patrimoniul Muzeului Na\u021bional al Literaturii Rom\u00e2ne: Casa Memorial\u0103 \u201eTudor Arghezi \u2013 M\u0103r\u021bi\u0219or\u201d, Casa Memorial\u0103 \u201eGeorge \u0219i Agatha Bacovia\u201d, Casa Memorial\u0103 \u201eIon Minulescu \u0219i Claudia Millian\u201d, Casa Memorial\u0103 \u201eLiviu \u0219i Fanny Liviu Rebreanu\u201d \u0219i Casa Memorial\u0103 \u201eAnton Pann\u201d. Vom aduce \u00een prim plan fragmente inedite, amintiri cu \u0219i despre scriitori, aspecte mai pu\u021bin cunoscute,\u00a0nu doar despre cei cinci scriitori, dar \u0219i despre \u00eent\u00e2lnirile lor cu al\u021bi contemporani, toate acestea cu tr\u0103iri intense, triste\u021bi \u0219i ata\u0219amente, prietenii, eforturi, povestite cu umor \u0219i naturale\u021be, adunate ca \u00eentr-un mozaic scriitoricesc. Un\u00a0<em>puzzle<\/em>\u00a0imens al vremurilor trecute, ce recompune din mici piese adunate de noi figuri care au marcat pentru totdeauna cultura rom\u00e2n\u0103.<\/p>\n<p>\u201eMozaic scriitoricesc \u00een po-st\u0103ri\u00a0suflete\u0219ti\u201d este o rubric\u0103 s\u0103pt\u0103m\u00e2nal\u0103, cu dou\u0103 episoade difuzate\u00a0<strong>miercurea \u0219i s\u00e2mb\u0103ta,<\/strong>\u00a0<strong>de la ora 21.00<\/strong>, pe\u00a0<a href=\"https:\/\/mnlr.us16.list-manage.com\/track\/click?u=9d8daeb9344f52fc116dbbc7b&amp;id=73b272280a&amp;e=9a7d950f5e\">pagina de Facebook a MNLR<\/a>, pe website-ul\u00a0<a href=\"https:\/\/mnlr.ro\/en\/\">www.mnlr.ro<\/a>\u00a0\u0219i pe platforma\u00a0<a href=\"https:\/\/mnlr.us16.list-manage.com\/track\/click?u=9d8daeb9344f52fc116dbbc7b&amp;id=3a4da4992c&amp;e=9a7d950f5e\">www.culturaindirect.ro<\/a>.<\/p>\n<p>______________________<\/p>\n<p><strong>Joi, 24 iunie 2021, ora 20.00<\/strong><\/p>\n<p>Un nou episod al rubricii <em>Litera Mov<\/em>, realizat\u0103 de Doina Ru\u0219ti, va fi disponibil pe platforma culturaindirect.ro, pe pagina de Facebook \u0219i pe site-ul MNLR.<\/p>\n<p>______________________<\/p>\n<p><strong>Duminic\u0103, 27 iunie 2021, ora 11.00<br \/>\n<\/strong><em>Poezie \u0219i crea\u021bie<\/em> cu Loreta Popa<\/p>\n<p>Invitat: Dan Puric<\/p>\n<p>Evenimentul poate fi urm\u0103rit pe pagina de 3 \u0219i pe canalul de <a href=\"https:\/\/www.youtube.com\/channel\/UCQpV5Yssv-M1Yo-X8Eb5yPA\">YouTube al MNLR<\/a>.<\/p>\n<p>______________________<\/p>\n<p><strong>Duminic\u0103, 27 <\/strong><strong>iunie<\/strong><strong> 2021, <\/strong><strong>ora 13.00 <\/strong><\/p>\n<p>Rubrica <em>Indulgen\u021be,<\/em> realizat\u0103 de poetul \u0219i publicistul Ion Mure\u0219an.<\/p>\n<p>Cele mai recente episoade ale rubricii <em>Indulgen\u021be<\/em> sunt disponibile <a href=\"https:\/\/culturaindirect.ro\/mini-cafeneaua-critica-la-mnlr\/\">aici<\/a>.<\/p>\n<p>&nbsp;<\/p>","protected":false},"excerpt":{"rendered":"<p>Evenimente cu public Mar\u021bi, 22\u00a0iunie 2021, ora 11.00 Aula Academiei Rom\u00e2ne, Calea Victoriei 125 Cu ocazia bicentenarului Revolu\u021biei conduse de&#8230;<\/p>","protected":false},"author":8,"featured_media":18540,"comment_status":"closed","ping_status":"closed","sticky":false,"template":"","format":"standard","meta":{"_exactmetrics_skip_tracking":false,"_exactmetrics_sitenote_active":false,"_exactmetrics_sitenote_note":"","_exactmetrics_sitenote_category":0,"footnotes":""},"categories":[9,8],"tags":[],"class_list":["post-18539","post","type-post","status-publish","format-standard","has-post-thumbnail","hentry","category-evenimente","category-recomandari"],"_links":{"self":[{"href":"https:\/\/mnlr.ro\/en\/wp-json\/wp\/v2\/posts\/18539","targetHints":{"allow":["GET"]}}],"collection":[{"href":"https:\/\/mnlr.ro\/en\/wp-json\/wp\/v2\/posts"}],"about":[{"href":"https:\/\/mnlr.ro\/en\/wp-json\/wp\/v2\/types\/post"}],"author":[{"embeddable":true,"href":"https:\/\/mnlr.ro\/en\/wp-json\/wp\/v2\/users\/8"}],"replies":[{"embeddable":true,"href":"https:\/\/mnlr.ro\/en\/wp-json\/wp\/v2\/comments?post=18539"}],"version-history":[{"count":2,"href":"https:\/\/mnlr.ro\/en\/wp-json\/wp\/v2\/posts\/18539\/revisions"}],"predecessor-version":[{"id":18549,"href":"https:\/\/mnlr.ro\/en\/wp-json\/wp\/v2\/posts\/18539\/revisions\/18549"}],"wp:featuredmedia":[{"embeddable":true,"href":"https:\/\/mnlr.ro\/en\/wp-json\/wp\/v2\/media\/18540"}],"wp:attachment":[{"href":"https:\/\/mnlr.ro\/en\/wp-json\/wp\/v2\/media?parent=18539"}],"wp:term":[{"taxonomy":"category","embeddable":true,"href":"https:\/\/mnlr.ro\/en\/wp-json\/wp\/v2\/categories?post=18539"},{"taxonomy":"post_tag","embeddable":true,"href":"https:\/\/mnlr.ro\/en\/wp-json\/wp\/v2\/tags?post=18539"}],"curies":[{"name":"wp","href":"https:\/\/api.w.org\/{rel}","templated":true}]}}