{"id":18661,"date":"2021-06-24T17:07:55","date_gmt":"2021-06-24T14:07:55","guid":{"rendered":"https:\/\/mnlr.ro\/?p=18661"},"modified":"2021-06-29T09:13:02","modified_gmt":"2021-06-29T06:13:02","slug":"remember-garabet-ibraileanu-150","status":"publish","type":"post","link":"https:\/\/mnlr.ro\/en\/remember-garabet-ibraileanu-150\/","title":{"rendered":"Remember Garabet Ibr\u0103ileanu \u2013 150"},"content":{"rendered":"<p><span lang=\"ES-MX\">Critic literar, teoretician, eseist, redactor literar, profesor remarcabil \u0219i romancier, Garabet Ibr\u0103ileanu este o personalitate distins\u0103 a literaturii \u0219i culturii rom\u00e2ne. Autor al unor importante c\u0103r\u021bi de critic\u0103 literar\u0103, printre care amintim\u00a0<i>Spiritul critic \u00een cultura rom\u00e2neasc\u0103<\/i>,\u00a0<i>Scriitori rom\u00e2ni \u0219i str\u0103ini<\/i>\u00a0\u0219i\u00a0<i>Crea\u021bie \u0219i analiz\u0103<\/i>, precum \u0219i al cunoscutului roman\u00a0<i>Adela<\/i>, pentru care a primit Premiul na\u021bional de proz\u0103 \u00een 1933, Garabet Ibr\u0103ileanu este creator de \u0219coal\u0103 literar\u0103 \u0219i formator de opinie prin articolele sale din\u00a0<i>Via\u021ba rom\u00e2neasc\u0103, <\/i>important\u0103 revist\u0103 de cultur\u0103 de la a c\u0103rei apari\u021bie se \u00eemplinesc anul acesta 115 ani.<\/span><\/p>\n<p><span lang=\"ES-MX\">La 150 de ani de la na\u0219terea scriitorului, Muzeul Na\u021bional al Literaturii Rom\u00e2ne organizeaz\u0103 la 1 iulie 2021, ora 13.00, la sediul din Strada Nicolae Cre\u021bulescu, un eveniment care celebreaz\u0103 personalitatea \u0219i opera lui Garabet Ibr\u0103ileanu prin scurte interven\u021bii ale personalit\u0103\u021bilor importante din lumea cultural\u0103 bucure\u0219tean\u0103 \u0219i ie\u0219ean\u0103: acad. R\u0103zvan Theodorescu, istoric de art\u0103, doctor \u00een \u015ftiin\u0163e istorice \u0219i pre\u015fedinte al Sec\u0163iei de Arte, Arhitectur\u0103 \u015fi Audiovizual a Academiei Rom\u00e2ne; Cristina Popescu, director Romfilatelia; criticul literar Paul Cernat, precum \u0219i Victor Durnea, cercet\u0103tor \u015ftiin\u0163ific gr.\u00a0<\/span><span lang=\"FR\">I. Institutul de Filologie Rom\u00e2n\u0103 \u201cA. Philippide\u201d din Ia\u015fi.<\/span><\/p>\n<p><span lang=\"ES-MX\">\u00cent\u00e2lnirea va fi moderat\u0103 de prof. univ. dr. Ioan Cristescu, director general al Muzeului Na\u021bional al Literaturii Rom\u00e2ne.<\/span><\/p>\n<p><span lang=\"FR\">Pentru rezerv\u0103ri, scrie\u021bi la\u00a0<a href=\"mailto:programe@mnlr.ro\" target=\"_blank\" rel=\"noopener\">programe@mnlr.ro<\/a>\u00a0sau trimite\u021bi un mesaj la num\u0103rul 0736598451.<\/span><\/p>\n<p>Parteneri media: <em>Radio Rom<\/em><em>\u00e2nia Cultural<\/em>, <em>Agerpres<\/em>, <em>Zile \u0219i nop\u021bi<\/em>, <em>Observator cultural<\/em>, <em>Agen\u021bia de Carte<\/em>, <em>Iqool<\/em>, <em>Contemporanul<\/em>, <em>Modernism.ro<\/em>, <em>Radio Trinitas<\/em>, <em>Ordinea zilei<\/em><\/p>\n<p><strong>\u00a0<\/strong><\/p>","protected":false},"excerpt":{"rendered":"<p>Critic literar, teoretician, eseist, redactor literar, profesor remarcabil \u0219i romancier, Garabet Ibr\u0103ileanu este o personalitate distins\u0103 a literaturii \u0219i culturii&#8230;<\/p>","protected":false},"author":8,"featured_media":18835,"comment_status":"closed","ping_status":"closed","sticky":false,"template":"","format":"standard","meta":{"_exactmetrics_skip_tracking":false,"_exactmetrics_sitenote_active":false,"_exactmetrics_sitenote_note":"","_exactmetrics_sitenote_category":0,"footnotes":""},"categories":[9,12,10,8],"tags":[],"class_list":["post-18661","post","type-post","status-publish","format-standard","has-post-thumbnail","hentry","category-evenimente","category-evocari","category-portrete","category-recomandari"],"_links":{"self":[{"href":"https:\/\/mnlr.ro\/en\/wp-json\/wp\/v2\/posts\/18661","targetHints":{"allow":["GET"]}}],"collection":[{"href":"https:\/\/mnlr.ro\/en\/wp-json\/wp\/v2\/posts"}],"about":[{"href":"https:\/\/mnlr.ro\/en\/wp-json\/wp\/v2\/types\/post"}],"author":[{"embeddable":true,"href":"https:\/\/mnlr.ro\/en\/wp-json\/wp\/v2\/users\/8"}],"replies":[{"embeddable":true,"href":"https:\/\/mnlr.ro\/en\/wp-json\/wp\/v2\/comments?post=18661"}],"version-history":[{"count":2,"href":"https:\/\/mnlr.ro\/en\/wp-json\/wp\/v2\/posts\/18661\/revisions"}],"predecessor-version":[{"id":18830,"href":"https:\/\/mnlr.ro\/en\/wp-json\/wp\/v2\/posts\/18661\/revisions\/18830"}],"wp:featuredmedia":[{"embeddable":true,"href":"https:\/\/mnlr.ro\/en\/wp-json\/wp\/v2\/media\/18835"}],"wp:attachment":[{"href":"https:\/\/mnlr.ro\/en\/wp-json\/wp\/v2\/media?parent=18661"}],"wp:term":[{"taxonomy":"category","embeddable":true,"href":"https:\/\/mnlr.ro\/en\/wp-json\/wp\/v2\/categories?post=18661"},{"taxonomy":"post_tag","embeddable":true,"href":"https:\/\/mnlr.ro\/en\/wp-json\/wp\/v2\/tags?post=18661"}],"curies":[{"name":"wp","href":"https:\/\/api.w.org\/{rel}","templated":true}]}}