{"id":18672,"date":"2021-06-25T11:00:33","date_gmt":"2021-06-25T08:00:33","guid":{"rendered":"https:\/\/mnlr.ro\/?p=18672"},"modified":"2021-06-24T22:54:40","modified_gmt":"2021-06-24T19:54:40","slug":"unde-suntem-locuri-asezari-orientari-5-romanita-constantinescu-si-gabriela-sandor-despre-oscar-walter-cisek","status":"publish","type":"post","link":"https:\/\/mnlr.ro\/en\/unde-suntem-locuri-asezari-orientari-5-romanita-constantinescu-si-gabriela-sandor-despre-oscar-walter-cisek\/","title":{"rendered":"Unde suntem? Locuri, a\u0219ez\u0103ri, orient\u0103ri #5 | Romani\u021ba Constantinescu \u0219i Gabriela \u0218andor despre Oscar Walter Cisek"},"content":{"rendered":"<p>Gra\u021bie nuvelei \u201eT\u0103t\u0103roaica\u201d, scris\u0103 \u00een 1927 \u0219i romanului \u201eFluviul f\u0103r\u0103 sf\u00e2r\u0219it\u201d, ap\u0103rut 10 ani mai t\u00e2rziu, Dobrogea multietnic\u0103 devine prin Oscar Walter Cisek o provincie literar\u0103 \u0219i \u00een spa\u021biul de limb\u0103 german\u0103. Conf. univ. dr. Romani\u021ba Constantinescu intr\u0103 \u00een dialog cu germanista Gabriela \u0218andor despre scriitorul \u0219i criticul de art\u0103 bucure\u0219tean de limb\u0103 german\u0103, dar \u0219i de limb\u0103 rom\u00e2n\u0103 (\u00een cronicile plastice), Oscar Walter Cisek.<\/p>\n<p><iframe loading=\"lazy\" title=\"Unde suntem? Locuri, a\u0219ez\u0103ri, orient\u0103ri #5 | Romani\u021ba Constantinescu \u0219i Gabriela \u0218andor despre Oscar Walter Cisek\" src=\"https:\/\/player.vimeo.com\/video\/566512553?dnt=1&amp;app_id=122963\" width=\"500\" height=\"281\" frameborder=\"0\" allow=\"autoplay; fullscreen; picture-in-picture; clipboard-write\"><\/iframe><\/p>","protected":false},"excerpt":{"rendered":"<p>Gra\u021bie nuvelei \u201eT\u0103t\u0103roaica\u201d, scris\u0103 \u00een 1927 \u0219i romanului \u201eFluviul f\u0103r\u0103 sf\u00e2r\u0219it\u201d, ap\u0103rut 10 ani mai t\u00e2rziu, Dobrogea multietnic\u0103 devine prin&#8230;<\/p>","protected":false},"author":8,"featured_media":17256,"comment_status":"closed","ping_status":"closed","sticky":false,"template":"","format":"standard","meta":{"_exactmetrics_skip_tracking":false,"_exactmetrics_sitenote_active":false,"_exactmetrics_sitenote_note":"","_exactmetrics_sitenote_category":0,"footnotes":""},"categories":[9,52,8],"tags":[],"class_list":["post-18672","post","type-post","status-publish","format-standard","has-post-thumbnail","hentry","category-evenimente","category-evenimente-on-line","category-recomandari"],"_links":{"self":[{"href":"https:\/\/mnlr.ro\/en\/wp-json\/wp\/v2\/posts\/18672","targetHints":{"allow":["GET"]}}],"collection":[{"href":"https:\/\/mnlr.ro\/en\/wp-json\/wp\/v2\/posts"}],"about":[{"href":"https:\/\/mnlr.ro\/en\/wp-json\/wp\/v2\/types\/post"}],"author":[{"embeddable":true,"href":"https:\/\/mnlr.ro\/en\/wp-json\/wp\/v2\/users\/8"}],"replies":[{"embeddable":true,"href":"https:\/\/mnlr.ro\/en\/wp-json\/wp\/v2\/comments?post=18672"}],"version-history":[{"count":1,"href":"https:\/\/mnlr.ro\/en\/wp-json\/wp\/v2\/posts\/18672\/revisions"}],"predecessor-version":[{"id":18673,"href":"https:\/\/mnlr.ro\/en\/wp-json\/wp\/v2\/posts\/18672\/revisions\/18673"}],"wp:featuredmedia":[{"embeddable":true,"href":"https:\/\/mnlr.ro\/en\/wp-json\/wp\/v2\/media\/17256"}],"wp:attachment":[{"href":"https:\/\/mnlr.ro\/en\/wp-json\/wp\/v2\/media?parent=18672"}],"wp:term":[{"taxonomy":"category","embeddable":true,"href":"https:\/\/mnlr.ro\/en\/wp-json\/wp\/v2\/categories?post=18672"},{"taxonomy":"post_tag","embeddable":true,"href":"https:\/\/mnlr.ro\/en\/wp-json\/wp\/v2\/tags?post=18672"}],"curies":[{"name":"wp","href":"https:\/\/api.w.org\/{rel}","templated":true}]}}