{"id":18687,"date":"2021-06-25T00:46:11","date_gmt":"2021-06-24T21:46:11","guid":{"rendered":"https:\/\/mnlr.ro\/?p=18687"},"modified":"2021-06-29T11:58:02","modified_gmt":"2021-06-29T08:58:02","slug":"expozitia-portrete","status":"publish","type":"post","link":"https:\/\/mnlr.ro\/en\/expozitia-portrete\/","title":{"rendered":"Expozi\u0163ia \u201ePortrete\u201d"},"content":{"rendered":"<p>Muzeul Na\u021bional al Literaturii Rom\u00e2ne, \u00een colaborare cu Galeria Arhiva de Art\u0103, v\u0103 invit\u0103 s\u0103 vizita\u021bi, la sediul MNLR din Calea Grivi\u021bei 64-66, expozi\u0163ia\u00a0<strong><em>Portraits<\/em><\/strong>, realizat\u0103 \u00een beneficiul Societ\u0103\u0163ii Na\u021bionale de Cruce Ro\u015fie din Rom\u00e2nia.<\/p>\n<p>Cele aproape 100 de portrete \u2013 realizate \u00een creion, culoare, grafic\u0103, acuarele, acrilice, uleiuri \u2013 au fost create, \u00een majoritatea lor, \u00een perioada decret\u0103rii st\u0103rii de urgen\u021b\u0103 \u0219i \u00een cea imediat urm\u0103toare. Expozi\u021bia pune fa\u0163\u0103 \u00een fa\u0163\u0103 mai multe stiluri \u0219i abord\u0103ri ale tehnicii portretului, din perspectiva unic\u0103 a fiec\u0103rui artist.<\/p>\n<p>Pe simeze pot fi \u00eent\u00e2lnite lucr\u0103ri apar\u021bin\u00e2nd unor arti\u015fti polivalen\u021bi, precum Mircea Muntenescu (grafic\u0103), Vasile Pop-Negre\u015fteanu \u0219i Miruna Budi\u015fteanu (pictur\u0103), Jorge Maftei, Daniel R\u0103dulescu si Lucian \u0162\u0103ran (sculptur\u0103).<\/p>\n<p><strong>Expozi\u021bia este deschis\u0103 \u00een perioada 2 \u2013 28 iulie 2021 \u0219i poate fi vizitat\u0103 de mar\u021bi p\u00e2n\u0103 s\u00e2mb\u0103t\u0103, \u00een intervalul orar 10.00 \u2013 18.00, pe baza unei program\u0103ri la num\u0103rul de telefon 0762.671.698.<\/strong><\/p>\n<p>Parteneri media: <em>Radio Rom<\/em><em>\u00e2nia Cultural<\/em>, <em>Agerpres<\/em>, <em>Zile \u0219i Nop\u021bi<\/em>, <em>Observator cultural<\/em>, <em>Agen\u021bia de Carte<\/em>, <em>Iqool<\/em>, <em>Contemporanul<\/em>, <em>Modernism.ro<\/em>, <em>Radio Trinitas<\/em>, <em>Ordinea zilei<\/em><\/p>\n<p>&nbsp;<\/p>","protected":false},"excerpt":{"rendered":"<p>Muzeul Na\u021bional al Literaturii Rom\u00e2ne, \u00een colaborare cu Galeria Arhiva de Art\u0103, v\u0103 invit\u0103 s\u0103 vizita\u021bi, la sediul MNLR din&#8230;<\/p>","protected":false},"author":8,"featured_media":18836,"comment_status":"closed","ping_status":"closed","sticky":false,"template":"","format":"standard","meta":{"_exactmetrics_skip_tracking":false,"_exactmetrics_sitenote_active":false,"_exactmetrics_sitenote_note":"","_exactmetrics_sitenote_category":0,"footnotes":""},"categories":[9,36,8],"tags":[],"class_list":["post-18687","post","type-post","status-publish","format-standard","has-post-thumbnail","hentry","category-evenimente","category-expozitii","category-recomandari"],"_links":{"self":[{"href":"https:\/\/mnlr.ro\/en\/wp-json\/wp\/v2\/posts\/18687","targetHints":{"allow":["GET"]}}],"collection":[{"href":"https:\/\/mnlr.ro\/en\/wp-json\/wp\/v2\/posts"}],"about":[{"href":"https:\/\/mnlr.ro\/en\/wp-json\/wp\/v2\/types\/post"}],"author":[{"embeddable":true,"href":"https:\/\/mnlr.ro\/en\/wp-json\/wp\/v2\/users\/8"}],"replies":[{"embeddable":true,"href":"https:\/\/mnlr.ro\/en\/wp-json\/wp\/v2\/comments?post=18687"}],"version-history":[{"count":3,"href":"https:\/\/mnlr.ro\/en\/wp-json\/wp\/v2\/posts\/18687\/revisions"}],"predecessor-version":[{"id":18861,"href":"https:\/\/mnlr.ro\/en\/wp-json\/wp\/v2\/posts\/18687\/revisions\/18861"}],"wp:featuredmedia":[{"embeddable":true,"href":"https:\/\/mnlr.ro\/en\/wp-json\/wp\/v2\/media\/18836"}],"wp:attachment":[{"href":"https:\/\/mnlr.ro\/en\/wp-json\/wp\/v2\/media?parent=18687"}],"wp:term":[{"taxonomy":"category","embeddable":true,"href":"https:\/\/mnlr.ro\/en\/wp-json\/wp\/v2\/categories?post=18687"},{"taxonomy":"post_tag","embeddable":true,"href":"https:\/\/mnlr.ro\/en\/wp-json\/wp\/v2\/tags?post=18687"}],"curies":[{"name":"wp","href":"https:\/\/api.w.org\/{rel}","templated":true}]}}