{"id":18788,"date":"2021-06-28T13:47:55","date_gmt":"2021-06-28T10:47:55","guid":{"rendered":"https:\/\/mnlr.ro\/?p=18788"},"modified":"2021-07-12T11:14:39","modified_gmt":"2021-07-12T08:14:39","slug":"ovidiu-niculescu-in-gradina-mnlr","status":"publish","type":"post","link":"https:\/\/mnlr.ro\/en\/ovidiu-niculescu-in-gradina-mnlr\/","title":{"rendered":"Ovidiu Niculescu \u00een Gr\u0103dina MNLR"},"content":{"rendered":"<p>Muzeul Na\u021bional al Literaturii Rom\u00e2ne v\u0103 invit\u0103 duminic\u0103, 4 iulie 2021, de la ora 17.00, \u00een Gr\u0103dina MNLR, Str. Nicolae Cre\u021bulescu 8, la concertul sus\u021binut de Ovidiu Niculescu &#8211; \u201eC\u00e2ntecele unui derbedeu\u201d.<\/p>\n<p>Ovidiu Niculescu, actor al Teatrului Mic, scenarist si regizor, absolvent al Academiei de Teatru \u015fi Film \u201eI. L. Caragiale\u201d (promo\u0163ia 1996, clasa profesorului Florin Zamfirescu), c\u00e2nt\u0103 muzic\u0103 vesel\u0103 \u0219i vie, cu influen\u021be de mahala interbelic\u0103, dar cu sound modern. Un amestec fericit \u0219i neo-boem dintre muzic\u0103 \u0219i versuri pline de t\u00e2lc \u0219i \u00een acela\u0219i timp simple, directe \u015fi comice. \u201eEu nu sunt doar actor, nu sunt doar poet \u0219i cu siguran\u021b\u0103 nu am preten\u021bia de a fi muzician, de\u0219i \u00eemi place s\u0103 c\u00e2nt oric\u00e2nd \u0219i oriunde. Eu sunt mai degrab\u0103 un \u00abexprimeur\u00bb, un bard, un menestrel neo-boem, un \u00eenger bun cu codi\u021b\u0103 de drac&#8230; De ce \u00abderbedeu\u00bb? Nimic mai simplu. De c\u00e2nd m\u0103 \u015ftiu am fost un personaj extrovertit, impetuos, dar \u0219i un mare timid. Din cauza asta am fericit, dar le-am \u015fi gre\u015fit multora \u015fi d-aia am fost numit \u00abderbedeu\u00bb, c\u00e2nd cu z\u00e2mbetul pe buze, c\u00e2nd cu lacrimi. Suntem diferi\u021bi mental, emo\u021bional, spiritual, interpret\u0103m diferit via\u021ba, dar drumul e mereu acela\u0219i pentru to\u0163i. \u00cen c\u0103l\u0103toria de la na\u0219tere la moarte to\u021bi iubim \u0219i \u00een\u0219el\u0103m, to\u021bi sper\u0103m \u0219i tr\u0103d\u0103m, to\u021bi construim \u0219i d\u0103r\u00e2m\u0103m, to\u021bi suntem oameni\u201d, afirm\u0103 Ovidiu Niculescu.<\/p>\n<p>Ovidiu Niculescu a jucat \u00een filmele lui Nae Caranfil \u201eFilantropica\u201d, \u201eRestul e t\u0103cere\u201d, \u201e6,9 pe scara Richter\u201d, dar \u0219i \u00een \u201eNunt\u0103 mut\u0103\u201d \u0219i \u201eLuca\u201d \u00een regia lui Hora\u021biu M\u0103l\u0103ele, \u201eKira Kiralina\u201d, regia Dan Pi\u021ba, reu\u015find s\u0103 arate tuturor c\u0103 f\u0103r\u0103 d\u0103ruire total\u0103 un actor nu poate s\u0103 conving\u0103, nu poate s\u0103 transmit\u0103 fiorul artei sale. \u00cen teatru s-a remarcat at\u00e2t \u00een\u00a0 \u201eUnderground\u201d dup\u0103 \u201eAzilul de noapte\u201d de Maxim Gorki,\u00a0 Teatrul Nottara, \u201eTroilus \u0219i Cresida\u201d de Shakespeare, Teatrul de Comedie, \u201eAvea dou\u0103 pistoale cu ochi albi \u0219i negri\u201d de Dario Fo, Teatrul Odeon, c\u00e2t \u0219i\u00a0 \u201eVisul unei nop\u0163i de var\u0103\u201d, Teatrul Mic, \u201eRuleta ruseasc\u0103\u201d, Teatrul de Art\u0103 Bucure\u015fti.<\/p>\n<p>Filmare \u0219i montaj: Daniel-Paul Ciobanu<\/p>\n<p>Credit foto: Dan Vatamaniuc<\/p>\n<p><strong>* Evenimentul se va derula cu respectarea tuturor normelor \u0219i m\u0103surilor de protec\u021bie \u00een vigoare.<\/strong><\/p>\n<p>Parteneri media: <em>Radio Rom\u00e2nia Cultural<\/em>, <em>Agerpres<\/em>, <em>Zile \u0219i Nop\u021bi<\/em>, <em>Observator cultural<\/em>, <em>Agen\u021bia de Carte<\/em>, <em>Iqool<\/em>, <em>Contemporanul<\/em>, <em>Modernism.ro<\/em>, <em>Radio Trinitas<\/em>, <em>Ordinea zilei<\/em><i><\/i><\/p>\n<p><iframe loading=\"lazy\" title=\"Concert Ovidiu Niculescu\" src=\"https:\/\/player.vimeo.com\/video\/571207645?h=5cb04c3330&amp;dnt=1&amp;app_id=122963\" width=\"500\" height=\"281\" frameborder=\"0\" allow=\"autoplay; fullscreen; picture-in-picture; clipboard-write\"><\/iframe><\/p>","protected":false},"excerpt":{"rendered":"<p>Muzeul Na\u021bional al Literaturii Rom\u00e2ne v\u0103 invit\u0103 duminic\u0103, 4 iulie 2021, de la ora 17.00, \u00een Gr\u0103dina MNLR, Str. Nicolae&#8230;<\/p>","protected":false},"author":11,"featured_media":18840,"comment_status":"closed","ping_status":"closed","sticky":false,"template":"","format":"standard","meta":{"_exactmetrics_skip_tracking":false,"_exactmetrics_sitenote_active":false,"_exactmetrics_sitenote_note":"","_exactmetrics_sitenote_category":0,"footnotes":""},"categories":[27,9],"tags":[],"class_list":["post-18788","post","type-post","status-publish","format-standard","has-post-thumbnail","hentry","category-concerte-de-muzica","category-evenimente"],"_links":{"self":[{"href":"https:\/\/mnlr.ro\/en\/wp-json\/wp\/v2\/posts\/18788","targetHints":{"allow":["GET"]}}],"collection":[{"href":"https:\/\/mnlr.ro\/en\/wp-json\/wp\/v2\/posts"}],"about":[{"href":"https:\/\/mnlr.ro\/en\/wp-json\/wp\/v2\/types\/post"}],"author":[{"embeddable":true,"href":"https:\/\/mnlr.ro\/en\/wp-json\/wp\/v2\/users\/11"}],"replies":[{"embeddable":true,"href":"https:\/\/mnlr.ro\/en\/wp-json\/wp\/v2\/comments?post=18788"}],"version-history":[{"count":6,"href":"https:\/\/mnlr.ro\/en\/wp-json\/wp\/v2\/posts\/18788\/revisions"}],"predecessor-version":[{"id":19225,"href":"https:\/\/mnlr.ro\/en\/wp-json\/wp\/v2\/posts\/18788\/revisions\/19225"}],"wp:featuredmedia":[{"embeddable":true,"href":"https:\/\/mnlr.ro\/en\/wp-json\/wp\/v2\/media\/18840"}],"wp:attachment":[{"href":"https:\/\/mnlr.ro\/en\/wp-json\/wp\/v2\/media?parent=18788"}],"wp:term":[{"taxonomy":"category","embeddable":true,"href":"https:\/\/mnlr.ro\/en\/wp-json\/wp\/v2\/categories?post=18788"},{"taxonomy":"post_tag","embeddable":true,"href":"https:\/\/mnlr.ro\/en\/wp-json\/wp\/v2\/tags?post=18788"}],"curies":[{"name":"wp","href":"https:\/\/api.w.org\/{rel}","templated":true}]}}