{"id":18960,"date":"2021-07-02T19:00:01","date_gmt":"2021-07-02T16:00:01","guid":{"rendered":"https:\/\/mnlr.ro\/?p=18960"},"modified":"2021-07-01T10:31:15","modified_gmt":"2021-07-01T07:31:15","slug":"2p-s-doi-prozatori-pe-saptamana-andrei-pantu-si-iulian-popa","status":"publish","type":"post","link":"https:\/\/mnlr.ro\/en\/2p-s-doi-prozatori-pe-saptamana-andrei-pantu-si-iulian-popa\/","title":{"rendered":"2P\/s (Doi prozatori pe s\u0103pt\u0103m\u00e2n\u0103) | Andrei Pan\u021bu \u0219i Iulian Popa"},"content":{"rendered":"<p><a href=\"https:\/\/www.facebook.com\/hashtag\/2ps?__eep__=6&amp;__cft__%5b0%5d=AZU3XLfxqBVuKC88gW3krpJHFPP_a4nJbsEPAs4YIZjIWOZb-vF1p7MbPIcBajQWryl23HW0b_1WI5UhKtGWnhQjRPrMvWS_Msvy7opnfeLLvYJ9rnkdHXtQRJn0QZuGaFNiM-2MknvBzTMf_xmK-DbSN2DtGaUE8MHfzCeRkirExQoIYYpNLi9RzQA8xqwBejc&amp;__tn__=*NK-R\">#2Ps<\/a> <a href=\"https:\/\/www.facebook.com\/hashtag\/mnlr?__eep__=6&amp;__cft__%5b0%5d=AZU3XLfxqBVuKC88gW3krpJHFPP_a4nJbsEPAs4YIZjIWOZb-vF1p7MbPIcBajQWryl23HW0b_1WI5UhKtGWnhQjRPrMvWS_Msvy7opnfeLLvYJ9rnkdHXtQRJn0QZuGaFNiM-2MknvBzTMf_xmK-DbSN2DtGaUE8MHfzCeRkirExQoIYYpNLi9RzQA8xqwBejc&amp;__tn__=*NK-R\">#MNLR<\/a> <a href=\"https:\/\/www.facebook.com\/hashtag\/edituralitera?__eep__=6&amp;__cft__%5b0%5d=AZU3XLfxqBVuKC88gW3krpJHFPP_a4nJbsEPAs4YIZjIWOZb-vF1p7MbPIcBajQWryl23HW0b_1WI5UhKtGWnhQjRPrMvWS_Msvy7opnfeLLvYJ9rnkdHXtQRJn0QZuGaFNiM-2MknvBzTMf_xmK-DbSN2DtGaUE8MHfzCeRkirExQoIYYpNLi9RzQA8xqwBejc&amp;__tn__=*NK-R\">#edituraLitera<\/a><\/p>\n<p>\u00cen aceast\u0103 sear\u0103, la 2P\/s (Doi prozatori pe s\u0103pt\u0103m\u00e2n\u0103), avem \u00eent\u00e2lnire cu Andrei Pan\u021bu \u0219i Iulian Popa.<\/p>\n<p><iframe loading=\"lazy\" title=\"2 P\/s (Doi prozatori pe s\u0103pt\u0103m\u00e2n\u0103) | Andrei Pan\u021bu \u0219i Iulian Popa\" src=\"https:\/\/player.vimeo.com\/video\/564586270?dnt=1&amp;app_id=122963\" width=\"500\" height=\"281\" frameborder=\"0\" allow=\"autoplay; fullscreen; picture-in-picture; clipboard-write\"><\/iframe><\/p>","protected":false},"excerpt":{"rendered":"<p>#2Ps #MNLR #edituraLitera \u00cen aceast\u0103 sear\u0103, la 2P\/s (Doi prozatori pe s\u0103pt\u0103m\u00e2n\u0103), avem \u00eent\u00e2lnire cu Andrei Pan\u021bu \u0219i Iulian Popa.<\/p>","protected":false},"author":8,"featured_media":17806,"comment_status":"closed","ping_status":"closed","sticky":false,"template":"","format":"standard","meta":{"_exactmetrics_skip_tracking":false,"_exactmetrics_sitenote_active":false,"_exactmetrics_sitenote_note":"","_exactmetrics_sitenote_category":0,"footnotes":""},"categories":[9,52,8],"tags":[],"class_list":["post-18960","post","type-post","status-publish","format-standard","has-post-thumbnail","hentry","category-evenimente","category-evenimente-on-line","category-recomandari"],"_links":{"self":[{"href":"https:\/\/mnlr.ro\/en\/wp-json\/wp\/v2\/posts\/18960","targetHints":{"allow":["GET"]}}],"collection":[{"href":"https:\/\/mnlr.ro\/en\/wp-json\/wp\/v2\/posts"}],"about":[{"href":"https:\/\/mnlr.ro\/en\/wp-json\/wp\/v2\/types\/post"}],"author":[{"embeddable":true,"href":"https:\/\/mnlr.ro\/en\/wp-json\/wp\/v2\/users\/8"}],"replies":[{"embeddable":true,"href":"https:\/\/mnlr.ro\/en\/wp-json\/wp\/v2\/comments?post=18960"}],"version-history":[{"count":1,"href":"https:\/\/mnlr.ro\/en\/wp-json\/wp\/v2\/posts\/18960\/revisions"}],"predecessor-version":[{"id":18961,"href":"https:\/\/mnlr.ro\/en\/wp-json\/wp\/v2\/posts\/18960\/revisions\/18961"}],"wp:featuredmedia":[{"embeddable":true,"href":"https:\/\/mnlr.ro\/en\/wp-json\/wp\/v2\/media\/17806"}],"wp:attachment":[{"href":"https:\/\/mnlr.ro\/en\/wp-json\/wp\/v2\/media?parent=18960"}],"wp:term":[{"taxonomy":"category","embeddable":true,"href":"https:\/\/mnlr.ro\/en\/wp-json\/wp\/v2\/categories?post=18960"},{"taxonomy":"post_tag","embeddable":true,"href":"https:\/\/mnlr.ro\/en\/wp-json\/wp\/v2\/tags?post=18960"}],"curies":[{"name":"wp","href":"https:\/\/api.w.org\/{rel}","templated":true}]}}