{"id":19068,"date":"2021-07-07T14:21:29","date_gmt":"2021-07-07T11:21:29","guid":{"rendered":"https:\/\/mnlr.ro\/?p=19068"},"modified":"2021-07-08T11:42:42","modified_gmt":"2021-07-08T08:42:42","slug":"portret-dimitrie-gusti-micro-expozitie-mnlr-la-muzeul-satului","status":"publish","type":"post","link":"https:\/\/mnlr.ro\/en\/portret-dimitrie-gusti-micro-expozitie-mnlr-la-muzeul-satului\/","title":{"rendered":"\u201ePortret Dimitrie Gusti\u201d\u00a0|\u00a0micro-expozi\u021bie MNLR la Muzeul Satului"},"content":{"rendered":"<p>Expozi\u021bia <i>Portret Dimitrie Gusti<\/i>, organizat\u0103 \u00eentre 12 iulie \u0219i 31 august 2021 de MNLR la Muzeul Na\u021bional al Satului <i>Dimitrie Gusti\u00a0<\/i>(\u0218os. Kiseleff nr. 28-30), \u00ee\u0219i propune s\u0103 prezinte vizitatorilor fotografii, c\u0103r\u021bi po\u0219tale, precum \u0219i manuscrise semnate de fondatorul \u201emuzeului \u00een aer liber\u201d, sociologul rom\u00e2n Dimitrie Gusti, documente p\u0103strate cu grij\u0103 \u00een arhiva Muzeului Na\u021bional al Literaturii Rom\u00e2ne.<\/p>\n<p>Pornind de la portretul pe care Pompiliu Constantinescu i-l face lui Dimitrie Gusti, pe care-l nume\u0219te \u201eparadox viu\u201d, prin intermediul materialelor expuse, vizitatorii vor reu\u0219i s\u0103 descifreze c\u00e2teva dintre acele tr\u0103s\u0103turi esen\u021biale care l-au definit pe distinsul sociolog.<\/p>\n<p>Expozi\u021bia face parte din cadrul proiectul\u00a0<i>Harta c\u0103l\u0103toriilor MNLR \u00een muzeele din Capital\u0103<\/i>. Prima \u201eoprire\u201d a avut loc la Muzeul Antipa, unde am prezentat micro-expozi\u021bia\u00a0<i><a href=\"https:\/\/vimeo.com\/558554386\" target=\"_blank\" rel=\"nofollow noopener noreferrer\">Pescuitorii de g\u00e2nduri \u0219i amintiri<\/a><\/i>.<\/p>\n<p>Pentru informa\u021bii suplimentare, v\u0103 rug\u0103m s\u0103 ne suna\u021bi la 0736.598.451 sau s\u0103 ne scrie\u021bi la adresa\u00a0<a href=\"mailto:programe@mnlr.ro\" target=\"_blank\" rel=\"nofollow noopener noreferrer\">programe@mnlr.ro<\/a>\u00a0(Gabriela Toma).<\/p>\n<p>Parteneri media:\u00a0<em>Radio Rom<\/em><em>\u00e2nia Cultural<\/em>,\u00a0<em>Agerpres<\/em>,\u00a0<em>Zile \u0219i Nop\u021bi<\/em>,\u00a0<em>Observator cultural<\/em>,\u00a0<em>Agen\u021bia de Carte<\/em>,\u00a0<em>Iqool<\/em>,\u00a0<em>Contemporanul<\/em>,\u00a0<em>Modernism.ro<\/em>,\u00a0<em>Radio Trinitas<\/em>,\u00a0<em>Ordinea zilei<\/em><\/p>","protected":false},"excerpt":{"rendered":"<p>Expozi\u021bia Portret Dimitrie Gusti, organizat\u0103 \u00eentre 12 iulie \u0219i 31 august 2021 de MNLR la Muzeul Na\u021bional al Satului Dimitrie&#8230;<\/p>","protected":false},"author":11,"featured_media":19069,"comment_status":"closed","ping_status":"closed","sticky":false,"template":"","format":"standard","meta":{"_exactmetrics_skip_tracking":false,"_exactmetrics_sitenote_active":false,"_exactmetrics_sitenote_note":"","_exactmetrics_sitenote_category":0,"footnotes":""},"categories":[9],"tags":[],"class_list":["post-19068","post","type-post","status-publish","format-standard","has-post-thumbnail","hentry","category-evenimente"],"_links":{"self":[{"href":"https:\/\/mnlr.ro\/en\/wp-json\/wp\/v2\/posts\/19068","targetHints":{"allow":["GET"]}}],"collection":[{"href":"https:\/\/mnlr.ro\/en\/wp-json\/wp\/v2\/posts"}],"about":[{"href":"https:\/\/mnlr.ro\/en\/wp-json\/wp\/v2\/types\/post"}],"author":[{"embeddable":true,"href":"https:\/\/mnlr.ro\/en\/wp-json\/wp\/v2\/users\/11"}],"replies":[{"embeddable":true,"href":"https:\/\/mnlr.ro\/en\/wp-json\/wp\/v2\/comments?post=19068"}],"version-history":[{"count":4,"href":"https:\/\/mnlr.ro\/en\/wp-json\/wp\/v2\/posts\/19068\/revisions"}],"predecessor-version":[{"id":19130,"href":"https:\/\/mnlr.ro\/en\/wp-json\/wp\/v2\/posts\/19068\/revisions\/19130"}],"wp:featuredmedia":[{"embeddable":true,"href":"https:\/\/mnlr.ro\/en\/wp-json\/wp\/v2\/media\/19069"}],"wp:attachment":[{"href":"https:\/\/mnlr.ro\/en\/wp-json\/wp\/v2\/media?parent=19068"}],"wp:term":[{"taxonomy":"category","embeddable":true,"href":"https:\/\/mnlr.ro\/en\/wp-json\/wp\/v2\/categories?post=19068"},{"taxonomy":"post_tag","embeddable":true,"href":"https:\/\/mnlr.ro\/en\/wp-json\/wp\/v2\/tags?post=19068"}],"curies":[{"name":"wp","href":"https:\/\/api.w.org\/{rel}","templated":true}]}}