{"id":19326,"date":"2021-07-16T13:54:24","date_gmt":"2021-07-16T10:54:24","guid":{"rendered":"https:\/\/mnlr.ro\/?p=19326"},"modified":"2021-07-16T13:54:24","modified_gmt":"2021-07-16T10:54:24","slug":"portret-dimitrie-gusti-micro-expozitie-mnlr-la-muzeul-satului-2","status":"publish","type":"post","link":"https:\/\/mnlr.ro\/en\/portret-dimitrie-gusti-micro-expozitie-mnlr-la-muzeul-satului-2\/","title":{"rendered":"\u201ePortret Dimitrie Gusti\u201d\u00a0|\u00a0micro-expozi\u021bie MNLR la Muzeul Satului"},"content":{"rendered":"<p>P\u00e2n\u0103 pe 31 august v\u0103 invit\u0103m la Muzeul Na\u021bional al Satului\u00a0Dimitrie Gusti\u00a0(\u0218os. Kiseleff nr. 28-30), acolo unde expunem, \u00een cadrul proiectul\u00a0\u201eHarta c\u0103l\u0103toriilor MNLR \u00een muzeele din Capital\u0103\u201d, fotografii, c\u0103r\u021bi po\u0219tale, precum \u0219i manuscrise semnate de fondatorul \u201emuzeului \u00een aer liber\u201d, sociologul rom\u00e2n Dimitrie Gusti, documente p\u0103strate cu grij\u0103 \u00een arhiva Muzeului Na\u021bional al Literaturii Rom\u00e2ne.<\/p>\n<p>Mul\u021bumiri pentru g\u0103zduire prietenilor no\u0219tri de la Muzeul Na\u021bional al Satului\u00a0Dimitrie Gusti!<\/p>\n<p>Pentru informa\u021bii suplimentare, v\u0103 rug\u0103m s\u0103 ne suna\u021bi la 0736.598.451 sau s\u0103 ne scrie\u021bi la adresa\u00a0<a href=\"mailto:programe@mnlr.ro\">programe@mnlr.ro<\/a>\u00a0(Gabriela Toma).<\/p>\n<p>Multimedia: Daniel Paul Ciobanu<\/p>\n<p>&nbsp;<\/p>\n<p><iframe loading=\"lazy\" title=\"\u201ePortret Dimitrie Gusti\u201d\u00a0|\u00a0micro-expozi\u021bie MNLR la Muzeul Satului\" src=\"https:\/\/player.vimeo.com\/video\/574919165?dnt=1&amp;app_id=122963\" width=\"500\" height=\"281\" frameborder=\"0\" allow=\"autoplay; fullscreen; picture-in-picture; clipboard-write\"><\/iframe><\/p>","protected":false},"excerpt":{"rendered":"<p>P\u00e2n\u0103 pe 31 august v\u0103 invit\u0103m la Muzeul Na\u021bional al Satului\u00a0Dimitrie Gusti\u00a0(\u0218os. Kiseleff nr. 28-30), acolo unde expunem, \u00een cadrul&#8230;<\/p>","protected":false},"author":8,"featured_media":19327,"comment_status":"closed","ping_status":"closed","sticky":false,"template":"","format":"standard","meta":{"_exactmetrics_skip_tracking":false,"_exactmetrics_sitenote_active":false,"_exactmetrics_sitenote_note":"","_exactmetrics_sitenote_category":0,"footnotes":""},"categories":[9,36,8],"tags":[],"class_list":["post-19326","post","type-post","status-publish","format-standard","has-post-thumbnail","hentry","category-evenimente","category-expozitii","category-recomandari"],"_links":{"self":[{"href":"https:\/\/mnlr.ro\/en\/wp-json\/wp\/v2\/posts\/19326","targetHints":{"allow":["GET"]}}],"collection":[{"href":"https:\/\/mnlr.ro\/en\/wp-json\/wp\/v2\/posts"}],"about":[{"href":"https:\/\/mnlr.ro\/en\/wp-json\/wp\/v2\/types\/post"}],"author":[{"embeddable":true,"href":"https:\/\/mnlr.ro\/en\/wp-json\/wp\/v2\/users\/8"}],"replies":[{"embeddable":true,"href":"https:\/\/mnlr.ro\/en\/wp-json\/wp\/v2\/comments?post=19326"}],"version-history":[{"count":1,"href":"https:\/\/mnlr.ro\/en\/wp-json\/wp\/v2\/posts\/19326\/revisions"}],"predecessor-version":[{"id":19328,"href":"https:\/\/mnlr.ro\/en\/wp-json\/wp\/v2\/posts\/19326\/revisions\/19328"}],"wp:featuredmedia":[{"embeddable":true,"href":"https:\/\/mnlr.ro\/en\/wp-json\/wp\/v2\/media\/19327"}],"wp:attachment":[{"href":"https:\/\/mnlr.ro\/en\/wp-json\/wp\/v2\/media?parent=19326"}],"wp:term":[{"taxonomy":"category","embeddable":true,"href":"https:\/\/mnlr.ro\/en\/wp-json\/wp\/v2\/categories?post=19326"},{"taxonomy":"post_tag","embeddable":true,"href":"https:\/\/mnlr.ro\/en\/wp-json\/wp\/v2\/tags?post=19326"}],"curies":[{"name":"wp","href":"https:\/\/api.w.org\/{rel}","templated":true}]}}