{"id":19332,"date":"2021-07-18T11:00:45","date_gmt":"2021-07-18T08:00:45","guid":{"rendered":"https:\/\/mnlr.ro\/?p=19332"},"modified":"2021-07-18T02:10:26","modified_gmt":"2021-07-17T23:10:26","slug":"poezie-si-creatie-toma-enache-si-loreta-popa","status":"publish","type":"post","link":"https:\/\/mnlr.ro\/en\/poezie-si-creatie-toma-enache-si-loreta-popa\/","title":{"rendered":"\u201ePoezie \u0219i crea\u021bie\u201d | Toma Enache \u0219i Loreta Popa"},"content":{"rendered":"<div class=\"\" data-block=\"true\" data-editor=\"bvelv\" data-offset-key=\"aefcp-0-0\">\n<div class=\"_1mf _1mj\" data-offset-key=\"aefcp-0-0\">\n<p>Invitat ast\u0103zi la \u201ePoezie \u0219i crea\u021bie\u201d este regizorul Toma Enache (n. 1 noiembrie 1970, Constan\u021ba), actor, scenarist \u0219i produc\u0103tor de film, autorul lungmetrajului \u201e\u00centre chin \u0219i amin\u201d, primul film artistic av\u00e2nd ca subiect Experimentul Pite\u0219ti, \u0219i al primului film artistic in arom\u00e2n\u0103, \u201eNu sunt faimos, dar sunt arom\u00e2n\u201d.<\/p>\n<p>Filmul \u201e\u00centre chin \u0219i amin\u201d a avut o proiec\u021bie \u00een Gr\u0103dina MNLR la \u00eenceputul lunii iulie, cu o prezentare realizat\u0103 de Marina Roman, critic de film. \u00centre 1949 \u0219i 1951, elita rom\u00e2neasc\u0103 era aruncat\u0103 \u00een \u00eenchisoare sau \u00een lag\u0103rele de munc\u0103 for\u021bat\u0103. De la muncitori la \u021b\u0103rani, de la ofi\u021beri \u0219i solda\u021bi p\u00e2n\u0103 la studen\u021bi \u015fi profesori, de la poli\u021bi\u0219ti la magistra\u021bi, preo\u021bi \u015fi muzicieni, o \u021bar\u0103 \u00eentreag\u0103 fusese trecut\u0103 prin foc \u0219i sabie de \u201esovietul suprem comunist\u201d. Orice p\u0103rere contrar\u0103 putea duce la anihilarea dureroas\u0103 a \u201edu\u0219manului poporului\u201d care o emisese. \u201eDu\u0219manul de clas\u0103\u201d trebuia exterminat, \u201ereeducat\u201d, adic\u0103 trebuia s\u0103 m\u0103rturiseasc\u0103 \u00eenvinuirile pentru care a fost \u00eenchis, inventate de cele mai multe ori, iar apoi s\u0103 acuze la r\u00e2ndul s\u0103u fo\u0219tii colegi de munc\u0103 sau facultate, cuno\u0219tin\u021bele, prietenii, familia \u0219i, \u00een cele din urm\u0103, pe cei cu care \u00eemp\u0103r\u021bea celula. Filmul \u201e\u00centre chin \u0219i amin\u201d a\u0219az\u0103 o lup\u0103 asupra credin\u021bei, c\u0103ci dezgolirea omului de credin\u021b\u0103 \u00een vederea depersonaliz\u0103rii a fost unul din dezideratele experimentului Pite\u0219ti.<\/p>\n<p>\u201eUn creator, regizor, poet, este un purt\u0103tor de adev\u0103r artistic\u201d, m\u0103rturise\u0219te Toma Enache. \u201eIei \u00een c\u00e2rc\u0103 sacul acesta \u00een care ai adev\u0103rul artistic pe care vrei s\u0103-l pui \u00eentr-o poezie, un film sau o pies\u0103 de teatru \u0219i, cum se spune acum, \u00eel share-uie\u0219ti cu ceilal\u021bi, cu echipa. Haide\u021bi s\u0103 \u00eemp\u0103r\u021bim adev\u0103rul acesta! E foarte greu, dar hai s\u0103-l \u00eemp\u0103r\u021bim. \u0218i echipa asta face. \u00cempreun\u0103.\u201d<\/p>\n<p>\u201eDac\u0103 nu mi-a\u0219 dori s\u0103 fac film, nu ar mai exista o zbatere, ar \u00eensemna c\u0103 am ajuns la o \u00eemp\u0103care cu mine \u0219i, din fericire, eu nu am ajuns. Este at\u00e2t de greu s\u0103 faci rost de finan\u021bare pentru film. Dar asta m\u0103 face pe mine s\u0103 r\u0103m\u00e2n prins \u00een aceast\u0103 lume concret\u0103 \u0219i real\u0103. F\u0103r\u0103 aceast\u0103 dorin\u021b\u0103 de a face film spuneam, la modul ipotetic, c\u0103 a\u0219 putea fi un om mult, mult, mult mai bun dec\u00e2t sunt. Dac\u0103 \u00ee\u021bi dore\u0219ti ceva care implic\u0103 \u0219i material \u00eenseamn\u0103 c\u0103 exist\u0103 o ne\u00eemp\u0103care a ta cu tine, c\u0103 faci un compromis pentru c\u0103 \u00ee\u021bi dore\u0219ti s\u0103 exi\u0219ti \u0219i s\u0103 spui. C\u00e2nd nu-\u021bi mai dore\u0219ti asta e\u0219ti ca un fel de \u00een\u021belept, nu mai vrei nimic de la nimeni, nu mai ceri nimic, nu vrei s\u0103 ai niciun conflict, nici m\u0103car verbal. Consider c\u0103 \u00eenc\u0103 mai sunt c\u00e2teva pove\u0219ti pe care ar trebui s\u0103 le spun. Una din ele este gata scris\u0103 \u0219i ar trebui s\u0103 m\u0103 apuc de ea\u201d, spune regizorul Toma Enache.<\/p>\n<p>\u201eTrebuie s\u0103 con\u0219tientiz\u0103m aceste lucruri pentru a nu le repeta. Este o lec\u021bie pe care istoria ne-a dat-o \u0219i noi trebuie s\u0103 o \u00eenv\u0103\u021b\u0103m. Trebuie s\u0103 fim con\u0219tien\u021bi \u0219i s\u0103 vedem ce putem \u00eenv\u0103\u021ba ca s\u0103 nu se repete. Nu cred c\u0103 ne-ar pl\u0103cea s\u0103 intr\u0103m \u00eentr-o nou\u0103 perioad\u0103 de co\u0219mar \u00een care rom\u00e2nii s\u0103 tortureze al\u021bi rom\u00e2ni. Filmul este f\u0103cut ca un omagiu \u00een memoria celor care au p\u0103timit acolo, nu ca o r\u0103zbunare. S\u0103 nu ui\u021bi \u0219i s\u0103 le p\u0103strezi memoria celor care au fost acolo e o dovad\u0103 de curaj. \u00centreaga echip\u0103 a fost tulburat\u0103 \u00een timpul film\u0103rilor de la Jilava. To\u021bi con\u0219tientizam c\u0103 acolo nu numai c\u0103 au fost \u00eenchi\u0219i oameni ani \u00eentregi, dar au fost tortura\u021bi, umili\u021bi\u201d, afirm\u0103 regizorul.<\/p>\n<p>Filmare \u0219i montaj: Alex Ursu<br \/>\nCredit foto: Dan Vatamaniuc<br \/>\nProiect coordonat \u0219i realizat de Loreta Popa<\/p>\n<p>Urm\u0103ri\u021bi \u201ePoezie \u0219i crea\u021bie\u201d aici:<\/p>\n<p><iframe loading=\"lazy\" title=\"Poezie \u0219i crea\u021bie - Toma Enache\" width=\"500\" height=\"281\" src=\"https:\/\/www.youtube.com\/embed\/epiXJ-Jdw0M?feature=oembed\" frameborder=\"0\" allow=\"accelerometer; autoplay; clipboard-write; encrypted-media; gyroscope; picture-in-picture; web-share\" referrerpolicy=\"strict-origin-when-cross-origin\" allowfullscreen><\/iframe><\/p>\n<p>&nbsp;<\/p>\n<\/div>\n<\/div>","protected":false},"excerpt":{"rendered":"<p>Invitat ast\u0103zi la \u201ePoezie \u0219i crea\u021bie\u201d este regizorul Toma Enache (n. 1 noiembrie 1970, Constan\u021ba), actor, scenarist \u0219i produc\u0103tor de&#8230;<\/p>","protected":false},"author":11,"featured_media":19333,"comment_status":"closed","ping_status":"closed","sticky":false,"template":"","format":"standard","meta":{"_exactmetrics_skip_tracking":false,"_exactmetrics_sitenote_active":false,"_exactmetrics_sitenote_note":"","_exactmetrics_sitenote_category":0,"footnotes":""},"categories":[9,52],"tags":[],"class_list":["post-19332","post","type-post","status-publish","format-standard","has-post-thumbnail","hentry","category-evenimente","category-evenimente-on-line"],"_links":{"self":[{"href":"https:\/\/mnlr.ro\/en\/wp-json\/wp\/v2\/posts\/19332","targetHints":{"allow":["GET"]}}],"collection":[{"href":"https:\/\/mnlr.ro\/en\/wp-json\/wp\/v2\/posts"}],"about":[{"href":"https:\/\/mnlr.ro\/en\/wp-json\/wp\/v2\/types\/post"}],"author":[{"embeddable":true,"href":"https:\/\/mnlr.ro\/en\/wp-json\/wp\/v2\/users\/11"}],"replies":[{"embeddable":true,"href":"https:\/\/mnlr.ro\/en\/wp-json\/wp\/v2\/comments?post=19332"}],"version-history":[{"count":1,"href":"https:\/\/mnlr.ro\/en\/wp-json\/wp\/v2\/posts\/19332\/revisions"}],"predecessor-version":[{"id":19344,"href":"https:\/\/mnlr.ro\/en\/wp-json\/wp\/v2\/posts\/19332\/revisions\/19344"}],"wp:featuredmedia":[{"embeddable":true,"href":"https:\/\/mnlr.ro\/en\/wp-json\/wp\/v2\/media\/19333"}],"wp:attachment":[{"href":"https:\/\/mnlr.ro\/en\/wp-json\/wp\/v2\/media?parent=19332"}],"wp:term":[{"taxonomy":"category","embeddable":true,"href":"https:\/\/mnlr.ro\/en\/wp-json\/wp\/v2\/categories?post=19332"},{"taxonomy":"post_tag","embeddable":true,"href":"https:\/\/mnlr.ro\/en\/wp-json\/wp\/v2\/tags?post=19332"}],"curies":[{"name":"wp","href":"https:\/\/api.w.org\/{rel}","templated":true}]}}