{"id":19663,"date":"2021-08-05T19:00:28","date_gmt":"2021-08-05T16:00:28","guid":{"rendered":"https:\/\/mnlr.ro\/?p=19663"},"modified":"2021-08-05T14:07:35","modified_gmt":"2021-08-05T11:07:35","slug":"mini-cafeneaua-critica-on-line-53-gabriel-chifu-si-ion-bogdan-lefter","status":"publish","type":"post","link":"https:\/\/mnlr.ro\/en\/mini-cafeneaua-critica-on-line-53-gabriel-chifu-si-ion-bogdan-lefter\/","title":{"rendered":"\u201emini-Cafeneaua critic\u0103\u201d on-line #53 | Gabriel Chifu \u0219i Ion Bogdan Lefter"},"content":{"rendered":"<p>Invitat ast\u0103zi la \u201emini-Cafeneaua critic\u0103\u201d de pandemie este Gabriel Chifu, poet, prozator, eseist. Amfitrion: Ion Bogdan Lefter.<\/p>\n<p>\u201eA fost o perioad\u0103 teribil de dificil\u0103 \u0219i de confuz\u0103. Pe de o parte era o condi\u021bionare, st\u00e2njenire a mea ca persoan\u0103, nu mai func\u021bionam normal, \u0219i pe de alt\u0103 parte era o stare de perplexitate a mea c\u0103 tr\u0103iam a\u0219a ceva. O planet\u0103 \u00eentreag\u0103 s\u0103 fie pus\u0103 la p\u0103m\u00e2nt de apari\u021bia unui virus, un inamic invizibil. Pentru mine a devenit deodat\u0103 plauzibil faptul c\u0103 universurile pe care cineva, un autor de fic\u021biuni, le concepe ca fiind distopice pot s\u0103 se transforme, chiar s\u0103 se transfere, \u00een lumea noastr\u0103. Sf\u00e2r\u0219itul acesta al lumii, colapsul lumii, a devenit posibil. Nu mai este o variant\u0103 teoretic\u0103 sau ceva care \u021bine de imagina\u021bia maladiv\u0103 a vreunui autor de fic\u021biuni literare. A fost cumplit\u201d, spune Gabriel Chifu.<\/p>\n<p>\u201eR\u0103ul cel mare, iat\u0103, este posibil. Dac\u0103 p\u00e2n\u0103 la pandemia aceasta nu-mi \u00eenchipuiam c\u0103 vine peste noi un pr\u0103p\u0103d, un mare foc, un potop, de acum, mintea mea s-a obi\u0219nuit cu ideea c\u0103 este posibil s\u0103 se \u00eent\u00e2mple orice r\u0103u cu noi. R\u0103zboiul se poart\u0103 altfel. Nu mai este un r\u0103zboi cu arme, e aproape o glum\u0103 asta. Iat\u0103, este un r\u0103zboi a\u0219a cum \u00eel vedem aici sau chiar \u00een filmele acelea proaste de la Hollywood. Ceea ce am tr\u0103it seam\u0103n\u0103 cu o supraproduc\u021bie care altfel ne f\u0103cea s\u0103 z\u00e2mbim ca neverosimil\u0103. Din p\u0103cate, trebuie s\u0103 facem loc \u00een mintea noastr\u0103 \u0219i ira\u021bionalului. S\u0103 accept\u0103m c\u0103 exist\u0103\u201d, m\u0103rturise\u0219te Gabriel Chifu.<\/p>\n<p>\u201eCafeneaua critic\u0103\u201d este ini\u021biat\u0103 \u0219i realizat\u0103 de criticul Ion Bogdan Lefter, profesor la Facultatea de Litere a Universit\u0103\u021bii din Bucure\u0219ti.<\/p>\n<p>Urm\u0103ri\u021bi mini-Cafeneaua critic\u0103 aici:<\/p>\n<p><iframe loading=\"lazy\" title=\"mini-Cafeneaua critic\u0103 #53 | Gabriel Chifu \u0219i Ion Bogdan Lefter\" src=\"https:\/\/player.vimeo.com\/video\/582456593?dnt=1&amp;app_id=122963\" width=\"500\" height=\"281\" frameborder=\"0\" allow=\"autoplay; fullscreen; picture-in-picture; clipboard-write\"><\/iframe><\/p>","protected":false},"excerpt":{"rendered":"<p>Invitat ast\u0103zi la \u201emini-Cafeneaua critic\u0103\u201d de pandemie este Gabriel Chifu, poet, prozator, eseist. Amfitrion: Ion Bogdan Lefter. \u201eA fost o&#8230;<\/p>","protected":false},"author":11,"featured_media":18487,"comment_status":"closed","ping_status":"closed","sticky":false,"template":"","format":"standard","meta":{"_exactmetrics_skip_tracking":false,"_exactmetrics_sitenote_active":false,"_exactmetrics_sitenote_note":"","_exactmetrics_sitenote_category":0,"footnotes":""},"categories":[24,9,52],"tags":[],"class_list":["post-19663","post","type-post","status-publish","format-standard","has-post-thumbnail","hentry","category-dezbateri-culturale","category-evenimente","category-evenimente-on-line"],"_links":{"self":[{"href":"https:\/\/mnlr.ro\/en\/wp-json\/wp\/v2\/posts\/19663","targetHints":{"allow":["GET"]}}],"collection":[{"href":"https:\/\/mnlr.ro\/en\/wp-json\/wp\/v2\/posts"}],"about":[{"href":"https:\/\/mnlr.ro\/en\/wp-json\/wp\/v2\/types\/post"}],"author":[{"embeddable":true,"href":"https:\/\/mnlr.ro\/en\/wp-json\/wp\/v2\/users\/11"}],"replies":[{"embeddable":true,"href":"https:\/\/mnlr.ro\/en\/wp-json\/wp\/v2\/comments?post=19663"}],"version-history":[{"count":1,"href":"https:\/\/mnlr.ro\/en\/wp-json\/wp\/v2\/posts\/19663\/revisions"}],"predecessor-version":[{"id":19666,"href":"https:\/\/mnlr.ro\/en\/wp-json\/wp\/v2\/posts\/19663\/revisions\/19666"}],"wp:featuredmedia":[{"embeddable":true,"href":"https:\/\/mnlr.ro\/en\/wp-json\/wp\/v2\/media\/18487"}],"wp:attachment":[{"href":"https:\/\/mnlr.ro\/en\/wp-json\/wp\/v2\/media?parent=19663"}],"wp:term":[{"taxonomy":"category","embeddable":true,"href":"https:\/\/mnlr.ro\/en\/wp-json\/wp\/v2\/categories?post=19663"},{"taxonomy":"post_tag","embeddable":true,"href":"https:\/\/mnlr.ro\/en\/wp-json\/wp\/v2\/tags?post=19663"}],"curies":[{"name":"wp","href":"https:\/\/api.w.org\/{rel}","templated":true}]}}