{"id":19742,"date":"2021-08-16T19:00:44","date_gmt":"2021-08-16T16:00:44","guid":{"rendered":"https:\/\/mnlr.ro\/?p=19742"},"modified":"2021-08-16T18:25:12","modified_gmt":"2021-08-16T15:25:12","slug":"mini-cafeneaua-critica-on-line-56-antonio-patras-si-ion-bogdan-lefter","status":"publish","type":"post","link":"https:\/\/mnlr.ro\/en\/mini-cafeneaua-critica-on-line-56-antonio-patras-si-ion-bogdan-lefter\/","title":{"rendered":"\u201emini-Cafeneaua critic\u0103\u201d on-line #56 | Antonio Patra\u0219 \u0219i Ion Bogdan Lefter"},"content":{"rendered":"<p>Invitatul de ast\u0103zi al \u201emini-Cafenelei critice\u201d on-line este Antonio Patra\u0219, critic \u0219i istoric literar, profesor la Universitatea din Ia\u0219i. Amfitrion: Ion Bogdan Lefter.<\/p>\n<p>\u201eNu m-am bucurat de pandemie. Am v\u0103zut c\u0103 mul\u021bi dintre colegii no\u0219tri, profesori, au spus c\u0103 pandemia le-a oferit un r\u0103gaz pentru lectur\u0103, pentru reflec\u021bie. Pe mine pandemia m-a \u00eengrozit. Poate c\u0103 sunt mai sperios din fire, m\u0103 tem de boal\u0103, nu at\u00e2t pentru mine, c\u00e2t mai ales pentru cei din jurul meu, p\u0103rin\u021bi, copii, so\u021bie. Am fost speriat mult timp, p\u00e2n\u0103 m-am vaccinat. A venit \u00eens\u0103 \u0219i cu o bucurie pandemia, mi s-a n\u0103scut un copil, al doilea b\u0103iat, la o diferen\u021b\u0103 destul de mare de v\u00e2rst\u0103 fa\u021b\u0103 de primul, 11 ani. A\u0219a c\u0103 am \u00eencercat s\u0103 ne repliem \u00een universul acesta domestic, s\u0103 ignor\u0103m c\u00e2t putem nenorocirile din jur. N-am reu\u0219it \u00een totalitate, pentru c\u0103 \u00een pandemie am pierdut un fost coleg de facultate, profesor de rom\u00e2n\u0103 aici la Ia\u0219i. A murit din cauza virusului. Tot \u00een pandemie am scos la Editura Timpul din Ia\u0219i, \u00eempreun\u0103 cu so\u021bia mea, Roxana, un roman mai vechi, din secolul al XIX-lea, l-am editat \u0219i l-am prefa\u021bat \u00abMisterele c\u0103s\u0103toriei\u00bb, de Constantin Aricescu. Am dezvoltat \u0219i eu, \u0219i so\u021bia mea o admira\u021bie pentru acest autor pe care C\u0103linescu \u00eel desconsider\u0103 \u00een \u00abIstoria literaturii\u00bb pe motiv c\u0103 n-ar avea talent literar, dar opera sa este una de pionierat, e cel care pune \u00een circula\u021bie ideile lui Rousseau, Balzac. Pa\u0219optist de m\u00e2na a doua, dar foarte interesant, cu o activitate cultural\u0103 remarcabil\u0103. Din p\u0103cate, la noi, a\u0219a cum se studiaz\u0103 istoria literar\u0103, doar din perspectiv\u0103 estetic\u0103, Aricescu este plasat pe raftul al doilea \u0219i nestudiat\u201d, spune Antonio Patra\u0219.<\/p>\n<p>\u201eE clar c\u0103 lumea nu va mai fi la fel. Pandemia nu este dec\u00e2t un prim eveniment de acest gen din ceea ce va urma. Eu nu cred c\u0103 nu va urma nimic. Ce am trait acum \u00een pandemie va fi un modus vivendi. Oamenii nu se vor mai apropia ca \u00een trecut unii de ceilal\u021bi. Va disp\u0103rea acest tip de rela\u021bionare f\u0103r\u0103 suspiciune \u00eentre indivizi\u201d, este de p\u0103rere Antonio Patra\u0219.<\/p>\n<p>\u201eCafeneaua critic\u0103\u201d este ini\u021biat\u0103 \u0219i realizat\u0103 de criticul Ion Bogdan Lefter, profesor la Facultatea de Litere a Universit\u0103\u021bii din Bucure\u0219ti.<\/p>\n<p>Urm\u0103ri\u021bi \u201emini-Cafeneaua critic\u0103\u201d on-line aici:<\/p>\n<p><iframe loading=\"lazy\" title=\"mini-Cafeneaua critica #56 | Antonio Patra\u0219\" src=\"https:\/\/player.vimeo.com\/video\/587832863?dnt=1&amp;app_id=122963\" width=\"500\" height=\"281\" frameborder=\"0\" allow=\"autoplay; fullscreen; picture-in-picture; clipboard-write\"><\/iframe><\/p>","protected":false},"excerpt":{"rendered":"<p>Invitatul de ast\u0103zi al \u201emini-Cafenelei critice\u201d on-line este Antonio Patra\u0219, critic \u0219i istoric literar, profesor la Universitatea din Ia\u0219i. Amfitrion:&#8230;<\/p>","protected":false},"author":11,"featured_media":18487,"comment_status":"closed","ping_status":"closed","sticky":false,"template":"","format":"standard","meta":{"_exactmetrics_skip_tracking":false,"_exactmetrics_sitenote_active":false,"_exactmetrics_sitenote_note":"","_exactmetrics_sitenote_category":0,"footnotes":""},"categories":[24,9,52],"tags":[],"class_list":["post-19742","post","type-post","status-publish","format-standard","has-post-thumbnail","hentry","category-dezbateri-culturale","category-evenimente","category-evenimente-on-line"],"_links":{"self":[{"href":"https:\/\/mnlr.ro\/en\/wp-json\/wp\/v2\/posts\/19742","targetHints":{"allow":["GET"]}}],"collection":[{"href":"https:\/\/mnlr.ro\/en\/wp-json\/wp\/v2\/posts"}],"about":[{"href":"https:\/\/mnlr.ro\/en\/wp-json\/wp\/v2\/types\/post"}],"author":[{"embeddable":true,"href":"https:\/\/mnlr.ro\/en\/wp-json\/wp\/v2\/users\/11"}],"replies":[{"embeddable":true,"href":"https:\/\/mnlr.ro\/en\/wp-json\/wp\/v2\/comments?post=19742"}],"version-history":[{"count":1,"href":"https:\/\/mnlr.ro\/en\/wp-json\/wp\/v2\/posts\/19742\/revisions"}],"predecessor-version":[{"id":19743,"href":"https:\/\/mnlr.ro\/en\/wp-json\/wp\/v2\/posts\/19742\/revisions\/19743"}],"wp:featuredmedia":[{"embeddable":true,"href":"https:\/\/mnlr.ro\/en\/wp-json\/wp\/v2\/media\/18487"}],"wp:attachment":[{"href":"https:\/\/mnlr.ro\/en\/wp-json\/wp\/v2\/media?parent=19742"}],"wp:term":[{"taxonomy":"category","embeddable":true,"href":"https:\/\/mnlr.ro\/en\/wp-json\/wp\/v2\/categories?post=19742"},{"taxonomy":"post_tag","embeddable":true,"href":"https:\/\/mnlr.ro\/en\/wp-json\/wp\/v2\/tags?post=19742"}],"curies":[{"name":"wp","href":"https:\/\/api.w.org\/{rel}","templated":true}]}}