{"id":19758,"date":"2021-08-18T11:18:08","date_gmt":"2021-08-18T08:18:08","guid":{"rendered":"https:\/\/mnlr.ro\/?p=19758"},"modified":"2021-09-23T14:12:09","modified_gmt":"2021-09-23T11:12:09","slug":"a-treisprezecea-editie-a-maratonului-de-poezie-si-jazz-de-ziua-limbii-romane","status":"publish","type":"post","link":"https:\/\/mnlr.ro\/en\/a-treisprezecea-editie-a-maratonului-de-poezie-si-jazz-de-ziua-limbii-romane\/","title":{"rendered":"A treisprezecea edi\u021bie a Maratonului de Poezie \u0219i Jazz, de Ziua Limbii Rom\u00e2ne"},"content":{"rendered":"<p>Mar\u021bi, 31 august 2021, de Ziua Limbii Rom\u00e2ne, \u00eentre orele 16.00-19.00, \u00een Gr\u0103dina MNLR (Strada Nicolae Cre\u021bulescu 8), va avea loc Maratonul de Poezie \u0219i Jazz, edi\u021bia a XIII-a, difuzat, de la ora 22.00, de Radio Rom\u00e2nia Cultural. Dou\u0103zeci \u015fi una de nume importante din genera\u021bii \u0219i geografii literare diferite vor sus\u021bine lecturi publice de c\u00e2te cinci minute. Sunt invitate 10 poete \u2013 Magda C\u00e2rneci, Ioana Cr\u0103ciunescu, Mina Decu, Tatiana Ernu\u021beanu, C\u0103t\u0103lina Matei, Rozana Mihalache, Livia Ro\u0219ca, Olga \u0218tefan, Gabriela Toma \u0219i Elena Vl\u0103d\u0103reanu \u2013 al\u0103turi de 11 poe\u021bi \u2013 Florin Dumitrescu, Sorin Ghergu\u021b, Florin Iaru, Ioan Matiu\u021b, Radu Ni\u021bescu, Dan Ple\u0219a, Ioan Es. Pop, Bogdan O. Popescu, Adrian Suciu, Robert \u0218erban \u0219i Tudor Voicu. Invitat special: poetul \u0219i actorul Liviu Lucaci, rectorul UNATC \u201eI. L. Caragiale\u201d din Bucure\u0219ti. Vor sus\u021bine recitaluri c\u00e2teva dintre cele mai importante \u0219i mai autentice nume ale blues-ului \u0219i jazz-ului contemporan rom\u00e2nesc: Maria R\u0103ducanu, Mircea Tiberian \u0219i Mike Godoroja &amp; Blue Spirit. Amfitrionii Maratonului sunt Dan Mircea Cipariu \u0219i Ioan Cristescu. Art director: Mihai Zgondoiu. Produc\u0103tor: Anamaria Sp\u0103taru. Organizatorii Maratonului de Poezie \u0219i Jazz sunt Prim\u0103ria Municipiului Bucure\u0219ti prin Muzeul Na\u021bional al Literaturii Rom\u00e2ne din Bucure\u0219ti \u0219i asocia\u021bia Euro CulturArt. Proiect cofinan\u021bat de Ministerul Culturii. <strong>Parteneri: CopyRo \u0219i Opera Scris\u0103.ro. Coproduc\u0103tor: Radio Rom\u00e2nia Cultural.<\/strong> Agen\u021biadeCarte.ro este partenerul media al evenimentului. Intrarea la eveniment se face numai pe baz\u0103 de invita\u021bii care pot fi solicitate la adresa de email <a href=\"mailto:cipariu@yahoo.com\">cipariu@yahoo.com<\/a>, \u00een limita locurilor disponibile, cu p\u0103strarea regulilor sociale \u0219i sanitare impuse de prevenirea Covid-19.<\/p>\n<p><strong>Programul Maratonului de Poezie \u0219i Jazz, edi\u021bia a XIII-a<\/strong><\/p>\n<p>16.00 \/ intro muzical band Mike Godoroja &amp; Blue Spirit<\/p>\n<p>16.02\/ intro Dan Mircea Cipariu, prezentare Maraton<\/p>\n<p>16.04 \/ recital Ioana Cr\u0103ciunescu<\/p>\n<p>16.09\/ recital Florin Iaru<\/p>\n<p>16.14\/ recital Magda C\u00e2rneci<\/p>\n<p>16.19\/ muzic\u0103: Maria R\u0103ducanu<\/p>\n<p>16.30\/ recital Ioan Es. Pop<\/p>\n<p>16.35\/ recital Tatiana Ernu\u021beanu<\/p>\n<p>16.40\/recital\u00a0 Sorin Ghergu\u021b<\/p>\n<p>16.45\/ recital Mina Decu<\/p>\n<p>16.50 \/ muzic\u0103: Mircea Tiberian<\/p>\n<p>17.00\/ recital Bogdan O. Popescu<\/p>\n<p>17.05\/ recital Livia Ro\u0219ca<\/p>\n<p>17.10\/ recital Robert \u0218erban<\/p>\n<p>17.15\/ recital Rozana Mihalache<\/p>\n<p>17.20\/ recital Dan Ple\u0219a<\/p>\n<p>17.25\/ Maria R\u0103ducanu &amp; Mircea Tiberian<\/p>\n<p>17.35\/ recital Liviu Lucaci<\/p>\n<p>17.40\/ recital Olga \u0218tefan<\/p>\n<p>17.45\/ recital Tudor Voicu<\/p>\n<p>17.50\/ muzic\u0103: Mircea Tiberian<\/p>\n<p>18.00 \/ recital Florin Dumitrescu<\/p>\n<p>18.05\/ recital Ioan Matiu\u021b<\/p>\n<p>18.10\/ recital C\u0103t\u0103lina Matei<\/p>\n<p>18.15\/ recital Radu Ni\u021bescu<\/p>\n<p>18.20\/ recital Gabriela Toma<\/p>\n<p>18.25\/ Mike Godoroja &amp; Blue Spirit<\/p>\n<p>18.35\/ recital Elena Vl\u0103d\u0103reanu<\/p>\n<p>18.40\/ recital Adrian Suciu<\/p>\n<p>18.45\/ Dan Mircea Cipariu &amp; Mike Godoroja &amp; Blue Spirit<\/p>\n<p>Echipa tehnic\u0103: Anamaria Sp\u0103taru, produc\u0103tor<\/p>\n<p>19.00 \/ \/Final<\/p>\n<p><strong>Magda C\u00e2rneci<\/strong> este poet\u0103, prozatoare \u0219i eseist\u0103. Membr\u0103 a celebrei genera\u021bii literare \u201880, ea a fost \u0219i unul dintre teoreticienii postmodernismului \u00een spa\u021biul rom\u00e2nesc \u0219i est-european. Dup\u0103 Revolu\u021bia din decembrie 1989, la care a participat activ, ea s-a implicat \u00een via\u021ba politic\u0103, civic\u0103 \u0219i cultural\u0103 a Rom\u00e2niei postcomuniste. A fost membr\u0103 a Frontului Salv\u0103rii Na\u021bionale din 1990. A fost directoarea Institutului Cultural Rom\u00e2n din Paris \u00eentre 2006 \u0219i 2010. A fost pre\u0219edinta PEN Rom\u00e2nia, filiala rom\u00e2neasc\u0103 a celei mai mari \u0219i mai vechi organiza\u021bii mondiale a scriitorilor, PEN International. A fost pre\u0219edinta Grupului pentru Dialog Social (GDS), un grup format din intelectuali rom\u00e2ni cunoscu\u021bi. Este de asemenea membr\u0103 a Parlamentului Cultural European (ECP \u2013 European Cultural Parliament). \u00cen 2019 <strong>a primit medalia Legiunea de onoare, \u00een grad de cavaler, acordat\u0103 de Statul Francez.<\/strong><\/p>\n<p>Magda C\u00e2rneci a publicat numeroase volume de poezie, eseu, traduceri \u0219i un roman. \u00cen 2019, volumul \u201eOpera poetic\u0103\u201d, care \u00eensumeaz\u0103 toate volumele de poezie anterioare, a ap\u0103rut la Editura Cartea Rom\u00e2neasc\u0103 din Bucure\u0219ti. C\u0103r\u021bile ei au fost traduse \u00een englez\u0103, francez\u0103, german\u0103 \u0219i olandez\u0103, iar poemele ei au fost traduse \u00een multe limbi \u0219i au ap\u0103rut \u00een numeroase antologii \u0219i reviste interna\u021bionale. Romanul \u201eFEM\u201d a ap\u0103rut la Editura Non Lieu din Paris \u00een 2018, iar \u00een 2021 a ap\u0103rut la Editura Deep Velum din Statele Unite, \u00een traducerea lui Sean Cotter.<\/p>\n<p><strong>Ioana Cr\u0103ciunescu<\/strong>\u00a0(actri\u0163\u0103 de teatru \u015fi cinema \u015fi poet\u0103) s-a n\u0103scut la 13 noiembrie 1950, la Bucure\u015fti. \u00cen 1973 a absolvit\u00a0Institutului de Art\u0103 Teatral\u0103 \u015fi Cinematografic\u0103 <em>I. L. Caragiale<\/em> din Bucure\u015fti \u015fi a devenit actri\u0163\u0103 a Teatrului Nottara. A publicat volumele: \u201eDuminica absent\u201d, Editura Cartea Rom\u00e2neasc\u0103, Bucure\u0219ti, 1980; \u201eSupa de ceap\u0103\u201d, Editura Dacia, Cluj-Napoca, 1981; \u201eIarna clinic\u201d, Cartea Rom\u00e2neasc\u0103, Bucure\u0219ti, 1983; \u201eMa\u0219in\u0103ria cu aburi\u201d, Editura Eminescu, Bucure\u0219ti, 1984; \u201eCre\u0219tet \u0219i gheare\u201d, Cartea Rom\u00e2neasc\u0103, Bucure\u0219ti, 1998; \u201eSupa de ceap\u0103 \/ Soupe \u00e0 l\u2019oignon\u201d, Editura Brumar, Timi\u0219oara, 2007; \u201eMon general\u201d, Editura Tracus Arte, 2017, \u201ePia\u021ba Chibrit\u201d, Editura Charmides, 2017. Filmografie: \u201eActorul \u0219i s\u0103lbaticii\u201d (1975); \u201eArtista, dolarii \u0219i ardelenii\u201d (1980). Ioana Cr\u0103ciunescu a jucat \u00een produc\u021biile \u201ePullman paradis\u201d (1995), \u201eMensonge\u201d (1993), \u201eQuelque part vers Conakry\u201d (1992), \u201e\u00cent\u00e2mpl\u0103ri cu Alexandra\u201d (1989), \u201eDuminica \u00een familie\u201d (1987), S\u201d\u0103-\u021bi vorbesc despre mine\u201d (1987), \u201eFemeia din Ursa Mare\u201d (1982), \u201eLa cap\u0103tul liniei\u201d (1982), \u201eDe ce trag clopotele, Mitic\u0103?\u201d (1981), \u201eIon: blestemul pam\u00e2ntului, blestemul iubirii\u201d (1979), \u201eEdi\u021bie special\u0103\u201d (1978). Ioana Cr\u0103ciunescu este membr\u0103 a\u00a0Uniunii Scriitorilor din Rom\u00e2nia, a Uniunii Ziari\u015ftilor rom\u00e2ni, a UCIN \u015fi UNITER.<\/p>\n<p><strong>Mina Decu<\/strong>\u00a0(n. 15 aprilie 1983), masterand\u0103 \u00een Filosofie \u0219i \u00een Studii Europene, fost profesor de Studii socio-umane, fost librar, actual redactor, traduc\u0103tor \u0219i poet debutant, s-a f\u0103cut remarcat\u0103 prin debutul cu \u201eDesprindere\u201d (2018), volum de poeme, care a luat urm\u0103toarele premii: Premiul Na\u021bional pentru Poezie \u201eMihai Eminescu\u201d Opus Primum; Premiul \u201eT\u00e2n\u0103rul poet al anului 2018\u201d, \u00een cadrul Galei Tinerilor Scriitori; Premiul pentru debut, \u00een cadrul Festivalului National de Poezie \u201eColocviile <em>George Co\u0219buc<\/em>\u201d; Premiul pentru debut editorial \u00een anul 2018, \u00een cadrul Galei APLER. A participat la diverse festivaluri \u0219i evenimente de poezie \u0219i literatur\u0103. A ap\u0103rut cu texte poetice \u00een rom\u00e2n\u0103 \u0219i \u00een traducere (englez\u0103, francez\u0103 \u0219i maghiar\u0103) \u00een mai multe antologii \u0219i reviste literare, din \u021bar\u0103 \u0219i din str\u0103in\u0103tate.<\/p>\n<p><strong>Florin Dumitrescu<\/strong> s-a n\u0103scut \u00een 1966, \u00een Bucure\u0219ti. A debutat ca textier de rock cu Timpuri Noi, la sf\u00e2r\u0219itul anilor \u201980 (pe disc, \u00een 1992), apoi s-a consacrat cu Sarmalele Reci, c\u0103rora le este unic textier din 1993. Din 1998 scrie versurile multor hituri ale Direc\u021biei 5. \u00cen 2014, \u00ee\u0219i \u00eendepline\u0219te visul de a colabora cu idolii tinere\u021bii sale, devenind textierul membrilor trupei Phoenix, reuni\u021bi \u00een trupa Pas\u0103rea Rock (c\u0103rora le este recomandat ca fiind \u201ecel mai bun epigon al lui \u0218erban Foar\u021b\u0103\u201d). Compune deopotriv\u0103 texte de ethno-rock (trupa RIT), jazz (Iordache, Jazzappella, Ninigra) \u0219i folk (Dan Manciulea).<\/p>\n<p>Ca poet, debuteaz\u0103 cu grupajul \u201eMegaviziuni\u201d \u00een volumul colectiv \u201eMarf\u0103\u201d (Ed. Salut, 1996, al\u0103turi de Dan Mircea Cipariu, Sorin Ghergu\u021b, Dan Ple\u0219a \u0219i Bogdan O. Popescu), apoi public\u0103 \u201eAna are mere\u201d (Cartea Rom\u00e2neasc\u0103, 1997, Premiul ASB pentru Debut). Revine cu \u201e\u00cenc\u00eentece\u201d (Ed. Vinea, 2007, Premiul Tiuk! pentru Poezie) \u0219i particip\u0103, cu grupajul \u201eFurat la c\u00eentare\u201d, la antologia \u201eMarf\u0103 re\u00eenc\u0103rcat\u0103\u201d (Brumar, 2012) a aceluia\u0219i grup nou\u0103zecist. \u00cen aceea\u0219i perioad\u0103, public\u0103 poemul-poveste \u201eBuc\u0103tarul Ben\u201d \u00een antologia pentru copii \u201eCe po\u021bi face cu dou\u0103 cuvinte\u201d (Art, 2012). \u00cen 2015, ia parte la Bucure\u0219ti 2021, \u201eepopee participativ\u0103\u201d ce reune\u0219te patruzeci de poe\u021bi (ARCUB, 2015, eveniment organizat de Svetlana C\u00e2rstean). Dup\u0103 volumul \u201eDodii\u201d (Vorpal\/Nemira, 2016), revine al\u0103turi de grupul \u201eMarf\u0103\u201d \u00een proiectul experimental \u201eDosarte. Unfinished\u201d, coordonat de Mihai Zgondoiu (Euro Culturart, Bucure\u0219ti, 2019), cu grupajul \u201eAtlantida. C\u00eentece nemaiauzite\u201d.<\/p>\n<p><strong>Tatiana Ernu\u021beanu<\/strong> a studiat filologie, sec\u021bia Limbi \u0219i Literaturi Str\u0103ine, continu\u00e2nd cu studii postuniversitare \u00een comunicare, \u00een cadrul SNSPA \u0219i de business MBA Business Europe, sub licen\u021ba\u00a0London School of Business and Communication din Marea Britanie.\u00a0\u0218i-a pus amprenta \u00een strategiile de PR \u0219i imagine, pentru Institutul de Rela\u021bii Umane, Televiziunea Rom\u00e2n\u0103, festivaluri de film, expozi\u021bii de art\u0103, dar \u0219i pentru brand-uri cunoscute. De-a lungul anilor, a coordonat o revist\u0103 de lifestyle, \u00een calitate de redactor-\u0219ef, \u0219i a colaborat cu numeroase publica\u021bii. Din 2012, are propriul boutique de PR \u0219i crea\u021bie artistic\u0103 si semneaz\u0103 rubrica \u201eChicstalgia\u201d \u00een revista \u201eForbes Life\u201d.\u00a0A publicat poezii \u00een \u201eTo The Lite House\u201d \u0219i \u201eTastzine\u201d, platforme de poezii pentru femei \u0219i \u00een revistele \u201eNeuma\u201d, \u201eSteaua\u201d, \u201eLuceaf\u0103rul\u201d. \u00cen 2020, i-a ap\u0103rut volumul \u201e<strong>Carne, visuri si oase triste uitate \u00een Hydra\u201d \u2013 poeme nealese\u201d, Editura Eikon.<\/strong><\/p>\n<p><strong>Sorin Ghergu\u021b<\/strong>. Poet \u0219i traduc\u0103tor. A publicat volumele de versuri\u00a0\u201eTrei\u201d\u00a0(Editura Vellant, Bucure\u0219ti, 2016),\u00a0\u201eOrice. uverturi \u0219i reziduuri\u201d\u00a0(Editura Pandora M \u2013 Grupul editorial Trei, Bucure\u0219ti, 2011) \u0219i\u00a0\u201eTime Out\u201d\u00a0(Editura Timpul, Ia\u0219i, 1998). Este coautor al volumelor colective\u00a0\u201eTablou de familie\u201d\u00a0(Editura Leka-Brancu\u015f, Bucure\u0219ti, 1995), \u00eempreun\u0103 cu Svetlana C\u00e2rstean, Mihai Ignat, Cezar Paul-B\u0103descu, R\u0103zvan R\u0103dulescu \u0219i T.O. Bobe),\u00a0\u201eMarf\u0103\u201d\u00a0(Editura Salut, 1996) \u0219i\u00a0\u201eMarf\u0103 re\u00eenc\u0103rcat\u0103\u201d\u00a0(Editura Brumar, 2011), al\u0103turi de Dan Mircea Cipariu, Florin Dumitrescu, Dan Ple\u0219a \u0219i B.O. Popescu,\u00a0\u201eDe ce pisicile n-au coad\u0103. Antologie de limericks\u201d\u00a0(Editura Art, 2017), \u201eGenera\u021bia de aur\u201d (Fractalia, 2020). Este prezent \u00een antologia de poezie rom\u00e2neasc\u0103 \u00een traducere german\u0103\u00a0\u201eich bin ein ander ist bang\u201d\u00a0(Edition die horen, Bremerhaven, 2000). A mai fost tradus \u00een ceh\u0103, turc\u0103 \u0219i suedez\u0103. Printre c\u0103r\u021bile pe care le-a tradus \u00een rom\u00e2n\u0103 se num\u0103r\u0103\u00a0\u201ePr\u00eenzul dezgoli\u201dt\u00a0de William Burroughs,\u00a0\u201ePo\u0219ta\u201d\u00a0de Charles Bukowski,\u00a0\u201eMr.Vertigo\u201d\u00a0de Paul Auster \u0219i\u00a0\u201eTarantula\u201d\u00a0de Bob Dylan. Este absolvent al Facult\u0103\u0163ii de Litere de la Universitatea Bucure\u015fti, Sec\u0163ia rom\u00e2n\u0103-francez\u0103, \u015fi al Masteratului de lingvistic\u0103 teoretic\u0103 de la aceea\u015fi universitate.<\/p>\n<p><strong>Florin\u00a0Iaru<\/strong>\u00a0(R\u00e2p\u0103) s-a n\u0103scut la 24 mai 1954, \u00een Bucure\u0219ti \u0219i este unul dintre cei mai cunoscu\u0163i poe\u0163i ai genera\u0163iei optzeciste. A absolvit Facultatea de Filologie a Universit\u0103\u021bii din Bucure\u0219ti, \u00een 1978. Profesor la Gala\u021bi \u0219i la Bulbucata, p\u00e2n\u0103 \u00een 1982, a devenit redactor al Editurii Cartea Rom\u00e2neasc\u0103 \u00een anul 1990, iar \u00een perioada 1991-1992 a fost redactor la publica\u021bia \u201eCotidianul\u201d. Scriitorul Florin Iaru \u00ee\u0219i face debutul literar \u00een anul 1962, prin publicarea unor versuri \u00een revista \u201eLumini\u021ba\u201d. Devine membru al Cenaclului de Luni din anul 1970, sub conducerea lui Nicolae Manolescu. \u00cen anul 1981, volumul s\u0103u \u201eC\u00eentece de trecut strada\u201d se bucur\u0103 de succes editorial, iar \u00een 1982 contribuie la scrierea volumului \u201eAer cu diamante\u201d, al\u0103turi de Mircea C\u0103rt\u0103rescu, Traian T. Co\u015fovei \u015fi Ion Stratan. A fost vicepre\u015fedintele Uniunii Scriitorilor \u00een perioada 1995-1996. A realizat \u015fi a prezentat emisiuni de cultur\u0103 la postul na\u0163ional de televiziune \u015fi la TVR Cultural. Face parte din echipa redac\u0163ional\u0103 a s\u0103pt\u0103m\u00eenalului\u00a0\u201e<em>Ca\u0163avencii\u201d<\/em><em>.<\/em> Alte volume:\u00a0\u201e<em>La cea mai \u00eenalt\u0103 fic\u0163iune\u201d<\/em>\u00a0(Cartea Rom\u00e2neasc\u0103, 1984),\u00a0\u201e<em>\u00cennebunesc \u015fi-mi pare r\u0103u\u201d <\/em>(Cartea Rom\u00e2neasc\u0103, 1990),\u00a0\u201e<em>Poeme alese\u201d<\/em>\u00a0(Aula, 2002),\u00a0\u201e<em>Tescani 40238\u201d<\/em>\u00a0(volum colectiv, Image, 2000),\u00a0\u201e<em>Pove\u015fti erotice rom\u00e2ne\u015fti\u201d<\/em>\u00a0(volum colectiv, Trei, 2007),\u00a0\u201e<em>Prima mea be\u0163ie\u201d <\/em>(volum colectiv, ART, 2009),\u00a0\u201e<em>Povestiri cu final schimbat\u201d<\/em><em>\u00a0<\/em>(ART, 2013). La Editura Polirom a mai publicat\u00a0\u201e<em>Fraier de Bucure\u015fti\u201d<\/em>\u00a0(2011, 2015) \u015fi o povestire \u00een volumul colectiv\u00a0\u201e<em>Scriitori la poli\u0163ie\u201d<\/em>\u00a0(2016), iar \u00een 2017 volumul \u201eS\u00e2nii verzi\u201d. Poemele sale au fost incluse \u00een antologii din Germania, Italia, Anglia, Fran\u0163a, Spania, Statele Unite, Rusia etc. \u00cen 2019, a publicat volumul de poezie \u201eJos realitatea!\u201d, Editura Paralela 45.<\/p>\n<p><strong>Liviu Lucaci<\/strong> este actor la Teatrul Na\u0163ional din Bucure\u015fti, scriitor, profesor de Arta Actorului la UNATC \u015fi regizor. \u00cen 1989 intr\u0103 \u00een Teatrul Studen\u0163esc Podul, unde debuteaz\u0103 \u00een rolul Efimi\u0163a din \u201eConu\u2019 Leonida fa\u0163\u0103 cu reac\u0163iunea\u201d de I. L. Caragiale. Dup\u0103 revolu\u0163ie, scoate un ziar \u00een regie proprie care va avea doar dou\u0103 edi\u0163ii, vrea s\u0103 devin\u0103, pe r\u00e2nd, marinar \u015fi pilot de avion, apoi particip\u0103 ca actor la spectacolul-eveniment al Teatrului Na\u021bional \u201eO trilogie antic\u0103\u201d al lui Andrei \u015eerban. Experien\u0163a ultim\u0103 \u00eel convinge s\u0103 dea examenul de admitere la teatru, unde intr\u0103 ca student al lui Ion Cojar, cel care-i va fi mentor \u015fi \u00eel va \u00eendruma c\u0103tre cariera pedagogic\u0103. La terminarea studiilor, devine asistent universitar, iar ast\u0103zi lucreaz\u0103 ca profesor universitar doctor la masterat, unde pred\u0103 Shakespeare, Cehov \u015fi autorii antici. Cu ocazia unei burse a Institutului Interna\u021bional de Teatru, Liviu Lucaci studiaz\u0103 \u00een Japonia teatrul tradi\u0163ional noh, kabuki \u015fi kyogen, iar c\u00e2\u0163iva ani dup\u0103 aceea termin\u0103 la Bucure\u015fti doctoratul cu teza \u201eActorul ca juc\u0103tor\u201d. \u00cen tot acest timp, \u0163ine conferin\u0163e, workshop-uri, particip\u0103 la festivaluri \u015fi \u00eent\u00e2lniri ale \u015fcolilor de teatru, \u00ee\u015fi continu\u0103 cariera de actor. Ca regizor, debuteaz\u0103 \u00een 2009, mont\u00e2nd la Teatrul de Comedie \u201eDomni\u015foara Iulia\u201d de Strindberg. \u00cen 2006 debuteaz\u0103 cu volumul de proz\u0103 \u201ePovestiri despre cel\u0103lalt\u201d la Editura Curtea Veche, excelent primit de public \u015fi de critica literar\u0103. \u00cen 2010, a montat spectacolul \u201eCinci rendez-vous-uri mortale\u201d, care l-a lansat \u015fi ca dramaturg, spectacol cu care particip\u0103 la Festivalul Interna\u021bional de Teatru Experimental de la Cairo. Urmeaz\u0103 \u201eUn cuplu ciudat\u201d, la Teatrul de Comedie, un real succes de public, \u015fi \u201eOameni ca noi\u201d, pe texte proprii, spectacol care \u00eel consacr\u0103 ca autor dramatic. \u00cen 2012 public\u0103 volumul de teatru \u201eMarusia\u201d la Editura Palimpsest. Ulterior, c\u00e2\u0219tig\u0103 premiul pentru Cea mai bun\u0103 pies\u0103 rom\u00e2neasc\u0103 a anului, oferit de Casa Regal\u0103 a Rom\u00e2niei, decernat \u00een cadrul Galei UNITER, cu piesa \u201eNostalgicii c\u0103l\u0103tori\u201d. Din anul 2019, Liviu Lucaci devine rector al Universit\u0103\u021bii Na\u021bionale de Art\u0103 Teatral\u0103 \u0219i Cinematografic\u0103 \u201eI. L. Caragiale\u201d din Bucure\u0219ti.<\/p>\n<p><strong>C\u0103t\u0103lina Matei<\/strong> (n. 1988, Bucure\u0219ti) a absolvit cursurile Facult\u0103\u021bii de Litere din cadrul Universit\u0103\u021bii din Bucure\u0219ti \u0219i ale Facult\u0103\u021bii de Interpretare Muzical\u0103 (UNMB). Apoi s-a r\u0103sucit \u0219i a urmat masteratul de Teoria literaturii \u0219i literatur\u0103 comparat\u0103 (Universitatea din Bucure\u0219ti). A c\u00e2\u0219tigat c\u00e2teva concursuri literare, unul dintre ele av\u00e2nd ca urmare debutul ei la Editura Tracus Arte, \u00een 2014, cu volumul de poezii \u201eLanul cu s\u00e2rme \u00eentinse\u201d. A fost din 2013 \u0219i p\u00e2n\u0103 \u00een 2020 vatman al cafenelei culturale \u201eTramvaiul 26\u201d. Cei \u0219apte ani de-acas\u0103. A f\u0103cut subtitr\u0103ri, a predat \u0219i a lucrat ca redactor la Editura Tracus Arte; a mai tradus din c\u00e2nd \u00een c\u00e2nd (traducerea ei de inim\u0103 este antologia \u201ePoeme alese\u201d \u2013 Anne Sexton, pe care a realizat-o \u00eempreun\u0103 cu Diana Geac\u0103r; anul acesta va ap\u0103rea \u0219i traducerea ei a romanului \u201e1984\u201d de George Orwell). Din 2021, s-a \u00eentors \u00een \u00eenv\u0103\u021b\u0103m\u00e2nt \u2013 rom\u00e2n\u0103 \u0219i muzic\u0103. \u00cen 2022, crede c\u0103 o s\u0103 \u00eei ap\u0103r\u0103 cel de-al doilea volum de poezie.<\/p>\n<p><strong>Ioan Matiu\u0163<\/strong>\u00a0(n\u0103scut la 18 decembrie 1956, \u00een Chi\u015fineu Cri\u015f, jude\u0163ul Arad) este scriitor, jurnalist \u015fi editor. Este membru al Uniunii Scriitorilor din Rom\u00e2nia \u015fi al P.E.N. Club Rom\u00e2nia. Este licen\u0163iat al Universit\u0103\u0163ii \u201eAurel Vlaicu\u201d, Facultatea de Jurnalism. Este o prezen\u0163\u0103 activ\u0103 \u00een via\u0163a cultural\u0103 a Aradului: lecturi publice, simpozioane, emisiuni TV, lans\u0103ri de carte, articole \u00een presa local\u0103. Este redactor-\u015fef la \u201eMonitorul Oficial\u201d, redactor la revista \u201eARCA\u201d\u015fi conduce Editura Mirador, unde public\u0103 volume ale unor scriitori valoro\u015fi. Poeziile lui sunt traduse \u00een englez\u0103, francez\u0103, german\u0103, s\u00e2rb\u0103, sloven\u0103, arab\u0103, italian\u0103, spaniol\u0103, polonez\u0103, chinez\u0103, slovac\u0103 \u015fi maghiar\u0103. Ca poet, prime\u015fte premii din partea Uniunii Scriitorilor din Rom\u00e2nia, Asocia\u0163iei Presei Literare \u015fi a Editurilor din Romania (A.P.L.E.R.), Principesei Margareta a Rom\u00e2niei, precum \u015fi a revistelor \u201eConvorbiri Literare\u201d \u015fi \u201eSemne\u201d.<\/p>\n<p>A publicat urm\u0103toarele volume proprii de poezie:\u00a0\u201e<em>st\u00e2lpi de sare\u201d<\/em><em>,<\/em> Editura Mirador (1996);\u00a0<em>umbre<\/em>, Editura Mirador\u00a0 (1999);\u00a0\u201e<em>priviri\u201d<\/em>, Editura Mirador (2003);\u00a0\u201e<em>d\u00e9j\u00e0 vu\u201d<\/em>, colec\u0163ia \u201ePoe\u0163ii urbei\u201d Editura Dacia (2005);\u00a0\u201e<em>d\u00e9j\u00e0 vu\u201d<\/em>, edi\u0163ie \u00een limba maghiar\u0103, Editura AB Art, Bratislava (2010);\u00a0\u201e<em>\u00eentre ceruri\u201d<\/em>, Editura Brumar (2009);\u00a0\u201e<em>respir\u0103 s\u0103 nu ui\u0163i\u201d<\/em>, Editura Tipo Moldova (2011);\u00a0\u201e<em>fuga din urm\u0103\u201d<\/em>, Editura Tracus Arte (2013),\u00a0\u201e<em>dup\u0103 perete\u201d<\/em>, Editura Mirador (2015),\u00a0\u201e<em>toate acestea\u201d<\/em>, edi\u0163ie \u00een limba chinez\u0103, Editura Casa Rom\u00e2no \u2013 Chinez\u0103, (2016). A publicat poeme \u00een mai multe antologii \u00een \u0163ar\u0103 \u015fi str\u0103in\u0103tate. \u00cen 2020, public\u0103 volumul de poezii \u201econtraatacul de panic\u0103\u201d, Editura Tracus Arte.<\/p>\n<p><strong>Rozana Mihalache<\/strong> s-a n\u0103scut \u00eentr-o zi de joi, 10 noiembrie 1988, la Bucure\u0219ti.\u00a0Din 2009 \u0219i p\u00een\u0103 \u00een prezent a colaborat cu publica\u021biile: \u201eDilema Veche\u201d, \u201eObservator Cultural\u201d, \u201eJurnalul Na\u021bional\u201d,\u00a0\u201eRevista Cultura\u201d, \u00a0\u201eFilmMenu\u201d.\u00a0A semnat interviuri cu: Leonard Cohen, Roscoe Beck, Solomon Marcus, Salman Rushdie, Attila Bartis.\u00a0Tot din 2009 \u0219i p\u00een\u0103 \u00een prezent \u00eei s\u00eent publicate povestiri pe LiterNet.ro, iar \u00een 2015 intr\u0103 \u00een antologia \u201eLiteratur\u0103 Fresh\u201d, publicat\u0103 sub egida ICR Praga \u2013 \u201eScriitori LiterNet tradu\u0219i \u00een ceh\u0103\u201d. \u00cen 2011 a absolvit Universitatea Na\u021bional\u0103 de Teatru \u015fi Film \u201eI. L. Caragiale\u201d, Bucure\u015fti, Facultatea de Film, Sec\u0163ia Comunicare Audiovizual\u0103.<\/p>\n<p>Din aprilie 2011, este coordonator artistic al Green Hours jazz&amp;theatre-caf\u00e9\u2026 \u0219i creator de afi\u0219e\u2026 \u0219i m\u0103tur\u0103tor de scen\u0103\u2026 \u0219i regizor tehnic etc. etc. etc. Din 2016 este director artistic al Green Hours JAZZ Fest.\u00a0Este asistent coordonator proiect al \u201eUnfinished Conversations on the Weight of Absence\u201d \u2013 participarea Rom\u00e2niei la cea de-a 58-a Expozi\u021bie Interna\u021bional\u0103 de Art\u0103: La Biennale di Venezia, 2019.<\/p>\n<p>\u00cen noiembrie 2019, a debutat cu \u201eSunt aici\u201d, Editura CDPL (Casa de Pariuri Literare), \u201evolum de nepoeme\u201d \u2013 inspirate de Leonard Cohen \u0219i ilustrate de C\u0103t\u0103lina Fl\u0103m\u00eenzeanu\u00a0(nominalizare la Premiul \u201eMihai Eminescu\u201d &#8211; sec\u021biunea Debut).<\/p>\n<p><strong>Radu Ni\u021bescu<\/strong> (n. 1992) a publicat trei volume de poezie: \u201egringo\u201d (2012, Casa de Pariuri Literare) \u201eDialectica ur\u0219ilor\u201d (2016, Casa de editur\u0103 Max Blecher), \u201eSatao\u201d (2020, Casa de editur\u0103 Max Blecher). A publicat poezii \u0219i traduceri \u00een diverse reviste (\u201ePoesis international\u201d, \u201eZona nou\u0103\u201d, \u201eEchinox\u201d, \u201eSteaua\u201d, \u201eSubcapitol\u201d). A avut lecturi \u00een Rom\u00e2nia, Germania, Bulgaria \u0219i Turcia. A participat la mai multe festivaluri de literatur\u0103, cum ar fi \u201ePoets in Transylvania\u201d, \u201ePoezia e la Bistri\u021ba\u201d, FILIT, \u201eSofia: Poetics\u201d, selec\u021bii din poemele sale fiind traduse \u00een englez\u0103, german\u0103, bulgar\u0103, turc\u0103 \u0219i ebraic\u0103. \u00cen 2016 a primit premiul pentru poezie \u00een limba rom\u00e2n\u0103 \u201eNepotu\u2019 lui Thoreau\u201d pentru volumul \u201eDialectica ur\u0219ilor\u201d. \u00cen 2021 a primit Premiul T\u00e2n\u0103rul scriitor al anului 2020 pentru volumul \u201eSatao\u201d.<\/p>\n<p><strong>Ioan Es. Pop\u00a0<\/strong>s-a n\u0103scut la 27 martie\u00a01958, \u00een V\u0103rai, Maramure\u0219.\u00a0Printre\u00a0c\u0103r\u0163ile\u00a0publicate:\u00a0\u201eieudul f\u0103r\u0103 ie\u015fire\u201d,\u00a0Editura Cartea Rom\u00e2neasc\u0103 (CR),\u00a01994, Premiile pentru debut ale Uniunii Scriitorilor din Rom\u00e2nia (USR)\u00a0\u0219i din Republica Moldova;\u00a0\u201eporcec\u201d,\u00a0CR, 1996;\u00a0\u201epantelimon 113 bis\u201d, CR,\u00a01999, Premiul Academiei Rom\u00e2ne,\u00a0Premiul USR, Premiul pentru Poezie al Ora\u0219ului Bucure\u0219ti;\u00a0\u201epetrecere\u00a0de\u00a0pietoni\u201d, Editura Paralela 45, 2003,\u00a0Premiul USR;\u00a0\u201eunelte de dormit\u201d, CR,\u00a02011, Premiul \u201eCartea de Poezie\u00a0a\u00a0Anului\u00a02011\u201d, oferit de\u00a0Funda\u0163ia\u00a0Na\u0163ional\u0103\u00a0pentru \u015etiin\u021b\u0103 \u0219i Art\u0103\u00a0din\u00a0Bucure\u0219ti; Premiul Radio\u00a0Rom\u00e2nia\u00a0Cultural; Premiul Asocia\u0163iei Scriitorilor din Bucure\u0219ti;\u00a0\u201e1983. mar\u015f\/2013.\u00a0Xanax\u201d, Editura Charmides, 2013;\u00a0\u201earta fricii\u201d, Editura Charmides, 2016,\u00a0Premiul \u201eScriitorul lunii iulie 2016\u201d\u00a0al USR \u2013 Filiala Ia\u0219i. A fost laureatul primei edi\u0163ii (2009) a\u00a0Premiilor\u00a0Niram\u00a0Art de la Madrid.<\/p>\n<p>Radiodifuziunea Suedez\u0103 l-a desemnat\u00a0Poetul\u00a0Lunii\u00a0August 2010. Uniunea Scriitorilor din Republica Moldova i-a\u00a0acordat, \u00een 2012, Premiul \u201ePrim\u0103vara European\u0103 a Poe\u0163ilor\u201d. \u00cen 2016,\u00a0la\u00a0Vene\u021bia, Italia, i s-a decernat\u00a0Premiul\u00a0\u201eCiampi\u00a0Valigie Rosse\u201d, pentru volumul\u00a0\u201eUn giorno ci svegliamo vivi\u201d.\u00a0\u00cen\u00a0octombrie\u00a02019, a c\u00e2\u0219tigat\u00a0Marele\u00a0Premiu\u00a0\u201eCununa de Lauri\u201d de\u00a0la\u00a0Alicante\u00a0(Spania), la edi\u021bia a\u00a0noua\u00a0a\u00a0Turnirului de Poezie organizat\u00a0de\u00a0Uniunea\u00a0Scriitorilor din Rom\u00e2nia. \u00cen 2020, i-a ap\u0103rut volumul\u00a0 \u201eun somn pe scaunul electric\u201d, Editurile Tracus Arte \u0219i Charmides.<\/p>\n<p><strong>Bogdan O. Popescu<\/strong>\u00a0s-a n\u0103scut la 8 martie 1971, \u00een Bucure\u015fti. A absolvit \u00een anul 1989 Liceul \u201eGheorghe Laz\u0103r\u201d \u0219i \u00een 1996 Facultatea de Medicin\u0103 a Universit\u0103\u021bii de Medicin\u0103 \u0219i Farmacie \u201eCarol Davila\u201d din Capital\u0103. A sus\u021binut dou\u0103 doctorate: primul referitor la moartea neuronal\u0103, la aceea\u0219i universitate, \u00een anul 2000, \u0219i al doilea, cu o tez\u0103 despre mecanismele fiziopatologice ale bolii Alzheimer, la Institutul \u201eKarolinska\u201d din Stockholm, \u00een anul 2004. Este medic neurolog la Spitalul Clinic Colentina \u0219i profesor universitar la Universitatea de Medicin\u0103 \u0219i Farmacie \u201eCarol Davila\u201d din Bucure\u0219ti. \u00cen anul 2007 a ob\u021binut premiul \u201eVictor Babe\u0219\u201d al Academiei Rom\u00e2ne pentru cercet\u0103ri \u00een domeniul neuro\u0219tiin\u021belor. A debutat \u00een presa literar\u0103 \u00een 1987, \u00een Suplimentul Literar-Artistic al \u201eSc\u00e2nteii Tineretului\u201d (SLAST) \u015fi a publicat, dup\u0103 aceea, \u00een numeroase reviste literare. Volume de versuri publicate : \u201eLa revedere, prin\u0163es\u0103\u201d, Editura Vinea, 1995, carte distins\u0103 cu Marele premiu \u201eIon Vinea\u201d pentru debut literar, \u201eMarf\u0103\u201d (antologie colectiv\u0103, \u00eempreun\u0103 cu Dan Mircea Cipariu, Florin Dumitrescu, Sorin Ghergu\u0163 \u015fi Dan Ple\u015fa), Editura Salut, 1996, \u201ePoemul de gard\u0103\u201d, Editura Celsius, 1999, \u201ePisica neagr\u0103, pisica moart\u0103\u201d (\u00eempreun\u0103 cu Traian T. Co\u015fovei), Editura Crater, 2001, \u201eLeul de dup\u0103 extravagan\u0163e\u201d, Editura Cartea Rom\u00e2neasc\u0103, 2002, \u201eMa\u015fin\u0103ria de uitare\u201d, Editura Na\u0163ional, 2004, \u201ePoeme \u00een loc de tutun\u201d, Editura Brumar, 2007, EAerobiciclete\u201d, Editura Brumar, 2010 (premiul ASB pentru poezie, 2011), \u201eCartea dragostei\u201d, Editura Humanitas, 2014. \u00cen anul 2011 a publicat volumul de proz\u0103 scurt\u0103 EVia\u021b\u0103 de aruncat\u201d, la Editura Polirom.\u00a0A fost tradus \u00een suedez\u0103, particip\u00e2nd la antologia de poezie \u201eOm jag inte f\u00e5r tala med n\u00e5gon nu\u201d, Editura Tranan, 2011, \u0219i la antologia de proz\u0103 scurt\u0103 rom\u00e2neasc\u0103 \u201eSkr\u00e4pliv\u201d, Editura 2244, 2013. Este membru al Uniunii Scriitorilor din Rom\u00e2nia din 2002.<\/p>\n<p><strong>Dan Ple\u0219a<\/strong><strong>.<\/strong>\u00a0Editor, scriitor \u0219i jurnalist cultural. A absolvit Academia de Teatru \u0219i Film \u2013 specializarea scenaristic\u0103 \u0219i critic\u0103 de film. A activat \u00een pres\u0103 \u0219i peste zece ani la o cas\u0103 de discuri ca produc\u0103tor. Se num\u0103r\u0103 printre fondatorii Editurii Vellant \u0219i al revistei de proz\u0103 scurt\u0103 \u201eiocan\u201d \u2013 singura revist\u0103 de proz\u0103 scurt\u0103 din Rom\u00e2nia care apare \u00een format tip\u0103rit. \u00cen ultimii ani a scris \u0219i a realizat interviuri cu persoanit\u0103\u021bi ale vie\u021bii culturale rom\u00e2ne\u0219ti pentru platforma cultural\u0103 Art7 \u0219i pentru proiectul multimedia \u201eCercul\u201d. A publicat \u00een diverse periodice \u0219i volumele: poezie:\u00a0\u201e<em>Marf\u0103\u201d<\/em>\u00a0\u2013 (antologie de grup) 1996 (\u00eempreun\u0103 cu Bogdan O Popescu, Dan Mircea Cipariu, Sorin Ghergu\u021b \u0219i Florin Dumitrescu<em>),\u00a0<\/em>\u201e<em>Marf\u0103 re\u00eenc\u0103rcat\u0103\u201d<\/em>\u00a0(antologie de grup) 2011 (\u00eempreun\u0103 cu Bogdan O. Popescu, Dan Mircea Cipariu, Sorin Ghergu\u021b \u0219i Florin Dumitrescu), A participat la scrierea celui mai rapid roman din lume, al\u0103turi de al\u021bi 51 de scriitori (record omologat de guinees book) \u2013 \u201eMo\u0219 Cr\u0103ciun &amp; co\u201d, 2012. Proz\u0103 scurt\u0103 publicat\u0103 \u00een antologiile\u00a0\u201e<em>Prima dat\u0103\u201d<\/em><em>\u00a0<\/em>\u0219i<em>\u00a0<\/em><em>\u201eCum iubim\u201d<\/em><em>.<\/em> A fost curator al expozi\u021biilor: \u201eBeing George Ro\u0219u \/ George Ro\u0219u\u201d, \u201eImaginarium Fotograficus \/Cristina \u0218oiman\u201d, \u201eTraversare\/Daniel B\u0103l\u0103nescu\u201d.<\/p>\n<p><strong>Livia Ro\u015fca<\/strong>\u00a0(Lucan-Arjoca) este scriitor, specialist \u00een comunicare, pre\u015fedinte al asocia\u0163iei 7 ARTE, blogger Adevarul.ro, formator acreditat \u015fi autor premiat de Uniunea Scriitorilor din Rom\u00e2nia pentru volumul de debut \u00een poezie, \u201eRuj pe icoane\u201d. A publicat: volumul de poezie \u201eRuj pe icoane\u201d, Ed. Cartea Romaneasca, 2006 \u2013 Premiul Uniunii Scriitorilor din Romania pentru debut (2006), Premiul Asocia\u0163iei Scriitorilor Bucure\u015fti (2006), Premiul Na\u0163ional \u201eMihai Eminescu\u201d, Boto\u015fani, 2006,\u00a0 nominalizat la Premiile pentru debut ale revistei \u201eRom\u00e2nia Literar\u0103\u201d si la Premiul pentru debut al Funda\u0163iei \u201eAnonimul\u201d 2006. Volumul de poezie \u201e1+1&gt;2\u201d, Editura Charmides, 2016. Este prezent\u0103 \u00een antologia de poezie \u201eLiteratura poten\u0163ial\u0103\u201d, Ed. Vinea, 2007, \u00een antologia de poezie \u201eUltima genera\u0163ie, primul val\u201d, Ed. Muzeul Literaturii Romane, 2006, \u00een antologia de poezie \u201eDragostea este pe 14 februarie\u201d, Ed. Vinea, 2010; \u00een antologia de eseuri \u201eCele patru dimensiuni ale feminit\u0103\u0163ii rom\u00e2ne\u015fti\u201d, Ed. Neverland, 2010. Lecturi publice \u00een cadrul unor festivaluri: Ziua Mondial\u0103 a Poeziei, martie 2012; Maratonul de Poezie la Feminin, Bra\u015fov, 2013; Strada de C\u2019Arte, 2013, Bcure\u015fti, 2013; Festivalul Interna\u021bional de Poezie Bucure\u0219ti, T\u00e2rgul Na\u021bional al C\u0103r\u021bii de Poezie, 2015; Strada de C\u2019Arte, Bucure\u015fti, 2015; Festivalul Interna\u021bional de Poezie Bucure\u0219ti, 2016. Livia Lucan-Arjoca are o carier\u0103 de peste 10 ani \u00een industria comunic\u0103rii. Timp de 4 ani a fost editor specializat pe domeniile s\u0103n\u0103tate \u015fi parenting pentru publica\u021biile \u201eAdevarul\u201d, \u201eAdevarul S\u0103natate\u201d, \u201eAdevarul de Sear\u0103\u201d \u015fi editor on-line pentru website-urile asociate acestor publica\u0163ii. Din 2011 este specialist \u00een marketing \u015fi comunicare. \u00cen acest moment este specialist \u00een comunicare la o editur\u0103 \u0219i pre\u0219edinte al Asocia\u021biei 7 ARTE.\u00a0 \u00cen 2015, \u00een cadrul asocia\u0163iei 7 ARTE, Livia a ini\u021biat proiectul smARTkid, care consta \u00een ateliere educative, creative \u015fi recreative pentru copii \u015fi tineri. Este antrenor de creativitate pentru atelierele smARTkid de scriere creativ\u0103, storytelling, lectur\u0103, jurnalism \u015fi blogging organizate de Asocia\u021bia 7 ARTE.<\/p>\n<p><strong>Adrian Suciu<\/strong>\u00a0s-a n\u0103scut la 21 decembrie 1970, N\u0103s\u0103ud. Absolvent de Litere, la Cluj \u015fi de tot felul de cursuri, \u0219coli \u0219i stagii postuniversitare \u015fi de perfec\u0163ionare prin \u0163ar\u0103 \u015fi peste grani\u0163e. De-a lungul vremii, \u00eentr-o poeticeasc\u0103 succesiune, a schimbat tot felul de meserii \u015fi func\u0163iuni \u00eencerc\u00e2nd s\u0103 performeze \u00een fiecare dintre ele, cu b\u0103nuiala c\u0103 din literatur\u0103 nu se poate tr\u0103i dec\u00e2t prost: miner, electrician, bi\u015fni\u0163ar, profesor, ziarist, tehnician maseur, consilier de imagine, func\u0163ionar parlamentar, func\u021bionar guvernamental.\u00a0 Evident, lista va continua. C\u0103r\u0163i publicate:\u00a0\u201eE toamn\u0103 printre femei \u015fi \u00een lume, versuri, Ed. Echinox, Cluj, 1993; \u201eSingur, versuri\u201d, Ed. Euphorion, Sibiu, 1996;\u00a0\u201eNop\u0163i \u015fi zile\u201d, versuri, Ed. Arhipelag, T\u00e2rgu-Mure\u015f, 1999;\u00a0\u201eDin anii cu secet\u0103\u201d, versuri, Ed. Grinta, Cluj, 2005;\u00a0\u201eSex cu femei\u201d, roman, Ed. Tritonic, Bucure\u015fti, 2008;\u00a0\u201eVia\u0163a f\u0103r\u0103 urm\u0103ri\u201d, versuri, Ed. Brumar, Timi\u015foara, 2010; \u201eMitologii am\u00eenate\u201d, versuri, Ed. Herg Benet, Bucure\u0219ti, 2011;\u00a0\u201eUn roman de rahat\u201d, roman, Ed. Tritonic, Bucure\u0219ti, 2013;\u00a0\u201eProfetul popular\u201d, versuri, Ed. Tracus Arte, Bucure\u0219ti, 2015. Prezent \u00een numeroase antologii literare \u00een \u0163ar\u0103 \u015fi str\u0103in\u0103tate, c\u0103rora nu a fost curios s\u0103 le fac\u0103 o inventariere exhaustiv\u0103. Tradus \u00een ebraic\u0103, englez\u0103, francez\u0103, german\u0103, italian\u0103, maghiar\u0103, occitan\u0103 \u0219i \u00een alte limbi. \u00a0\u00cen calitate de c\u00e2\u015ftig\u0103tor a tot felul de premii literare, inclusiv unele acordate de USR, ceea ce reprezint\u0103 cirea\u0219a de pe tort, cere oficial \u0219i degeaba o subven\u021bie de la Ministerul Culturii pentru acoperirea costurilor de depozitare a nenum\u0103ratelor diplome l\u0103sate deja prin testament statului rom\u00e2n. \u00cen calitate de editor \u0219i pre\u0219edinte al\u00a0Asocia\u021biei Culturale \u201eDirec\u021bia 9\u201d,\u00a0a publicat o gr\u0103mad\u0103 de c\u0103r\u021bi de poezie mi\u0219to ale altora \u0219i a organizat tot felul de evenimente literare la care nu s-a scorojit varul pe pere\u021bi de plictiseal\u0103. Restul e istorie&#8230;<\/p>\n<p><strong>Robert \u015eerban <\/strong>(1970) este scriitor \u0219i jurnalist. Pre\u0219edintele Festivalului Interna\u021bional de Literatur\u0103 de la Timi\u0219oara, redactor al revistei Orizont, publicist-comentator al revistei <em>Banatul<\/em> <em>Azi<\/em> \u0219i realizatorul emisiunii culturale de televiziune \u201ePiper pe limb\u0103\u201d (TVR Timi\u0219oara \u0219i TVR 3).<\/p>\n<p>C\u0103r\u021bi publicate: \u201eFire\u015fte c\u0103 exagerez\u201d (Ed. Excelsior, poezie, 1994, Premiul de debut al Uniunii Scriitorilor din Rom\u00e2nia), \u201eOdyssex\u201d (Ed. Marineasa, poezie, 1996), \u201ePiper pe limb\u0103\u201d (Ed. Brumar, interviuri, 1999, Premiul Filialei Timi\u015foara a USR), \u201ePe urmele marelui fluviu\u201d (Ed. Funda\u0163iei Pro, coautor, poezie \u015fi proz\u0103, 2002), \u201eTimi\u015foara \u00een trei prieteni\u201d (Brumar, coautor, \u00eempreun\u0103 cu Dan Mircea Cipariu \u015fi Mihai Zgondoiu, poezie, 2003, Premiul \u201ePoesis\u201d), \u201eA cincea roat\u0103\u201d (Ed. Humanitas, interviuri, 2004, Premiul Filialei din Timi\u015foara a USR), \u201eBarzaconii \/ Anus dazumal\u201d (Ed. Hartmann, proz\u0103, 2005), \u201eCinema la mine-acas\u0103\u201d (Ed. Cartea Rom\u00e2neasc\u0103, poezie, 2006, Premiul \u201eObservator cultural\u201d, Premiul Filialei Timi\u015foara a USR; edi\u0163ia a II-a, Ed. Tracus Arte, 2019), \u201eAth\u00e9n\u00e9e\u00a0 Palace Hotel\u201d (Brumar, teatru, coautor, \u00eempreun\u0103 cu Alexander Hausvater, 2007), \u201eOchiul cu strea\u015fin\u0103\u201d (Ed. Tritonic, publicistic\u0103, 2007), \u201eO c\u0103ru\u0163\u0103 \u00eenc\u0103rcat\u0103 cu nimic\/ Ein karren beladen mit nichts\u201d (Ed. Brumar, poezie, coautor, \u00eempreun\u0103 cu Ioan Es. Pop \u015fi Peter Sragher, 2008),\u00a0 \u201eMoartea parafin\u0103\u201d (Ed. Cartea Rom\u00e2neasc\u0103, poezie, 2010, Premiul \u201eLuceaf\u0103rul de diminea\u0163\u0103\u201d, Premiul Filialei Timi\u015foara a USR), \u201eNara\u0163iunea de a fi. Robert \u015eerban \u00een dialog cu \u015eerban Foar\u0163\u0103\u201d (Humanitas, 2013), \u201eGura p\u0103c\u0103tosului. Dialog cu Valeriu Armeanu\u201d (Brumar, 2014), \u201eTimi\u0219oara. [20]\u00a0Arti\u0219ti ai Genera\u021biei\u00a0\u201980\u201d\u00a0(Funda\u021bia \u201eInterart Triade\u201d, critic\u0103 de art\u0103, 2015), \u201ePu\u021bin sub linie\u201d (Cartea Rom\u00e2neasc\u0103, poezie, 2015, Premiul pentru poezie al Radio Rom\u00e2nia Cultural, Premiul \u201eAteneu\u201d, Premiul Filialei Timi\u0219oara a USR), \u201eLivius Cioc\u00e2rlie. Uneori \u00eemi vine s\u0103 r\u00e2d. Dialoguri de Robert \u0218erban\u201d (Brumar, 2015), \u201eLa Tolce Vita. Robert \u0218erban \u00een dialog cu Marcel Tolcea\u201d, (Ed. Universit\u0103\u0163ii de Vest, 2016), \u201eVorbesc \u00een g\u00e2nd, cu voce tare. Dialog de un cristian\u201d (Ed. Casa de Pariuri Literare, 2016), \u201eAscuns \u00een transpren\u021b\u0103\u201d (Ed. Polirom, poezie, \u00eempreun\u0103 cu Pavel Vere\u0219 \u2013 digital art, 2017), \u201eProzator din sil\u0103. Viorel Marineasa \u00een dialog cu Robert \u0218erban\u201d (Casa de Pariuri Literare, 2017), \u201eTata, eu glumesc serios! \u2013 Tudor \u0218erban la vorb\u0103 cu Robert \u0218erban\u201d (Polirom, 2018), \u201eCele patru aripi ale bunicii\u201d (Ed. Cartier, 2018), \u201eTehnici de camuflaj\u201d (Tracus Arte, poezie, 2018, Premiul pentru poezie agen\u0163iadecarte.ro).<\/p>\n<p>C\u0103r\u021bi de poezie publicate \u00een str\u0103in\u0103tate: \u201eHeimkino, bei mir\u201d (Pop Verlag, Germania, 2009), \u201e\u0411\u0438\u043e\u0441\u043a\u043e\u043f \u0443 \u043c\u043e\u0458\u043e\u0458 \u043a\u0443\u0452\u0438\/ Cinema la mine-acas\u0103\u201d (Ed. Meridijani, Serbia, 2010), \u201eIllatos kopors\u00f3\u201d (Ed. L&#8217;Harmattan, Ungaria, 2012), \u201eFeintod\u201d (Pop Verlag, Germania, 2018), \u00a0\u201eNah an der G\u00fcrtellinie\u201d (Pop Verlag, 2018), \u201eEin pl\u00f6tzlich erl\u00f6ster Gl\u00fccksritter\u201d (Pop Verlag, 2018), \u201eAzbest\u201d (Ed. Agora, Serbia, 2019). \u00cen 2015, a publicat, \u00een limba francez\u0103, \u201eLa mort parafinne\u201d (Vinea Editions, edi\u0163ia a II-a, 2019).<\/p>\n<p><strong>Olga \u015etefan<\/strong>\u00a0(n. 1988, Hunedoara) a absolvit Facultatea de Litere din Cluj-Napoca \u0219i este profesoar\u0103 de limba \u0219i literatura rom\u00e2n\u0103 la Liceul Teoretic \u201eMihai Eminescu\u201d din Cluj-Napoca. \u00cen 2019, a ob\u021binut titlul de doctor \u00een \u0218tiin\u021bele filologiei. Debutul s\u0103u asumat \u00een poezie este volumul\u00a0\u201e<em>Toate ceasurile\u201d<\/em>\u00a0(Vinea, 2006). Acesta a fost urmat, la un deceniu distan\u021b\u0103, de\u00a0\u201e<em>Saturn, <\/em><em>zeul\u201d<\/em>(Charmides, 2016) \u0219i\u00a0\u201e<em>Charles Dickens\u201d<\/em>\u00a0(frACTalia, 2017). \u00cen 2020, a publicat volumul\u00a0\u201e<em>Civiliza\u021bii\u201d\u00a0<\/em>(Editura Paralela 45). \u00cen 2018 \u0219i 2020, volumele ei au fost nominalizate la Premiile \u201eSofia N\u0103dejde\u201d pentru literatur\u0103 scris\u0103 de femei. Selec\u021bii din poezia sa au fost traduse \u00een greac\u0103 \u0219i publicate \u00een\u00a0\u201e<em>Antologia tinerilor poe\u021bi\u201d<\/em>\u00a0(Editura Vakxikon, 2019). Este prezent\u0103 \u00een mai multe antologii publicate \u00een Rom\u00e2nia. \u00cen anul 2021, la Gala Tinerilor Scriitori, a primit Premiul <strong>T\u00e2n\u0103rul poet al anului 2020 pentru volumul \u201e<\/strong><strong>Civiliza\u021bii\u201d,\u00a0 Editura Paralela 45. <\/strong>Volumul \u201eCiviliza\u021bii\u201d este nominalizat la categoria \u201ePoezie\u201d a Premiilor \u201eObservator Cultural\u201d. Este c\u00e2\u0219tig\u0103toarea sec\u021biunii de poezie a Reziden\u021bei \u201eCititori pentru scriitori\u201d, oferite de C\u0103rture\u0219ti, cu proiectul unui volum care va ap\u0103rea la Casa de Editur\u0103 \u201eMax Blecher\u201d.<\/p>\n<p><strong>Gabriela Toma<\/strong>\u00a0(n. 1981) a debutat cu volumul\u00a0\u201eC\u00e2ntecul geam\u0103nului\u201d<em>\u00a0<\/em>(Editura Humanitas, 2009). Din 2006 a c\u0103l\u0103torit \u0219i a explorat numeroase culturi din Europa \u0219i din America Latin\u0103. Spa\u021biul cultural care a avut cel mai mare impact asupra sa a fost Mexicul, pe care l-a vizitat de trei ori \u0219i unde sper\u0103 s\u0103 se \u00eentoarc\u0103. Aici, a realizat interviuri \u0219i a participat la ceremoniile prehispanice de cultur\u0103 nahua din Mexicul actual. Este pasionat\u0103 de educa\u021bia non-formal\u0103, dialog intercultural \u0219i storytelling. \u00cen prezent, coordoneaz\u0103\u00a0proiecte interculturale \u0219i de educa\u021bie muzeal\u0103 la MNLR,\u00a0printre care Festivalul cultural latino-american \u0219i\u00a0Atelierele Thomasinei. Lecturi publice: Cenaclul Euridice, Institutul Blecher, Noche Bohemia \u0219i Libr\u0103ria La Ruenca de Gandhi (Xalapa, Veracruz), Primer Encuentro International de Mujeres Poetas en la Cuenca de Papaloapan (Tuxtepec, Mexic).<\/p>\n<p><strong>Tudor Voicu<\/strong>\u00a0s-a n\u0103scut \u00een data de 29 aprilie 1988, la Bucure\u0219ti. A publicat poezii \u0219i cronici de carte \u00een revistele \u201eTribuna\u201d, \u201eSintagme Literare\u201d, \u201eAntares\u201d, \u201eActualitatea literar\u0103\u201d, \u201eUrmuz\u201d, \u201eNew York Times Magazine\u201d, \u201eCenaclul de la P\u0103ltini\u0219\u201d \u0219i \u00een antologiile \u201ePoemia\u201d, \u201eSolda\u021bi \u00een Pia\u021ba Soarelui\u201d, \u201e5X5+5 Poe\u021bi vii\u201d, \u201ePoetArt 100\u201d. I s-au tradus texte \u00een limbile englez\u0103, francez\u0103 \u0219i arab\u0103. \u00cen 2016, la Editura Tracus Arte, \u00een\u00a0<em>Colec\u021bia \u201eCo\u0219ovei\u201d<\/em>, i-a ap\u0103rut volumul de debut \u201esticle goale fiare vechi\u201d (imagine copert\u0103: Traian T. Co\u0219ovei, \u201eMic animal marin lipsit de afec\u021biune\u201d), volum c\u00e2\u0219tig\u0103tor al Premiului Na\u021bional pentru debut \u00een poezie \u201eTraian T. Co\u0219ovei\u201d, premiu acordat de c\u0103tre Editura Tracus Arte \u00een colaborare cu Asocia\u021bia Cultural\u0103 \u201eDirec\u021bia 9\u201d \u0219i Agen\u021biadeCarte.ro, \u00een anul 2015. Este organizator \u0219i moderator al cenaclurilor \u201eCenaclul 9\u201d \u0219i \u201eBoema 9\u201d, care se desf\u0103\u0219oar\u0103 sub egida Asocia\u021biei culturale \u201eDirec\u021bia 9\u201d.\u00a0\u00cen prezent este redactor Agen\u021biadeCarte.ro \u0219i student \u00een anul II la Facultatea de Litere, Specializarea Comunicare \u0219i Rela\u021bii Publice, Universitatea din Bucure\u0219ti. Din 2019 este membru al Societ\u0103\u0163ii de Gestiune a Drepturilor de Autor\u00a0<a href=\"http:\/\/www.operascrisa.ro\/\">www.operascrisa.ro<\/a>, iar din 2020 membru al Uniunii Ziari\u0219tilor Profesioni\u0219ti din Rom\u00e2nia.<\/p>\n<p><strong>Elena Vl\u0103d\u0103reanu<\/strong>\u00a0(n. 1981) este scriitoare \u0219i jurnalist\u0103, tr\u0103ie\u0219te \u0219i lucreaz\u0103 \u00een Bucure\u0219ti.<\/p>\n<p>A debutat cu poezie \u00een 2001-2002; de atunci, a publicat mai multe volume de versuri, printre care\u00a0\u201espa\u0163iu privat. a handbook\u201d\u00a0(Cartea Rom\u00e2neasc\u0103, 2009, cu desene de Dan Perjovschi),\u00a0\u201eNon Stress Test\u201d\u00a0(Casa de Pariuri Literare, 2016),\u00a0\u201eBani. Munc\u0103. Timp liber\u201d\u00a0(Nemira, 2017),\u00a0\u201eminunata lume disney\u201d\u00a0(Nemira, 2019). Texte de diferite genuri \u2013 poezie, proz\u0103, dramaturgie \u2013 i-au ap\u0103rut \u00een mai multe antologii, \u00een Rom\u00e2nia \u0219i \u00een str\u0103in\u0103tate. \u00cen teatru, a colaborat cu Robert B\u0103lan la mai multe proiecte performative. Cel mai recent volum publicat este \u201eAugust\u201d (Editura Nemira, 2021), proz\u0103 scurt\u0103.<\/p>\n<p>***<\/p>\n<p><strong>Dan Mircea Cipariu\u00a0<\/strong>(n\u0103scut la 7 septembrie 1972, Bucure\u0219ti), licen\u021biat al Universit\u0103\u021bii Bucure\u0219ti, Facultatea de Jurnalism \u0219i \u0218tiin\u021bele Comunic\u0103rii, scriitor, jurnalist \u0219i manager de proiecte \u0219i programe culturale. A debutat \u00een presa literar\u0103 \u00een 1988 (SLAST), iar editorial, \u00een 1999, cu volumul\u00a0\u201eHai s\u0103 ne-nt\u00e2lnim pe site s\u00e2mb\u0103t\u0103 seara\u201d<em>\u00a0<\/em>(Editura Libra). \u00cen 2007, volumul s\u0103u de poeme\u00a0\u201eTsunami\u201d\u00a0(Editura Brumar, 2006) a primit Premiul Asocia\u021biei Scriitorilor din Bucure\u0219ti. \u00cen 2008, a ini\u021biat \u0219i coordonat proiectul \u201eScriitori pe Calea Regal\u0103\u201d, iar din 2009 p\u00e2n\u0103 \u00een prezent, proiectul \u201eMaratonul de Poezie \u0219i Jazz\u201d. \u00centre 2011 \u0219i 2019, de Ziua Culturii Na\u021bionale, a ini\u021biat \u0219i coordonat proiectul \u201eGala Tinerilor Scriitori\/ Cartea de poezie a anului\u201d. Este fondatorul \u0219i pre\u0219edintele asocia\u021biei Euro Culturart, ce de\u021bine o galerie dedicat\u0103 tinerilor arti\u0219ti vizuali din Europa \u2013 \u201eAtelier 030202\u201d, coordonat\u0103 de artistul vizual Mihai Zgondoiu. Este editorul www.agen\u021biadecarte.ro, spa\u021biu virtual \u00een care sunt prezentate la zi evenimentele de carte \u0219i art\u0103. Este pre\u0219edintele Opera Scris\u0103.Ro, societate de gestiune a drepturilor de autor. Volumul s\u0103u\u00a0\u201esingur\u0103tatea vine pe facebook\u201d, publicat \u00een anul 2012, la Editura Tracus Arte din Bucure\u0219ti, este considerat de editorul Cosmin Per\u021ba \u201eunul dintre cele mai bune volume de poezie ale anului 2012 \u0219i nu numai\u201d. \u00cen 2020, a primit titlul de doctor \u00een filologie pentru lucrarea \u201eTipare ale imaginii poetice\u201d, sub coordonarea prof. univ. dr. Silviu Angelescu, la \u0218coala Doctoral\u0103 a Facult\u0103\u021bii de Litere, Universitatea din Bucure\u0219ti.<\/p>\n<p><strong>Ioan Cristescu\u00a0(n. 1965)\u00a0<\/strong>este directorul Muzeului Na\u021bional al Literaturii Rom\u00e2ne din Bucure\u0219ti, profesor univ. dr. la Universitatea Hyperion din Bucure\u015fti, specializat \u00een Istoria teatrului universal, fondator al Editurii Tracus Arte, pre\u0219edintele Asocia\u021biei Publica\u021biilor Literare \u0219i Editurilor din Rom\u00e2nia. Coordonator al mai multor proiecte culturale, literare \u0219i artistice de anvergur\u0103 na\u021bional\u0103 \u0219i interna\u021bional\u0103: \u201eTeatru la Muzeu\u201d \u2013 produc\u0163ie de spectacole pe texte de Matei Vi\u015fniec \u2013 regia Mircea Marin;\u00a0\u201e<em>Ioan Flora\u201d<\/em>\u00a0\u2013 regia Alexandru Dabija;\u00a0\u201e<em>Drumul spre Momfa\u201d<\/em>, \u00een colaborare cu Teatrul Na\u0163ional din Cluj, regia Mihai M\u0103niu\u0163iu;\u00a0\u201e<em>Negu\u0163\u0103torul de ochelari\u201d<\/em>, regia Dan Tudor; coordonator al \u201eSerilor de poezie \u015fi muzic\u0103 ale MNLR\u201d \u2013 lecturi publice ale poe\u0163ilor contemporani \u00eenso\u0163ite de muzic\u0103 \u2013 60 de edi\u0163ii; director al Festivalului anual de jazz \u201eJazzy Spring\u201d, Bucure\u015fti \u2013 3 edi\u0163ii \u2013, \u00eempreun\u0103 cu Mircea Tiberian; realizatorul proiectului \u201e10 ani de la vizita Papei Ioan Paul al II-lea \u00een Rom\u00e2nia\u201d \u2013 expozi\u0163ie vernisat\u0103 \u00een 15 ora\u015fe din Rom\u00e2nia; realizatorul proiectului \u201eComedia rom\u00e2neasc\u0103\u201d \u2013 momente \u015fi schi\u0163e: realizator de expozi\u0163ii de anvergur\u0103 na\u0163ional\u0103 \u015fi interna\u0163ional\u0103: expozi\u0163ia-eveniment \u201eEli Lotar (1905 \u2013 1969)\u201d, , \u00een parteneriat cu Centrul Pompidou \u0219i Jeu de Paume; \u201eG\u00e9nica Athanasiou: muz\u0103 \u0219i partener\u0103 a lui Antonin Artaud\u201d, \u00een parteneriat cu Institutul Francez; \u201ePaul Celan \u2013 dimensiunea rom\u00e2neasc\u0103\u201d; \u201eMarin Sorescu\u201d, \u201eNichita St\u0103nescu, frumos ca umbra\u00a0 unei idei\u201d; \u00a0\u015ecoala ardelean\u0103 \u2013 iluminismul rom\u00e2nesc\u201d etc. Coproduc\u0103tor al Maratonului de Poezie \u015fi Jazz; ini\u021biatorul Festivalului Interna\u021bional de Poezie Bucure\u0219ti; coordonatorul Festivalului Capitalelor Na\u0163iunilor Centenare. A debutat editorial cu volumul\u00a0\u201e<em>Dramaturgia lui Radu Stanca\u201d<\/em>, Editura Muzeul Literaturii Rom\u00e2ne (2011), volum distins cu Premiul de debut al Asocia\u0163iei Scriitorilor din Bucure\u015fti. \u00cen preg\u0103tire:\u00a0\u201e<em>Resurec\u0163ia oratoriei \u015fi antiteatrul\u201d<\/em><em>.<\/em><\/p>\n<p><strong>Maria R\u0103ducanu<\/strong>\u00a0este \u201eo apari\u0163ie f\u0103r\u0103 precedent \u2013 sunetul ei pur nu se aseam\u0103n\u0103 cu sunetul nim\u0103nui, de\u015fi ea c\u00e2nt\u0103 melodiile Mariei T\u0103nase, dar \u015fi alte c\u00e2ntece din folclorul rom\u00e2nesc, dar \u015fi fado-ul portughez \u015fi c\u00e2ntecele de jale \u015fi bucurie, \u00een alte limbi, posed\u00e2nd geniul de <em>a c\u00e2nta<\/em> \u00een diferite dialecte, de a fraza limba ca un poet. \u015ei <em>coregrafia<\/em> ei este pur\u0103 \u015fi personal\u0103, o siluet\u0103 amintind <em>Rug\u0103ciunea<\/em> lui Br\u00e2ncu\u015fi, medit\u00e2nd prin c\u00e2ntec \u00een fa\u0163a Providen\u0163ei, pun\u00e2ndu-se \u00een genunchi f\u0103r\u0103 s\u0103 ating\u0103 podeaua, parca <em>levit\u00e2nd<\/em> ca sfin\u0163ii ridica\u0163i de Duhul Sfant. Dar Maria R\u0103ducanu, <em>fata de la Hu\u015fi<\/em>, a studiat mai \u00eent\u00e2i Literatura \u015fi Filologia \u015fi numai dup\u0103 aceea s-a afirmat \u00een Muzic\u0103, t\u0103lm\u0103cind muzica tradi\u0163ional\u0103 rom\u00e2neasc\u0103 \u00eentr-un fel unic. (\u2026)\u2026acea stare psihic\u0103 \u015fi fizic\u0103 plin\u0103 de armonie care m\u0103 face s\u0103 m\u0103 g\u00e2ndesc nu numai la Orfeu \u015fi la arta \u015famanilor, dar \u015fi la c\u00e2ntecul ielelor (care exist\u0103 \u015fi \u00een folclorul suedez \u015fi e \u0163inut\u0103 la mare cinste), la c\u00e2ntecul \u015fi la dansul lor \u00een cerc. Acestea au darul de a-i vr\u0103ji pe cei care ascult\u0103 \u015fi v\u0103d, cre\u00e2nd acea stare de suflet vindec\u0103toare pe care grecii au numit-o katharsis.\u201d, a scris Gabriela Melinescu.<\/p>\n<p><strong>Mike Godoroja<\/strong>\u00a0a c\u00e2ntat \u00een mai multe forma\u0163ii ca MIKE GODOROJA &amp; BLUE SPIRIT, DOUBLE\u00a0FANTASY, BLUE SPIRIT \u015f.a. \u015fi se bucur\u0103 de o bogat\u0103 activitate discografic\u0103, \u00een cadrul c\u0103reia amintim albume ca \u201eHippie cu diamante\u201d, \u201eBalkanic zeppelin\u201d, \u201eCapra Vecinului\u201d etc. Cunoscut realizator de\u00a0emisiuni radio \u015fi televiziune de profil blues, jazz \u015fi rock, produc\u0103tor artistic pentru spectacole de jazz, Mike Godoroja a produs \u015fi albume ale unor importan\u0163i arti\u015fti ca Johnny R\u0103ducanu, Iris, Mircea Tiberian, Felicia Filip etc.\u00a0<strong><em>Mike Godoroja<\/em><\/strong>\u00a0este un cunoscut realizator de televiziune profil blues, jazz \u015fi rock, precum \u015fi un foarte bun artist care, al\u0103turi de formatia sa Blue Spirit (Vali V\u0103tuiu, Alex Vi\u015fan, Alex Davidescu, Mihai Alexandru Tacoi), este considerat unul dintre cei mai importan\u0163i piloni ai blues-ului autohton.<strong>\u00a0<\/strong>Alex Vi\u015fan este un foarte talentat improvizator cu un sim\u0163 aparte al sound-ului \u015fi st\u0103p\u00e2n pe mijloacele de expresie. Vali V\u0103tuiu este un tobo\u015far care pune mult suflet \u00een ceea ce face \u015fi este un percu\u0163ionist \u00a0dedicat at\u00e2t blues-ului, c\u00e2t \u015fi jazz-ului Mihai Alexandru Tacoi, un muzician complet cu o preg\u0103tire \u00een sfera rock\/blues \u015fi cu o capacitate foarte mare de a trece de la un instrument la altul. Alex Davidescu, un muzician complex cu un simt artistic foarte mare.<\/p>\n<p><strong>Mircea Tiberian<\/strong>\u00a0(pian, compozi\u021bii)\u00a0este compozitor \u015fi pianist de jazz cu o vast\u0103 activitate concertistic\u0103 ce se \u00eentinde pe patru decenii \u015fi include peste 20 de albume discografice ap\u0103rute sub nume propriu, cele mai recente fiind\u00a0\u201ePale Dot\u201d (Fever Records), \u201eRaphael \u015fi Both sizes of the river\u201d (Societatea de concerte Bistri\u0163a). Experien\u0163a artistului s-a extins \u015fi spre aria pedagogiei, fiind actualmente profesor la Universitatea Na\u0163ional\u0103 de Muzic\u0103 din Bucure\u015fti, fondatorul \u015fi coordonatorul sec\u0163iei de Compozi\u0163ie Jazz \/ Muzic\u0103 Pop. Pe l\u00e2ng\u0103 volume de specialitate precum \u201eTehnica Improviza\u0163iei \u00een muzica de jazz\u201d, Mircea Tiberian a scris \u015fi c\u0103r\u0163i care trateaz\u0103 fenomenul muzical \u00een general: \u201eNotes on music and music notes\u201d, \u201eCartea de Muzic\u0103\u201d, \u201eJazz Inside out\u201d \u015fi \u201eSunetul de referin\u0163\u0103\u201d, cea mai recent\u0103 fiind \u201eDomeniul muzical \u2013 o lume cu patru dimensiuni\u201d.\u00a0<strong>Mircea Tiberian<\/strong>\u00a0este unul dintre cei mai cunoscu\u021bi jazzmen rom\u00e2ni ai ultimelor decenii, pianist, utilizator \u015fi de claviaturi electronice, compozitor \u015fi profesor de jazz, autor de c\u0103r\u0163i de specialitate. S-a n\u0103scut la Cluj, \u00een 1955. \u015ei-a petrecut copil\u0103ria \u015fi adolescen\u0163a la Sibiu, iar \u00een 1975 s-a mutat la Bucure\u015fti. \u00cen 1980, a absolvit Conservatorul bucure\u015ftean. A c\u00e2ntat, printre al\u0163ii, al\u0103turi de Larry Coryell, Tomasz Stanko, Herb Robertson, Ed Shuller, Nicholas Simion, Adam Pieronczyk, Maurice de Martin, Theo Jorgensmann,Johnny R\u0103ducanu, Aura Urziceanu, Dan M\u00e2ndril\u0103, Anca Parghel. Printre premiile ob\u0163inute de el se num\u0103r\u0103: Muzicianul Rom\u00e2n al Anului (1987); Premiul Uniunii Compozitorilor pentru compozi\u0163ie de jazz (1990, 1996, 2000); Premiul pentru \u00centreaga Activitate Artistic\u0103 (Asocia\u0163ia de Jazz Napocensis, 2001). Discografia sa cuprinde: \u201eMagic Bird\u201d, \u201eNever Ending Story\u201d, \u201eWorking Underground\u201d, \u201eAlone in Heaven\u201d, \u201eHotel of Three Beginnings\u201d, \u201eBack To My Angel\u201d, \u201eEleven\u201d, \u201eVia\u0163a lumii\u201d \u015fi \u201eTrei lumini\u201d. Acestora li se mai adaug\u0103 patru discuri \u00eempreun\u0103 cu grupul \u201eInterzone\u201d, al c\u0103rui co-leader este, al\u0103turi de Maurice de Martin.<\/p>\n<p><strong>Anamaria Sp\u0103taru\u00a0<\/strong>este \u00een colectivul Radio Rom\u00e2nia din anul 2000. A ob\u021binut licen\u021ba \u00een jurnalism la Universitatea \u201eLucian Blaga\u201d din Sibiu \u0219i are un master \u00een antropologie cultural\u0103 \u0219i dezvoltare comunitar\u0103 la Facultatea de Sociologie din cadrul Universit\u0103\u021bii Bucure\u0219ti. A colaborat cu materiale culturale la mai multe posturi precum: Radio Rom\u00e2nia Actualita\u021bi, Radio Rom\u00e2nia Interna\u021bional, Radio Rom\u00e2nia Tineret \u0219i de mai mul\u021bi ani face parte din echipa postului Radio Rom\u00e2nia Cultural \u00een calitate de realizator de emisiuni. Fluxurile la care contribuie constant \u00een aceast\u0103 perioad\u0103 sunt \u201eN\u0103scut \u00een Rom\u00e2nia\u201d, \u201eAscult\u0103 Vocile de Azi\u201d, \u201ePoezie Rom\u00e2neasc\u0103\u201d, GPS Cultural, Ora\u015ful vorbe\u015fte etc. \u00cen anul 2018 a coordonat campania \u201eCentenarul meu\u201d, \u00een anul 2019, campania\u00a0\u201e30 de ani de Libertate\u201d, \u00een 2020 campania \u201e#acas\u0103\u201d.\u00a0A coordonat activitatea de PR a mai multor turnee na\u0163ionale de muzic\u0103 clasic\u0103 precum \u201ePianul c\u0103l\u0103tor\u201d, \u201eVioara lui Enescu\u201d, \u201eFlautul de Aur\u201d. Colaboreaz\u0103 cu echipa Gaudeamus pentru promovarea t\u00e2rgului \u0219i organizarea unor evenimente \u00een cadrul acestuia. A publicat interviuri \u00een: Revista \u201eCultura\u201d, Revista \u201eEuphonia\u201d,\u00a0 \u201eRom\u00e2nia Liber\u0103\u201d, \u201eAdev\u0103rul\u201d, agentiadecarte.ro<\/p>\n<p>Este produc\u0103tor al\u00a0 evenimentelor culturale \u201eGala Tinerilor Scriitori\u201d \u015fi \u201eMaratonul de poezie si jazz\u201d \u00eenc\u0103 de la primele edi\u0163ii.<\/p>\n<p>&nbsp;<\/p>\n<p><strong>Mihai Zgondoiu\u00a0<\/strong>(n. 1982)\u00a0este artist, curator \u0219i galerist independent cu studii doctorale \u00een domeniul artelor vizuale. \u00cencep\u00e2nd cu anul 2014 pred\u0103 la Universitatea Na\u021bional\u0103 de Arte din Bucure\u0219ti, iar din 2018 (\u00een paralel) la Facultatea de Arte \u0219i Design din Timi\u0219oara. De asemenea, Mihai Zgondoiu a fost ini\u0163iator \u015fi coordonator al galeriei \u201eAtelier 030202\u201d din Bucure\u0219ti (2009 p\u00e2n\u0103 \u00een prezent), co-curator al galeriei \u201egeamMAT\u201d a Muzeului de Art\u0103 din Timi\u0219oara (2012 \u2013 2014) \u0219i Co-Curator al proiectului\u00a0\u201eAtelier \u00een tranzi\u021bie\u201d\u00a0(2009-2013).\u00a0A c\u00e2\u0219tigat Premiul Uniunii Arti\u0219tilor Plastici din Rom\u00e2nia pentru \u201eArt\u0103 \u00een spa\u021biul public\u201d (2017), \u0219i Premiul JCE Contemporary Art Bienalle &#8211; selec\u021bia rom\u00e2neasc\u0103 (2019). \u00cen 2018 a curatoriat expozi\u021bia \u201eUrban Steps\u201d la Muzeul Na\u021bional de Art\u0103 Contemporan\u0103 \u2013 Bucure\u0219ti, iar \u00een\u00a02019, expozi\u021biile \u201eYoung Blood\u201d din Pavilionul Supercontemporan Art Safari \u2013 Bucure\u0219ti \u0219i \u201eElectrecord \u2013 Romania in vinyl covers\u201d din cadrul Festivalului de Art\u0103 Europalia \u2013 Bruxelles. Cele mai recente expozi\u021bii \u00een care a participat sunt: \u201cRe-Conception\u201d, Triennials of Extended Media, Pavilion Cvijeta Zuzoric, Belgrad (2019), \u201cThe Uslan International Woodcut Biennale\u201d, Uslan (2019), \u201cJCE Contemporary Art Bienalle\u201d, \u201cThe Belfry &#8211; Montrouge, Fragments\u201d, BOZAR Centre for Fine Arts, Brussels (2019), \u201cHIT\u201d &#8211; Kanal Centre Pompidou, Brussels (2019), \u0219i \u201cBucharest Artworlds at The Wrong Biennale #4\u201d<em>,\u00a0<\/em>Reziden\u021ba 9<em>,\u00a0<\/em>Bucure\u0219ti (2020).<\/p>\n<p>\u2013<\/p>\n<p>***<\/p>\n<p><strong>Ziua Limbii Rom\u00e2ne<\/strong> se s\u0103rb\u0103tore\u0219te \u00een Rom\u00e2nia la data de 31 august ca urmare a unei ini\u021biative legislative din 2011, votat\u0103 de Parlamentul Rom\u00e2niei prin Legea nr. 53\/2013. \u201eZiua Limbii Rom\u00e2ne\u201c a fost stabilit\u0103, \u00een mod simbolic, la aceea\u0219i dat\u0103 cu s\u0103rb\u0103toarea similar\u0103 instituit\u0103 \u00een anul 1990 \u00een Republica Moldova sub numele \u201eLimba Noastr\u0103\u201c pentru a transmite mesajul c\u0103 limba rom\u00e2n\u0103 este limba vorbit\u0103 nu numai \u00eentre grani\u021bele \u021b\u0103rii, ci \u0219i dincolo de frontiere.<\/p>\n<p>Maratonul poate fi urm\u0103rit aici:<\/p>\n<p><iframe loading=\"lazy\" title=\"Maratonul de Poezie \u0219i Jazz, de Ziua Limbii Rom\u00e2ne \u2013 31 august 2021\" src=\"https:\/\/player.vimeo.com\/video\/595838707?dnt=1&amp;app_id=122963\" width=\"500\" height=\"281\" frameborder=\"0\" allow=\"autoplay; fullscreen; picture-in-picture; clipboard-write\"><\/iframe><\/p>\n<p>&nbsp;<\/p>\n","protected":false},"excerpt":{"rendered":"<p>Mar\u021bi, 31 august 2021, de Ziua Limbii Rom\u00e2ne, \u00eentre orele 16.00-19.00, \u00een Gr\u0103dina MNLR (Strada Nicolae Cre\u021bulescu 8), va avea&#8230;<\/p>","protected":false},"author":8,"featured_media":19759,"comment_status":"closed","ping_status":"closed","sticky":false,"template":"","format":"standard","meta":{"_exactmetrics_skip_tracking":false,"_exactmetrics_sitenote_active":false,"_exactmetrics_sitenote_note":"","_exactmetrics_sitenote_category":0,"footnotes":""},"categories":[9,8],"tags":[],"class_list":["post-19758","post","type-post","status-publish","format-standard","has-post-thumbnail","hentry","category-evenimente","category-recomandari"],"_links":{"self":[{"href":"https:\/\/mnlr.ro\/en\/wp-json\/wp\/v2\/posts\/19758","targetHints":{"allow":["GET"]}}],"collection":[{"href":"https:\/\/mnlr.ro\/en\/wp-json\/wp\/v2\/posts"}],"about":[{"href":"https:\/\/mnlr.ro\/en\/wp-json\/wp\/v2\/types\/post"}],"author":[{"embeddable":true,"href":"https:\/\/mnlr.ro\/en\/wp-json\/wp\/v2\/users\/8"}],"replies":[{"embeddable":true,"href":"https:\/\/mnlr.ro\/en\/wp-json\/wp\/v2\/comments?post=19758"}],"version-history":[{"count":5,"href":"https:\/\/mnlr.ro\/en\/wp-json\/wp\/v2\/posts\/19758\/revisions"}],"predecessor-version":[{"id":20232,"href":"https:\/\/mnlr.ro\/en\/wp-json\/wp\/v2\/posts\/19758\/revisions\/20232"}],"wp:featuredmedia":[{"embeddable":true,"href":"https:\/\/mnlr.ro\/en\/wp-json\/wp\/v2\/media\/19759"}],"wp:attachment":[{"href":"https:\/\/mnlr.ro\/en\/wp-json\/wp\/v2\/media?parent=19758"}],"wp:term":[{"taxonomy":"category","embeddable":true,"href":"https:\/\/mnlr.ro\/en\/wp-json\/wp\/v2\/categories?post=19758"},{"taxonomy":"post_tag","embeddable":true,"href":"https:\/\/mnlr.ro\/en\/wp-json\/wp\/v2\/tags?post=19758"}],"curies":[{"name":"wp","href":"https:\/\/api.w.org\/{rel}","templated":true}]}}