{"id":19790,"date":"2021-08-23T19:00:36","date_gmt":"2021-08-23T16:00:36","guid":{"rendered":"https:\/\/mnlr.ro\/?p=19790"},"modified":"2021-08-21T22:35:28","modified_gmt":"2021-08-21T19:35:28","slug":"mini-cafeneaua-critica-58-sebastian-vlad-popa-si-ion-bogdan-lefter","status":"publish","type":"post","link":"https:\/\/mnlr.ro\/en\/mini-cafeneaua-critica-58-sebastian-vlad-popa-si-ion-bogdan-lefter\/","title":{"rendered":"\u201emini-Cafeneaua critic\u0103\u201d #58 | Sebastian-Vlad Popa \u0219i Ion Bogdan Lefter"},"content":{"rendered":"<p>Invitat ast\u0103zi la \u201emini-Cafeneaua critic\u0103\u201d on-line este Sebastian-Vlad Popa, istoric \u0219i critic literar \u0219i teatral, eseist, profesor la Facultatea de Litere, Universitatea Bucure\u0219ti, directorul revistei \u201eInfinitezimal\u201d. Amfitrion:\u00a0 Ion Bogdan Lefter.<\/p>\n<p>\u201eN-am nicio opinie. Nu pot s\u0103 colportez nimic. Sigur c\u0103 da, m\u0103 informez, vreau s\u0103 \u0219tiu, vreau s\u0103 aflu lucruri. Nu \u00eenseamn\u0103 c\u0103 \u0219tiu ceva, c\u0103 am aflat ceva, nu \u00eenseamn\u0103 c\u0103 sunt \u00een posesia unei opinii pe care trebuie s-o lansez c\u0103tre comunit\u0103\u021bile apropiate mie. Habar nu am. Cred \u00een acela\u0219i timp, ca s\u0103-mi justific aceast\u0103 suit\u0103 de \u00abnu\u00bb-uri sau de inabilit\u0103\u021bi pe care mi le-am afirmat, c\u0103 ne afl\u0103m \u00eentr-un moment al istoriei \u00een care cu adev\u0103rat, \u00een mod onest, atunci c\u00e2nd ne confrunt\u0103m cu situa\u021bii de criz\u0103 precum aceasta, c\u0103 ne afl\u0103m pentru prima dat\u0103 \u00een situa\u021bia de a spune c\u0103 nu suntem informa\u021bi. Nu pentru c\u0103 nu ni se livreaz\u0103 informa\u021bie. Informa\u021bie ni se livreaz\u0103 enorm de mult\u0103, dar pentru c\u0103 \u00een mod obiectiv, \u00een mod cinstit \u0219i la dimensiunea con\u0219tiin\u021bei individuale oneste nu putem s\u0103 concoct\u0103m, s\u0103 coacem, s\u0103 dezvolt\u0103m \u0219i s\u0103 l\u0103s\u0103m s\u0103 dospeasc\u0103 cele pe care le afl\u0103m \u00eentr-o informa\u021bie pe care s-o numim adev\u0103r al existen\u021bei noastre. Nu \u0219tiu din ce este compus\u0103 aceast\u0103 criz\u0103. Nu \u0219tiu cum trebuie s\u0103 m\u0103 comport fa\u021b\u0103 de ea\u201d, sus\u021bine Sebastian-Vlad Popa.<\/p>\n<p>\u201eToat\u0103 lumea se pricepe la psihologie \u0219i face psihologie. Cred c\u0103 acesta este primul impact vizibil al \u00eent\u00e2mpl\u0103rii noastre de un an \u0219i jum\u0103tate. Toat\u0103 lumea este obsedat\u0103 de regl\u0103ri psihologice. Trebuie s\u0103 ne repunem \u00een echilibru cu lumea. Repunem. Deci echilibrul a existat, normalitatea a existat, ea trebuie ref\u0103cut\u0103. Nu-mi amintesc ca \u00eenainte de pandemie s\u0103 fi fost invocat\u0103 normalitatea la care trebuie s\u0103 recurgem din nou, la care trebuie s\u0103 ne \u00eentoarcem. E foarte caraghios lucrul acesta. Acum va trebui \u00eens\u0103 s\u0103 ne trat\u0103m cu to\u021bii. Nu \u0219tiu ce urmeaz\u0103. Mie mi-ar pl\u0103cea s\u0103 urmeze rolling paintings, frivolitatea anilor \u201920. Dar ce frivolitate s\u0103 urmeze c\u00e2nd acum suntem instrui\u021bi \u00een leg\u0103tur\u0103 cu cuvintele pe care avem voie sau nu s\u0103 le rostim. A\u0219tept un deceniu de frivolitate, dar o s\u0103 am voie s\u0103 spun prostii, eu care ur\u0103sc s\u0103 spun prostii? Dar ce o s\u0103 se \u00eent\u00e2mple dac\u0103 n-o s\u0103 mai am voie s\u0103 le spun?\u201d, afirm\u0103 Sebastian-Vlad Popa.<\/p>\n<p>\u201emini-Cafeneaua critic\u0103\u201d on-line este realizat\u0103 de criticul Ion Bogdan Lefter, profesor la Facultatea de Litere a Universit\u0103\u021bii din Bucure\u0219ti.<\/p>\n<p>Urm\u0103ri\u021bi \u201emini-Cafeneaua critic\u0103\u201d on-line aici:<\/p>\n<p><iframe loading=\"lazy\" title=\"mini-Cafeneaua critic\u0103 #58 | Sebastian-Vlad Popa \u0219i Ion Bogdan Lefter\" src=\"https:\/\/player.vimeo.com\/video\/589403773?dnt=1&amp;app_id=122963\" width=\"500\" height=\"281\" frameborder=\"0\" allow=\"autoplay; fullscreen; picture-in-picture; clipboard-write\"><\/iframe><\/p>","protected":false},"excerpt":{"rendered":"<p>Invitat ast\u0103zi la \u201emini-Cafeneaua critic\u0103\u201d on-line este Sebastian-Vlad Popa, istoric \u0219i critic literar \u0219i teatral, eseist, profesor la Facultatea de&#8230;<\/p>","protected":false},"author":11,"featured_media":18487,"comment_status":"closed","ping_status":"closed","sticky":false,"template":"","format":"standard","meta":{"_exactmetrics_skip_tracking":false,"_exactmetrics_sitenote_active":false,"_exactmetrics_sitenote_note":"","_exactmetrics_sitenote_category":0,"footnotes":""},"categories":[24,9,52],"tags":[],"class_list":["post-19790","post","type-post","status-publish","format-standard","has-post-thumbnail","hentry","category-dezbateri-culturale","category-evenimente","category-evenimente-on-line"],"_links":{"self":[{"href":"https:\/\/mnlr.ro\/en\/wp-json\/wp\/v2\/posts\/19790","targetHints":{"allow":["GET"]}}],"collection":[{"href":"https:\/\/mnlr.ro\/en\/wp-json\/wp\/v2\/posts"}],"about":[{"href":"https:\/\/mnlr.ro\/en\/wp-json\/wp\/v2\/types\/post"}],"author":[{"embeddable":true,"href":"https:\/\/mnlr.ro\/en\/wp-json\/wp\/v2\/users\/11"}],"replies":[{"embeddable":true,"href":"https:\/\/mnlr.ro\/en\/wp-json\/wp\/v2\/comments?post=19790"}],"version-history":[{"count":1,"href":"https:\/\/mnlr.ro\/en\/wp-json\/wp\/v2\/posts\/19790\/revisions"}],"predecessor-version":[{"id":19791,"href":"https:\/\/mnlr.ro\/en\/wp-json\/wp\/v2\/posts\/19790\/revisions\/19791"}],"wp:featuredmedia":[{"embeddable":true,"href":"https:\/\/mnlr.ro\/en\/wp-json\/wp\/v2\/media\/18487"}],"wp:attachment":[{"href":"https:\/\/mnlr.ro\/en\/wp-json\/wp\/v2\/media?parent=19790"}],"wp:term":[{"taxonomy":"category","embeddable":true,"href":"https:\/\/mnlr.ro\/en\/wp-json\/wp\/v2\/categories?post=19790"},{"taxonomy":"post_tag","embeddable":true,"href":"https:\/\/mnlr.ro\/en\/wp-json\/wp\/v2\/tags?post=19790"}],"curies":[{"name":"wp","href":"https:\/\/api.w.org\/{rel}","templated":true}]}}