{"id":19832,"date":"2021-08-27T17:17:40","date_gmt":"2021-08-27T14:17:40","guid":{"rendered":"https:\/\/mnlr.ro\/?p=19832"},"modified":"2021-09-14T22:16:03","modified_gmt":"2021-09-14T19:16:03","slug":"romanta-regina-inimii-mele-recital-eugenia-moise-niculae","status":"publish","type":"post","link":"https:\/\/mnlr.ro\/en\/romanta-regina-inimii-mele-recital-eugenia-moise-niculae\/","title":{"rendered":"\u201eRoman\u021ba, regina inimii mele\u201d | Recital Eugenia Moise Niculae"},"content":{"rendered":"<p>Muzeul Na\u021bional al Literaturii Rom\u00e2ne v\u0103 invit\u0103 miercuri, 8 septembrie 2021, de la ora 19.00, \u00een Gr\u0103dina MNLR, Str. Nicolae Cre\u021bulescu nr. 8, la recitalul sus\u021binut de Eugenia Moise Niculae, acompaniat\u0103 de Daniel \u0219i Alexandru Nicolae &#8211; \u201eRoman\u021ba, regina inimii mele\u201d.<\/p>\n<p>Absolvent\u0103 a Liceului de Art\u0103 \u201eGeorge Enescu\u201d \u0219i a Facult\u0103\u021bii de Muzic\u0103, Eugenia Moise Niculae s-a n\u0103scut \u00een satul Poiana, jude\u021bul Olt. S-a dedicat c\u00e2ntului popular \u0219i roman\u021belor \u00eempreun\u0103 cu \u00eentreaga familie, at\u00e2t so\u021bul, c\u00e2t \u0219i cei doi fii ai s\u0103i, absolven\u021bi ai Conservatorului, sec\u021bia clarinet. Profesoar\u0103 de muzic\u0103 la Liceul de Educa\u021bie Fizic\u0103 Helmuth Duckadam, a cucerit publicul \u0219i juriile concursurilor la care a participat de-a lungul timpului. C\u00e2\u0219tig\u0103toare a trofeului \u201eCorabia de aur\u201d, a trofeului \u201eNae Leonard\u201d al Festivalului de roman\u021be C\u00e2mpulung Muscel, Locul I la Festivalul \u201ePoveste de toamn\u0103\u201d Baia Mare, a ob\u021binut premii speciale la multe edi\u021bii ale Festivalului Crizantema de aur de la T\u00e2rgovi\u0219te \u0219i, de asemenea, premiul \u201eVoce cu parfum de crizantem\u0103\u201d oferit de soprana Felicia Filip. \u00cen 2013, a \u00eenregistrat \u00eempreun\u0103 cu soprana Angela Gheorghiu \u0219i Orchestra Simfonic\u0103 a Radiodifuziunii Rom\u00e2ne cea mai cunoscut\u0103 roman\u021b\u0103 rom\u00e2neasc\u0103 \u201eCiob\u0103na\u0219 cu trei sute de oi\u201d. Prietene din timpul liceului, vocile lor s-au \u00eempletit divin, \u00eenregistr\u00e2nd o variant\u0103 de o mare frumuse\u021be a acestei minunate piese.<\/p>\n<p>\u201eM-am n\u0103scut cu c\u00e2ntecul \u00een suflet, iar roman\u021ba pentru mine este puterea de a m\u0103 exprima \u0219i c\u00e2nta iubirea, fiindc\u0103 poart\u0103 \u00een ea dorul nemai\u00eent\u00e2lnit pe alte meleaguri. Roman\u021ba este, pentru mine, melodie izvor\u00e2t\u0103 din doinele \u0219i baladele noastre str\u0103bune, este poezie de dragoste, dar \u0219i pastel de versuri generoase \u0219i muzicale\u201d, m\u0103rturise\u0219te Eugenia Moise Niculae.<\/p>\n<p>Printre roman\u021bele ce vor putea fi ascultate \u00een cadrul recitalului din Gr\u0103dina MNLR se num\u0103r\u0103 \u0219i \u201eCar frumos cu patru boi\u201d, \u201eN-ai s\u0103 \u0219tii niciodat\u0103\u201d, \u201e\u0218i \u00een chio\u0219c fanfara c\u00e2nta\u201d, \u201eMi-e dor\u2026\u201d, \u201eC\u00e2nd eram copii odat\u0103\u2026\u201d, \u201eDest\u0103inuire\u201d, \u201eDeschide, deschide fereastra!\u201d, \u201eLa c\u0103su\u021ba alb\u0103\u201d, \u201eZaraza\u201d, \u201eDor (Dor de p\u0103rin\u021bi)\u201d, \u201eDoar amintirile revin\u201d.<\/p>\n<p>Intrarea este liber\u0103, iar accesul la eveniment se va face \u00een limita locurilor permise de situa\u021bia pandemic\u0103.<\/p>\n<p>Parteneri media: Radio Rom\u00e2nia Cultural, Agerpres, Zile \u0219i Nop\u021bi, Observator cultural, Agen\u021bia de Carte, IQool, Contemporanul, Modernism, Radio Trinitas, Ordinea Zilei, Revista de cultur\u0103 Familia.<\/p>\n<p>Credit foto: Dan Vatamaniuc<\/p>\n<p>Filmare \u0219i montaj: Alex Ursu<\/p>\n<p><iframe loading=\"lazy\" title=\"\u201eRoman\u021ba, regina inimii mele\u201d | Recital Eugenia Moise Niculae\" width=\"500\" height=\"281\" src=\"https:\/\/www.youtube.com\/embed\/tJu9dH8amaQ?feature=oembed\" frameborder=\"0\" allow=\"accelerometer; autoplay; clipboard-write; encrypted-media; gyroscope; picture-in-picture; web-share\" referrerpolicy=\"strict-origin-when-cross-origin\" allowfullscreen><\/iframe><\/p>","protected":false},"excerpt":{"rendered":"<p>Muzeul Na\u021bional al Literaturii Rom\u00e2ne v\u0103 invit\u0103 miercuri, 8 septembrie 2021, de la ora 19.00, \u00een Gr\u0103dina MNLR, Str. Nicolae&#8230;<\/p>","protected":false},"author":11,"featured_media":19833,"comment_status":"closed","ping_status":"closed","sticky":false,"template":"","format":"standard","meta":{"_exactmetrics_skip_tracking":false,"_exactmetrics_sitenote_active":false,"_exactmetrics_sitenote_note":"","_exactmetrics_sitenote_category":0,"footnotes":""},"categories":[27,9],"tags":[],"class_list":["post-19832","post","type-post","status-publish","format-standard","has-post-thumbnail","hentry","category-concerte-de-muzica","category-evenimente"],"_links":{"self":[{"href":"https:\/\/mnlr.ro\/en\/wp-json\/wp\/v2\/posts\/19832","targetHints":{"allow":["GET"]}}],"collection":[{"href":"https:\/\/mnlr.ro\/en\/wp-json\/wp\/v2\/posts"}],"about":[{"href":"https:\/\/mnlr.ro\/en\/wp-json\/wp\/v2\/types\/post"}],"author":[{"embeddable":true,"href":"https:\/\/mnlr.ro\/en\/wp-json\/wp\/v2\/users\/11"}],"replies":[{"embeddable":true,"href":"https:\/\/mnlr.ro\/en\/wp-json\/wp\/v2\/comments?post=19832"}],"version-history":[{"count":3,"href":"https:\/\/mnlr.ro\/en\/wp-json\/wp\/v2\/posts\/19832\/revisions"}],"predecessor-version":[{"id":20124,"href":"https:\/\/mnlr.ro\/en\/wp-json\/wp\/v2\/posts\/19832\/revisions\/20124"}],"wp:featuredmedia":[{"embeddable":true,"href":"https:\/\/mnlr.ro\/en\/wp-json\/wp\/v2\/media\/19833"}],"wp:attachment":[{"href":"https:\/\/mnlr.ro\/en\/wp-json\/wp\/v2\/media?parent=19832"}],"wp:term":[{"taxonomy":"category","embeddable":true,"href":"https:\/\/mnlr.ro\/en\/wp-json\/wp\/v2\/categories?post=19832"},{"taxonomy":"post_tag","embeddable":true,"href":"https:\/\/mnlr.ro\/en\/wp-json\/wp\/v2\/tags?post=19832"}],"curies":[{"name":"wp","href":"https:\/\/api.w.org\/{rel}","templated":true}]}}