{"id":19841,"date":"2021-08-30T11:37:04","date_gmt":"2021-08-30T08:37:04","guid":{"rendered":"https:\/\/mnlr.ro\/?p=19841"},"modified":"2021-08-30T11:37:04","modified_gmt":"2021-08-30T08:37:04","slug":"expozitia-cioranescu-va-fi-inchisa-in-perioada-01-17-septembrie-2021","status":"publish","type":"post","link":"https:\/\/mnlr.ro\/en\/expozitia-cioranescu-va-fi-inchisa-in-perioada-01-17-septembrie-2021\/","title":{"rendered":"EXPOZI\u021aIA \u201eCIOR\u0102NESCU\u201d VA FI \u00ceNCHIS\u0102 \u00ceN PERIOADA 01 \u2013 17 septembrie 2021"},"content":{"rendered":"<p>\u00cen perioada 01 \u2013 17 septembrie 2021 \u00a0EXPOZI\u021aIA \u201eCIOR\u0102NESCU\u201d &#8211; Comuna Moroieni, Jude\u0163ul D\u00e2mbovi\u0163a va fi \u00eenchis\u0103.<\/p>\n<p>V\u0103 a\u0219tept\u0103m s\u0103 vizita\u021bi \u00een continuare celelalte expozi\u021bii permanente \u0219i temporare deschise, despre care v\u0103 pute\u021bi informa pentru \u00eenceput pe website-ul nostru: www.mnlr.ro.<\/p>","protected":false},"excerpt":{"rendered":"<p>\u00cen perioada 01 \u2013 17 septembrie 2021 \u00a0EXPOZI\u021aIA \u201eCIOR\u0102NESCU\u201d &#8211; Comuna Moroieni, Jude\u0163ul D\u00e2mbovi\u0163a va fi \u00eenchis\u0103. V\u0103 a\u0219tept\u0103m s\u0103&#8230;<\/p>","protected":false},"author":8,"featured_media":19842,"comment_status":"closed","ping_status":"closed","sticky":false,"template":"","format":"standard","meta":{"_exactmetrics_skip_tracking":false,"_exactmetrics_sitenote_active":false,"_exactmetrics_sitenote_note":"","_exactmetrics_sitenote_category":0,"footnotes":""},"categories":[13,9],"tags":[],"class_list":["post-19841","post","type-post","status-publish","format-standard","has-post-thumbnail","hentry","category-anunturi","category-evenimente"],"_links":{"self":[{"href":"https:\/\/mnlr.ro\/en\/wp-json\/wp\/v2\/posts\/19841","targetHints":{"allow":["GET"]}}],"collection":[{"href":"https:\/\/mnlr.ro\/en\/wp-json\/wp\/v2\/posts"}],"about":[{"href":"https:\/\/mnlr.ro\/en\/wp-json\/wp\/v2\/types\/post"}],"author":[{"embeddable":true,"href":"https:\/\/mnlr.ro\/en\/wp-json\/wp\/v2\/users\/8"}],"replies":[{"embeddable":true,"href":"https:\/\/mnlr.ro\/en\/wp-json\/wp\/v2\/comments?post=19841"}],"version-history":[{"count":1,"href":"https:\/\/mnlr.ro\/en\/wp-json\/wp\/v2\/posts\/19841\/revisions"}],"predecessor-version":[{"id":19843,"href":"https:\/\/mnlr.ro\/en\/wp-json\/wp\/v2\/posts\/19841\/revisions\/19843"}],"wp:featuredmedia":[{"embeddable":true,"href":"https:\/\/mnlr.ro\/en\/wp-json\/wp\/v2\/media\/19842"}],"wp:attachment":[{"href":"https:\/\/mnlr.ro\/en\/wp-json\/wp\/v2\/media?parent=19841"}],"wp:term":[{"taxonomy":"category","embeddable":true,"href":"https:\/\/mnlr.ro\/en\/wp-json\/wp\/v2\/categories?post=19841"},{"taxonomy":"post_tag","embeddable":true,"href":"https:\/\/mnlr.ro\/en\/wp-json\/wp\/v2\/tags?post=19841"}],"curies":[{"name":"wp","href":"https:\/\/api.w.org\/{rel}","templated":true}]}}